{"id":5807,"date":"2021-01-11T09:36:24","date_gmt":"2021-01-11T09:36:24","guid":{"rendered":"https:\/\/twojlekarz.net.pl\/?p=5807"},"modified":"2021-12-21T21:41:53","modified_gmt":"2021-12-21T21:41:53","slug":"szczepienia-przeciw-covid-19-w-pytaniach-i-odpowiedziach","status":"publish","type":"post","link":"https:\/\/twojlekarz.net\/de\/szczepienia-przeciw-covid-19-w-pytaniach-i-odpowiedziach\/","title":{"rendered":"Covid-19-Impfungen in Fragen und Antworten"},"content":{"rendered":"<p><strong>Weltweit wird gegen SARS-CoV2 geimpft. Experten betonen, dass eine fl\u00e4chendeckende Impfung der einzige Weg sei, das Virus zu stoppen, Tausende Menschenleben zu retten und zu einem normalen gesellschaftlichen und wirtschaftlichen Leben zur\u00fcckzukehren. Das Thema Impfungen st\u00f6\u00dft auf gro\u00dfes Interesse, deshalb beantworten wir systematisch die h\u00e4ufigsten Fragen unserer Patienten. &nbsp;<\/strong><\/p>\n\n\n\n<h2 class=\"wp-block-heading\"><strong>Wann werden wir geimpft und welche Kriterien gelten, um zu einem bestimmten Termin die Impfung zu erhalten?<\/strong><\/h2>\n\n\n\n<p>Die Antwort auf diese Frage h\u00e4ngt vom Alter der Patienten und ihrer Zugeh\u00f6rigkeit zu den im Nationalen Impfprogramm enthaltenen Gruppen ab. Das Pr\u00e4parat wird in folgender Reihenfolge verabreicht:<\/p>\n\n\n<h2><strong>Derzeit werden in der Phase \u201eNull\u201c die Besch\u00e4ftigten im Gesundheitswesen geimpft, also Mitarbeiter von:<\/strong><\/h2>\n<ul>\n<li>Knotenkrankenh\u00e4user,<\/li>\n<li>Einrichtungen, die medizinische T\u00e4tigkeiten aus\u00fcben, einschlie\u00dflich sanit\u00e4rer und epidemiologischer Stationen,<\/li>\n<li>Sozialhilfeheime und Mitarbeiter der st\u00e4dtischen Sozialhilfezentren,<\/li>\n<li>Apotheken, Apothekenstellen, Versorgungsstellen f\u00fcr medizinische Produkte, Pharmagro\u00dfh\u00e4ndler, einschlie\u00dflich Unternehmen, die Arzneimittel transportieren,<\/li>\n<li>Medizinische Universit\u00e4ten (einschlie\u00dflich Medizinstudenten).<\/li>\n<\/ul>\n<h2>Zur Gruppe \u201eNull\u201c geh\u00f6ren au\u00dferdem:<\/h2>\n<ul>\n<li>nicht\u00e4rztliches Personal, das in den oben genannten Einrichtungen t\u00e4tig ist, d. h. Verwaltungs- und Hilfspersonal \u2013 unabh\u00e4ngig von der Besch\u00e4ftigungsform (einschlie\u00dflich Freiwilliger und Praktikanten),<\/li>\n<li>Mitarbeiter von Unternehmen, die mit einer medizinischen Einrichtung zusammenarbeiten und dort ihren st\u00e4ndigen Wohnsitz haben,<\/li>\n<li>Eltern von Fr\u00fchgeborenen.<\/li>\n<\/ul>\n\n\n<h2 class=\"wp-block-heading\">In den n\u00e4chsten Schritten werden folgende Personen geimpft:<\/h2>\n\n\n\n<p><strong>Stufe 1<\/strong>: Bewohner von Sozialf\u00fcrsorgeheimen und Pflege- und Behandlungseinrichtungen, Pflege- und Betreuungseinrichtungen und anderen Orten des station\u00e4ren Aufenthalts, Senioren \u2013 Personen \u00fcber 60 Jahre in der Reihenfolge der \u00c4ltesten, uniformierte Dienste, einschlie\u00dflich der polnischen Armee, Lehrer;<\/p>\n\n\n\n<p><strong>Stufe 2<\/strong>: Personen unter 60 Jahren mit chronischen Erkrankungen, die das Risiko eines schweren Verlaufs von COVID-19 erh\u00f6hen, oder w\u00e4hrend der Diagnose und Behandlung, die einen wiederholten oder kontinuierlichen Kontakt mit Gesundheitseinrichtungen erfordern, Personen, die unmittelbar f\u00fcr das Funktionieren der grundlegenden Aktivit\u00e4ten des Staates sorgen und aufgrund h\u00e4ufiger sozialer Kontakte einer Infektion ausgesetzt sind;<\/p>\n\n\n\n<p><strong>Stufe 3<\/strong>: Unternehmer und Arbeitnehmer geschlossener Sektoren im Rahmen von Verordnungen \u00fcber die Festlegung bestimmter Beschr\u00e4nkungen, Anordnungen und Verbote im Zusammenhang mit dem Auftreten einer Epidemie. Dar\u00fcber hinaus wird eine fl\u00e4chendeckende Impfung der \u00fcbrigen erwachsenen Bev\u00f6lkerung durchgef\u00fchrt.<\/p>\n\n\n\n<p>Quelle: <strong><a href=\"http:\/\/www.gov.pl\/szczepimysie\">www.gov.pl\/szczepimysie<\/a><\/strong><\/p>\n\n\n\n<div style=\"height:71px\" aria-hidden=\"true\" class=\"wp-block-spacer\"><\/div>\n\n\n\n<h2 class=\"wp-block-heading\"><strong>Wann beginnt NZOZ Your Doctor mit Impfungen in der Gemeinde Kobierzyce?<\/strong><\/h2>\n\n\n\n<p>Die Impfungen bei NZOZ werden von Ihrem Arzt gem\u00e4\u00df dem im Nationalen Impfprogramm aufgef\u00fchrten Zeitplan durchgef\u00fchrt. Am 25. Januar soll mit der Impfung der Personen der Gruppe 1 begonnen werden, beginnend mit den Senioren, und zwar in altersgeordneter Reihenfolge. Die Geschwindigkeit der Impfkampagne wird von der Gr\u00f6\u00dfe des Impfstoffvorrats abh\u00e4ngen.&nbsp;<\/p>\n\n\n\n<p>Personen, die zuvor eine Erkl\u00e4rung zur Impfbereitschaft in unseren Kliniken abgegeben haben, werden auf dieser Grundlage registriert und \u00fcber den Impftermin informiert. Die Aufgabe der verbleibenden Senioren besteht darin, sich \u00fcber die Hotline 989 oder \u00fcber das Callcenter von NZOZ Tw\u00f3j Lekarz f\u00fcr die Impfung anzumelden <strong>71 311 12 36<\/strong>.<\/p>\n\n\n\n<div style=\"height:41px\" aria-hidden=\"true\" class=\"wp-block-spacer\"><\/div>\n\n\n\n<h2 class=\"wp-block-heading\"><strong>Wie steht es mit der Impfung von Lehrern?<\/strong><\/h2>\n\n\n\n<p>In der ersten Gruppe werden Lehrer geimpft, zu der auch Senioren und uniformierte Dienste geh\u00f6ren.<\/p>\n\n\n\n<div style=\"height:16px\" aria-hidden=\"true\" class=\"wp-block-spacer\"><\/div>\n\n\n\n<h2 class=\"wp-block-heading\"><strong>In welchen NZOZ Your Doctor-Einheiten werden Impfungen durchgef\u00fchrt?<\/strong><\/h2>\n\n\n\n<p>Die von NZOZ Tw\u00f3j Lekarz durchgef\u00fchrten Impfungen finden in vom Nationalen Gesundheitsfonds zugelassenen Zentren statt<strong>: in der Kobierzyce-Stra\u00dfe. Witosa 5, in der Tyniec Ma\u0142y ul. Zdrowa 2, in der \u015al\u0119za-Stra\u00dfe. Przystankowa 2, und auch in Breslau \u2013 ul. Zwyci\u0119ska 41, ul. Skarbowc\u00f3w 121\/123, ul. Kunicki 37A<\/strong>.<\/p>\n\n\n\n<p><\/p>\n\n\n\n<figure class=\"wp-block-image size-large is-resized\"><img data-recalc-dims=\"1\" loading=\"lazy\" decoding=\"async\" src=\"https:\/\/i0.wp.com\/twojlekarz.net\/wp-content\/uploads\/2_1-1.png?resize=403%2C504&#038;ssl=1\" alt=\"\" class=\"wp-image-5802\" width=\"403\" height=\"504\" srcset=\"https:\/\/i0.wp.com\/twojlekarz.net\/wp-content\/uploads\/2_1-1.png?w=800&amp;ssl=1 800w, https:\/\/i0.wp.com\/twojlekarz.net\/wp-content\/uploads\/2_1-1.png?resize=240%2C300&amp;ssl=1 240w, https:\/\/i0.wp.com\/twojlekarz.net\/wp-content\/uploads\/2_1-1.png?resize=768%2C960&amp;ssl=1 768w\" sizes=\"auto, (max-width: 403px) 100vw, 403px\" \/><\/figure>\n\n\n\n<div style=\"height:26px\" aria-hidden=\"true\" class=\"wp-block-spacer\"><\/div>\n\n\n\n<h2 class=\"wp-block-heading\"><strong>Wer wird in den NZOZ Your Doctor-Kliniken geimpft? Muss man Ihr Patient sein, um sich f\u00fcr die Impfung anzumelden?<\/strong><\/h2>\n\n\n\n<p>In den Kliniken von NZOZ Tw\u00f3j Lekarz k\u00f6nnen sich alle Interessierten zu den im Nationalen Impfprogramm f\u00fcr die einzelnen Gruppen vorgesehenen Terminen impfen lassen. Sie m\u00fcssen kein Stammpatient unserer Kliniken sein, um sich zur Impfung anzumelden.<\/p>\n\n\n\n<div style=\"height:43px\" aria-hidden=\"true\" class=\"wp-block-spacer\"><\/div>\n\n\n\n<h2 class=\"wp-block-heading\"><strong>Wie werden die Patienten von NZOZ Your Doctor \u00fcber Ort und Datum der Impfung informiert?<\/strong><\/h2>\n\n\n\n<p>\u00dcber Ort und Termin der Impfung informieren wir den Patienten unter der in der medizinischen Dokumentation bzw. bei der Anmeldung angegebenen Kontaktnummer. &nbsp;<\/p>\n\n\n\n<div style=\"height:35px\" aria-hidden=\"true\" class=\"wp-block-spacer\"><\/div>\n\n\n\n<h2 class=\"wp-block-heading\"><strong>Wie werden die Patienten von NZOZ Your Doctor \u00fcber Ort und Datum der Impfung informiert?<\/strong><\/h2>\n\n\n\n<p>\u00dcber Ort und Termin der Impfung informieren wir den Patienten unter der in der medizinischen Dokumentation angegebenen Kontaktnummer.<\/p>\n\n\n\n<div style=\"height:30px\" aria-hidden=\"true\" class=\"wp-block-spacer\"><\/div>\n\n\n\n<h2 class=\"wp-block-heading\"><strong>Welches Pr\u00e4parat wird den Patienten verabreicht?<\/strong><\/h2>\n\n\n\n<p>Die Impfungen im NZOZ Tw\u00f3j Lekarz werden mit Pr\u00e4paraten durchgef\u00fchrt, die den Gesundheitseinrichtungen von der Agentur f\u00fcr Materialreserven zur Umsetzung des Nationalen Impfprogramms geliefert werden.  Derzeit ist die Hauptvorbereitung der Impfstoff <strong>Komornaten von Pfizer und BioNTech<\/strong>. Auch mit Auslieferungen der Impfstoffe des Unternehmens ist in naher Zukunft zu rechnen. <strong>Modern.<\/strong><\/p>\n\n\n\n<p>Zahlreiche Fragen und Antworten zur Impfung gegen COVID-19 finden Sie hier <strong><a href=\"https:\/\/www.gov.pl\/web\/szczepimysie\/pytania-i-odpowiedzi\">https:\/\/www.gov.pl\/web\/szczepimysie\/pytania-i-odpowiedzi<\/a><\/strong><\/p>","protected":false},"excerpt":{"rendered":"<p>Weltweit wird gegen SARS-CoV2 geimpft. Experten betonen, dass eine universelle Impfung der einzige Weg ist, das Virus zu stoppen, Tausende von Menschenleben zu retten und zum normalen sozialen und wirtschaftlichen Leben zur\u00fcckzukehren. Impfungen sto\u00dfen auf gro\u00dfes Interesse, weshalb wir systematisch die am h\u00e4ufigsten gestellten Fragen unserer Patienten beantworten. <\/p>","protected":false},"author":9,"featured_media":5682,"comment_status":"closed","ping_status":"closed","sticky":false,"template":"","format":"standard","meta":{"_jetpack_memberships_contains_paid_content":false,"footnotes":"","_wp_rev_ctl_limit":""},"categories":[90],"tags":[],"class_list":["post-5807","post","type-post","status-publish","format-standard","has-post-thumbnail","hentry","category-s1-aktualnoci"],"yoast_head":"<!-- This site is optimized with the Yoast SEO plugin v27.3 - https:\/\/yoast.com\/product\/yoast-seo-wordpress\/ -->\n<title>Szczepienia przeciw covid-19 w pytaniach i odpowiedziach - Przychodnia NZOZ &quot;Tw\u00f3j Lekarz&quot; sp. z o.o.<\/title>\n<meta name=\"robots\" content=\"index, follow, max-snippet:-1, max-image-preview:large, max-video-preview:-1\" \/>\n<link rel=\"canonical\" href=\"https:\/\/twojlekarz.net\/de\/szczepienia-przeciw-covid-19-w-pytaniach-i-odpowiedziach\/\" \/>\n<meta property=\"og:locale\" content=\"de_DE\" \/>\n<meta property=\"og:type\" content=\"article\" \/>\n<meta property=\"og:title\" content=\"Szczepienia przeciw covid-19 w pytaniach i odpowiedziach - Przychodnia NZOZ &quot;Tw\u00f3j Lekarz&quot; sp. z o.o.\" \/>\n<meta property=\"og:description\" content=\"\u015awiat szczepi si\u0119 przeciw SARS-CoV2. Specjali\u015bci podkre\u015blaj\u0105, \u017ce powszechne szczepienia to jedyna mo\u017cliwo\u015b\u0107 powstrzymania wirusa, uratowania tysi\u0119cy ludzkich istnie\u0144 oraz powrotu do normalnego \u017cycia spo\u0142ecznego i gospodarczego. Szczepienia budz\u0105 du\u017ce zainteresowanie, dlatego systematycznie odpowiadamy na najcz\u0119\u015bciej zadawane przez naszych Pacjent\u00f3w pytania\" \/>\n<meta property=\"og:url\" content=\"https:\/\/twojlekarz.net\/de\/szczepienia-przeciw-covid-19-w-pytaniach-i-odpowiedziach\/\" \/>\n<meta property=\"og:site_name\" content=\"Przychodnia NZOZ &quot;Tw\u00f3j Lekarz&quot; sp. z o.o.\" \/>\n<meta property=\"article:publisher\" content=\"https:\/\/www.facebook.com\/NZOZTwojLekarz\/\" \/>\n<meta property=\"article:published_time\" content=\"2021-01-11T09:36:24+00:00\" \/>\n<meta property=\"article:modified_time\" content=\"2021-12-21T21:41:53+00:00\" \/>\n<meta property=\"og:image\" content=\"https:\/\/twojlekarz.net\/wp-content\/uploads\/pneumonoki.png\" \/>\n\t<meta property=\"og:image:width\" content=\"1080\" \/>\n\t<meta property=\"og:image:height\" content=\"1080\" \/>\n\t<meta property=\"og:image:type\" content=\"image\/png\" \/>\n<meta name=\"author\" content=\"NZOZ &quot;Tw\u00f3j Lekarz&quot;\" \/>\n<meta name=\"twitter:card\" content=\"summary_large_image\" \/>\n<meta name=\"twitter:label1\" content=\"Verfasst von\" \/>\n\t<meta name=\"twitter:data1\" content=\"NZOZ &quot;Tw\u00f3j Lekarz&quot;\" \/>\n\t<meta name=\"twitter:label2\" content=\"Gesch\u00e4tzte Lesezeit\" \/>\n\t<meta name=\"twitter:data2\" content=\"4\u00a0Minuten\" \/>\n<script type=\"application\/ld+json\" class=\"yoast-schema-graph\">{\"@context\":\"https:\\\/\\\/schema.org\",\"@graph\":[{\"@type\":\"Article\",\"@id\":\"https:\\\/\\\/twojlekarz.net\\\/szczepienia-przeciw-covid-19-w-pytaniach-i-odpowiedziach\\\/#article\",\"isPartOf\":{\"@id\":\"https:\\\/\\\/twojlekarz.net\\\/szczepienia-przeciw-covid-19-w-pytaniach-i-odpowiedziach\\\/\"},\"author\":{\"name\":\"NZOZ \\\"Tw\u00f3j Lekarz\\\"\",\"@id\":\"https:\\\/\\\/twojlekarz.net\\\/#\\\/schema\\\/person\\\/4872e4157107aad4013c32ac52a4b9b4\"},\"headline\":\"Szczepienia przeciw covid-19 w pytaniach i odpowiedziach\",\"datePublished\":\"2021-01-11T09:36:24+00:00\",\"dateModified\":\"2021-12-21T21:41:53+00:00\",\"mainEntityOfPage\":{\"@id\":\"https:\\\/\\\/twojlekarz.net\\\/szczepienia-przeciw-covid-19-w-pytaniach-i-odpowiedziach\\\/\"},\"wordCount\":785,\"publisher\":{\"@id\":\"https:\\\/\\\/twojlekarz.net\\\/#organization\"},\"image\":{\"@id\":\"https:\\\/\\\/twojlekarz.net\\\/szczepienia-przeciw-covid-19-w-pytaniach-i-odpowiedziach\\\/#primaryimage\"},\"thumbnailUrl\":\"https:\\\/\\\/i0.wp.com\\\/twojlekarz.net\\\/wp-content\\\/uploads\\\/pneumonoki.png?fit=1080%2C1080&ssl=1\",\"articleSection\":[\"Aktualno\u015bci\"],\"inLanguage\":\"de\"},{\"@type\":\"WebPage\",\"@id\":\"https:\\\/\\\/twojlekarz.net\\\/szczepienia-przeciw-covid-19-w-pytaniach-i-odpowiedziach\\\/\",\"url\":\"https:\\\/\\\/twojlekarz.net\\\/szczepienia-przeciw-covid-19-w-pytaniach-i-odpowiedziach\\\/\",\"name\":\"Szczepienia przeciw covid-19 w pytaniach i odpowiedziach - Przychodnia NZOZ &quot;Tw\u00f3j Lekarz&quot; sp. z o.o.\",\"isPartOf\":{\"@id\":\"https:\\\/\\\/twojlekarz.net\\\/#website\"},\"primaryImageOfPage\":{\"@id\":\"https:\\\/\\\/twojlekarz.net\\\/szczepienia-przeciw-covid-19-w-pytaniach-i-odpowiedziach\\\/#primaryimage\"},\"image\":{\"@id\":\"https:\\\/\\\/twojlekarz.net\\\/szczepienia-przeciw-covid-19-w-pytaniach-i-odpowiedziach\\\/#primaryimage\"},\"thumbnailUrl\":\"https:\\\/\\\/i0.wp.com\\\/twojlekarz.net\\\/wp-content\\\/uploads\\\/pneumonoki.png?fit=1080%2C1080&ssl=1\",\"datePublished\":\"2021-01-11T09:36:24+00:00\",\"dateModified\":\"2021-12-21T21:41:53+00:00\",\"breadcrumb\":{\"@id\":\"https:\\\/\\\/twojlekarz.net\\\/szczepienia-przeciw-covid-19-w-pytaniach-i-odpowiedziach\\\/#breadcrumb\"},\"inLanguage\":\"de\",\"potentialAction\":[{\"@type\":\"ReadAction\",\"target\":[\"https:\\\/\\\/twojlekarz.net\\\/szczepienia-przeciw-covid-19-w-pytaniach-i-odpowiedziach\\\/\"]}]},{\"@type\":\"ImageObject\",\"inLanguage\":\"de\",\"@id\":\"https:\\\/\\\/twojlekarz.net\\\/szczepienia-przeciw-covid-19-w-pytaniach-i-odpowiedziach\\\/#primaryimage\",\"url\":\"https:\\\/\\\/i0.wp.com\\\/twojlekarz.net\\\/wp-content\\\/uploads\\\/pneumonoki.png?fit=1080%2C1080&ssl=1\",\"contentUrl\":\"https:\\\/\\\/i0.wp.com\\\/twojlekarz.net\\\/wp-content\\\/uploads\\\/pneumonoki.png?fit=1080%2C1080&ssl=1\",\"width\":1080,\"height\":1080,\"caption\":\"pneumonoki\"},{\"@type\":\"BreadcrumbList\",\"@id\":\"https:\\\/\\\/twojlekarz.net\\\/szczepienia-przeciw-covid-19-w-pytaniach-i-odpowiedziach\\\/#breadcrumb\",\"itemListElement\":[{\"@type\":\"ListItem\",\"position\":1,\"name\":\"Strona g\u0142\u00f3wna\",\"item\":\"https:\\\/\\\/twojlekarz.net\\\/\"},{\"@type\":\"ListItem\",\"position\":2,\"name\":\"Szczepienia przeciw covid-19 w pytaniach i odpowiedziach\"}]},{\"@type\":\"WebSite\",\"@id\":\"https:\\\/\\\/twojlekarz.net\\\/#website\",\"url\":\"https:\\\/\\\/twojlekarz.net\\\/\",\"name\":\"Przychodnia NZOZ \\\"Tw\u00f3j Lekarz\\\" sp. z o.o.\",\"description\":\"\",\"publisher\":{\"@id\":\"https:\\\/\\\/twojlekarz.net\\\/#organization\"},\"potentialAction\":[{\"@type\":\"SearchAction\",\"target\":{\"@type\":\"EntryPoint\",\"urlTemplate\":\"https:\\\/\\\/twojlekarz.net\\\/?s={search_term_string}\"},\"query-input\":{\"@type\":\"PropertyValueSpecification\",\"valueRequired\":true,\"valueName\":\"search_term_string\"}}],\"inLanguage\":\"de\"},{\"@type\":\"Organization\",\"@id\":\"https:\\\/\\\/twojlekarz.net\\\/#organization\",\"name\":\"Przychodnia NZOZ \\\"Tw\u00f3j Lekarz\\\" sp. z o.o.\",\"url\":\"https:\\\/\\\/twojlekarz.net\\\/\",\"logo\":{\"@type\":\"ImageObject\",\"inLanguage\":\"de\",\"@id\":\"https:\\\/\\\/twojlekarz.net\\\/#\\\/schema\\\/logo\\\/image\\\/\",\"url\":\"https:\\\/\\\/i0.wp.com\\\/twojlekarz.net\\\/wp-content\\\/uploads\\\/twoj-lekarz-logo2-e1448917738554.jpg?fit=200%2C71&ssl=1\",\"contentUrl\":\"https:\\\/\\\/i0.wp.com\\\/twojlekarz.net\\\/wp-content\\\/uploads\\\/twoj-lekarz-logo2-e1448917738554.jpg?fit=200%2C71&ssl=1\",\"width\":200,\"height\":71,\"caption\":\"Przychodnia NZOZ \\\"Tw\u00f3j Lekarz\\\" sp. z o.o.\"},\"image\":{\"@id\":\"https:\\\/\\\/twojlekarz.net\\\/#\\\/schema\\\/logo\\\/image\\\/\"},\"sameAs\":[\"https:\\\/\\\/www.facebook.com\\\/NZOZTwojLekarz\\\/\"]},{\"@type\":\"Person\",\"@id\":\"https:\\\/\\\/twojlekarz.net\\\/#\\\/schema\\\/person\\\/4872e4157107aad4013c32ac52a4b9b4\",\"name\":\"NZOZ \\\"Tw\u00f3j Lekarz\\\"\",\"image\":{\"@type\":\"ImageObject\",\"inLanguage\":\"de\",\"@id\":\"https:\\\/\\\/secure.gravatar.com\\\/avatar\\\/9465837260f6ae13894c21dc64ea0fd37fae2ef5730310619b4823c3909befd4?s=96&d=mm&r=g\",\"url\":\"https:\\\/\\\/secure.gravatar.com\\\/avatar\\\/9465837260f6ae13894c21dc64ea0fd37fae2ef5730310619b4823c3909befd4?s=96&d=mm&r=g\",\"contentUrl\":\"https:\\\/\\\/secure.gravatar.com\\\/avatar\\\/9465837260f6ae13894c21dc64ea0fd37fae2ef5730310619b4823c3909befd4?s=96&d=mm&r=g\",\"caption\":\"NZOZ \\\"Tw\u00f3j Lekarz\\\"\"},\"url\":\"https:\\\/\\\/twojlekarz.net\\\/de\\\/author\\\/twojlekarz\\\/\"}]}<\/script>\n<!-- \/ Yoast SEO plugin. -->","yoast_head_json":{"title":"Impfungen gegen Covid-19 in Fragen und Antworten - NZOZ Klinik \u201eTw\u00f3j Lekarz\u201c sp. z o. O.","robots":{"index":"index","follow":"follow","max-snippet":"max-snippet:-1","max-image-preview":"max-image-preview:large","max-video-preview":"max-video-preview:-1"},"canonical":"https:\/\/twojlekarz.net\/de\/szczepienia-przeciw-covid-19-w-pytaniach-i-odpowiedziach\/","og_locale":"de_DE","og_type":"article","og_title":"Szczepienia przeciw covid-19 w pytaniach i odpowiedziach - Przychodnia NZOZ &quot;Tw\u00f3j Lekarz&quot; sp. z o.o.","og_description":"\u015awiat szczepi si\u0119 przeciw SARS-CoV2. Specjali\u015bci podkre\u015blaj\u0105, \u017ce powszechne szczepienia to jedyna mo\u017cliwo\u015b\u0107 powstrzymania wirusa, uratowania tysi\u0119cy ludzkich istnie\u0144 oraz powrotu do normalnego \u017cycia spo\u0142ecznego i gospodarczego. Szczepienia budz\u0105 du\u017ce zainteresowanie, dlatego systematycznie odpowiadamy na najcz\u0119\u015bciej zadawane przez naszych Pacjent\u00f3w pytania","og_url":"https:\/\/twojlekarz.net\/de\/szczepienia-przeciw-covid-19-w-pytaniach-i-odpowiedziach\/","og_site_name":"Przychodnia NZOZ &quot;Tw\u00f3j Lekarz&quot; sp. z o.o.","article_publisher":"https:\/\/www.facebook.com\/NZOZTwojLekarz\/","article_published_time":"2021-01-11T09:36:24+00:00","article_modified_time":"2021-12-21T21:41:53+00:00","og_image":[{"width":1080,"height":1080,"url":"https:\/\/twojlekarz.net\/wp-content\/uploads\/pneumonoki.png","type":"image\/png"}],"author":"NZOZ \"Tw\u00f3j Lekarz\"","twitter_card":"summary_large_image","twitter_misc":{"Verfasst von":"NZOZ \"Tw\u00f3j Lekarz\"","Gesch\u00e4tzte Lesezeit":"4\u00a0Minuten"},"schema":{"@context":"https:\/\/schema.org","@graph":[{"@type":"Article","@id":"https:\/\/twojlekarz.net\/szczepienia-przeciw-covid-19-w-pytaniach-i-odpowiedziach\/#article","isPartOf":{"@id":"https:\/\/twojlekarz.net\/szczepienia-przeciw-covid-19-w-pytaniach-i-odpowiedziach\/"},"author":{"name":"NZOZ \"Tw\u00f3j Lekarz\"","@id":"https:\/\/twojlekarz.net\/#\/schema\/person\/4872e4157107aad4013c32ac52a4b9b4"},"headline":"Szczepienia przeciw covid-19 w pytaniach i odpowiedziach","datePublished":"2021-01-11T09:36:24+00:00","dateModified":"2021-12-21T21:41:53+00:00","mainEntityOfPage":{"@id":"https:\/\/twojlekarz.net\/szczepienia-przeciw-covid-19-w-pytaniach-i-odpowiedziach\/"},"wordCount":785,"publisher":{"@id":"https:\/\/twojlekarz.net\/#organization"},"image":{"@id":"https:\/\/twojlekarz.net\/szczepienia-przeciw-covid-19-w-pytaniach-i-odpowiedziach\/#primaryimage"},"thumbnailUrl":"https:\/\/i0.wp.com\/twojlekarz.net\/wp-content\/uploads\/pneumonoki.png?fit=1080%2C1080&ssl=1","articleSection":["Aktualno\u015bci"],"inLanguage":"de"},{"@type":"WebPage","@id":"https:\/\/twojlekarz.net\/szczepienia-przeciw-covid-19-w-pytaniach-i-odpowiedziach\/","url":"https:\/\/twojlekarz.net\/szczepienia-przeciw-covid-19-w-pytaniach-i-odpowiedziach\/","name":"Impfungen gegen Covid-19 in Fragen und Antworten - NZOZ Klinik \u201eTw\u00f3j Lekarz\u201c sp. z o. O.","isPartOf":{"@id":"https:\/\/twojlekarz.net\/#website"},"primaryImageOfPage":{"@id":"https:\/\/twojlekarz.net\/szczepienia-przeciw-covid-19-w-pytaniach-i-odpowiedziach\/#primaryimage"},"image":{"@id":"https:\/\/twojlekarz.net\/szczepienia-przeciw-covid-19-w-pytaniach-i-odpowiedziach\/#primaryimage"},"thumbnailUrl":"https:\/\/i0.wp.com\/twojlekarz.net\/wp-content\/uploads\/pneumonoki.png?fit=1080%2C1080&ssl=1","datePublished":"2021-01-11T09:36:24+00:00","dateModified":"2021-12-21T21:41:53+00:00","breadcrumb":{"@id":"https:\/\/twojlekarz.net\/szczepienia-przeciw-covid-19-w-pytaniach-i-odpowiedziach\/#breadcrumb"},"inLanguage":"de","potentialAction":[{"@type":"ReadAction","target":["https:\/\/twojlekarz.net\/szczepienia-przeciw-covid-19-w-pytaniach-i-odpowiedziach\/"]}]},{"@type":"ImageObject","inLanguage":"de","@id":"https:\/\/twojlekarz.net\/szczepienia-przeciw-covid-19-w-pytaniach-i-odpowiedziach\/#primaryimage","url":"https:\/\/i0.wp.com\/twojlekarz.net\/wp-content\/uploads\/pneumonoki.png?fit=1080%2C1080&ssl=1","contentUrl":"https:\/\/i0.wp.com\/twojlekarz.net\/wp-content\/uploads\/pneumonoki.png?fit=1080%2C1080&ssl=1","width":1080,"height":1080,"caption":"pneumonoki"},{"@type":"BreadcrumbList","@id":"https:\/\/twojlekarz.net\/szczepienia-przeciw-covid-19-w-pytaniach-i-odpowiedziach\/#breadcrumb","itemListElement":[{"@type":"ListItem","position":1,"name":"Strona g\u0142\u00f3wna","item":"https:\/\/twojlekarz.net\/"},{"@type":"ListItem","position":2,"name":"Szczepienia przeciw covid-19 w pytaniach i odpowiedziach"}]},{"@type":"WebSite","@id":"https:\/\/twojlekarz.net\/#website","url":"https:\/\/twojlekarz.net\/","name":"NZOZ-Klinik \u201eTw\u00f3j Doktor\u201c sp","description":"","publisher":{"@id":"https:\/\/twojlekarz.net\/#organization"},"potentialAction":[{"@type":"SearchAction","target":{"@type":"EntryPoint","urlTemplate":"https:\/\/twojlekarz.net\/?s={search_term_string}"},"query-input":{"@type":"PropertyValueSpecification","valueRequired":true,"valueName":"search_term_string"}}],"inLanguage":"de"},{"@type":"Organization","@id":"https:\/\/twojlekarz.net\/#organization","name":"NZOZ-Klinik \u201eTw\u00f3j Doktor\u201c sp","url":"https:\/\/twojlekarz.net\/","logo":{"@type":"ImageObject","inLanguage":"de","@id":"https:\/\/twojlekarz.net\/#\/schema\/logo\/image\/","url":"https:\/\/i0.wp.com\/twojlekarz.net\/wp-content\/uploads\/twoj-lekarz-logo2-e1448917738554.jpg?fit=200%2C71&ssl=1","contentUrl":"https:\/\/i0.wp.com\/twojlekarz.net\/wp-content\/uploads\/twoj-lekarz-logo2-e1448917738554.jpg?fit=200%2C71&ssl=1","width":200,"height":71,"caption":"Przychodnia NZOZ \"Tw\u00f3j Lekarz\" sp. z o.o."},"image":{"@id":"https:\/\/twojlekarz.net\/#\/schema\/logo\/image\/"},"sameAs":["https:\/\/www.facebook.com\/NZOZTwojLekarz\/"]},{"@type":"Person","@id":"https:\/\/twojlekarz.net\/#\/schema\/person\/4872e4157107aad4013c32ac52a4b9b4","name":"NZOZ \u201eIhr Arzt\u201c","image":{"@type":"ImageObject","inLanguage":"de","@id":"https:\/\/secure.gravatar.com\/avatar\/9465837260f6ae13894c21dc64ea0fd37fae2ef5730310619b4823c3909befd4?s=96&d=mm&r=g","url":"https:\/\/secure.gravatar.com\/avatar\/9465837260f6ae13894c21dc64ea0fd37fae2ef5730310619b4823c3909befd4?s=96&d=mm&r=g","contentUrl":"https:\/\/secure.gravatar.com\/avatar\/9465837260f6ae13894c21dc64ea0fd37fae2ef5730310619b4823c3909befd4?s=96&d=mm&r=g","caption":"NZOZ \"Tw\u00f3j Lekarz\""},"url":"https:\/\/twojlekarz.net\/de\/author\/twojlekarz\/"}]}},"jetpack_featured_media_url":"https:\/\/i0.wp.com\/twojlekarz.net\/wp-content\/uploads\/pneumonoki.png?fit=1080%2C1080&ssl=1","jetpack_sharing_enabled":true,"_links":{"self":[{"href":"https:\/\/twojlekarz.net\/de\/wp-json\/wp\/v2\/posts\/5807","targetHints":{"allow":["GET"]}}],"collection":[{"href":"https:\/\/twojlekarz.net\/de\/wp-json\/wp\/v2\/posts"}],"about":[{"href":"https:\/\/twojlekarz.net\/de\/wp-json\/wp\/v2\/types\/post"}],"author":[{"embeddable":true,"href":"https:\/\/twojlekarz.net\/de\/wp-json\/wp\/v2\/users\/9"}],"replies":[{"embeddable":true,"href":"https:\/\/twojlekarz.net\/de\/wp-json\/wp\/v2\/comments?post=5807"}],"version-history":[{"count":0,"href":"https:\/\/twojlekarz.net\/de\/wp-json\/wp\/v2\/posts\/5807\/revisions"}],"wp:featuredmedia":[{"embeddable":true,"href":"https:\/\/twojlekarz.net\/de\/wp-json\/wp\/v2\/media\/5682"}],"wp:attachment":[{"href":"https:\/\/twojlekarz.net\/de\/wp-json\/wp\/v2\/media?parent=5807"}],"wp:term":[{"taxonomy":"category","embeddable":true,"href":"https:\/\/twojlekarz.net\/de\/wp-json\/wp\/v2\/categories?post=5807"},{"taxonomy":"post_tag","embeddable":true,"href":"https:\/\/twojlekarz.net\/de\/wp-json\/wp\/v2\/tags?post=5807"}],"curies":[{"name":"wp","href":"https:\/\/api.w.org\/{rel}","templated":true}]}}