{"id":5854,"date":"2021-01-22T09:51:51","date_gmt":"2021-01-22T09:51:51","guid":{"rendered":"https:\/\/twojlekarz.net.pl\/?p=5854"},"modified":"2021-08-11T11:14:57","modified_gmt":"2021-08-11T11:14:57","slug":"terminarz-szczepien-covid-19-wypelniony-do-31-marca","status":"publish","type":"post","link":"https:\/\/twojlekarz.net\/de\/terminarz-szczepien-covid-19-wypelniony-do-31-marca\/","title":{"rendered":"Covid-19-Impfplan bis 31. M\u00e4rz abgeschlossen!"},"content":{"rendered":"<p>Interesse an Impfungen gegen <strong>COVID 19<\/strong> ist sehr gro\u00df und \u00fcbersteigt die von der Regierung angek\u00fcndigten 30 Impfdosen pro Woche an jeder Impfstelle deutlich. Derzeit in den Einrichtungen <strong>NZOZ Ihr Arzt<\/strong> Impfplan <strong>ist bis 31. M\u00e4rz ausgebucht<\/strong>, was bedeutet, dass die Registrierung ausgesetzt ist.<\/p>\n\n\n\n<p>Wir hoffen, dass die nachfolgenden Impfstofflieferungen gr\u00f6\u00dfer ausfallen und es erm\u00f6glichen, die Zahl der pro Woche geimpften Personen zu erh\u00f6hen. \u00dcber die Anmeldem\u00f6glichkeit zu den neuen Terminen halten wir Sie auf unserer Website auf dem Laufenden. <strong><a href=\"https:\/\/twojlekarz.net.pl\">www.twojlekarz.net<\/a><\/strong> und \u00fcber die NZOZ-Ihr-Arzt-Hotline unter der Nummer <strong>71 311 12 36 Durchwahl 0<\/strong><\/p>\n\n\n\n<p>Impfinteressierte k\u00f6nnen sich an die bundesweite Hotline wenden <strong>989<\/strong>, die bei fehlenden freien Pl\u00e4tzen den Patienten zur\u00fcckruft, wenn neue Impftermine auftauchen. Sie k\u00f6nnen auch das Patientenformular auf der Website ausf\u00fcllen <strong>https:\/\/szczepimysie.pacjent.gov.pl\/<\/strong>&nbsp; Jede ausf\u00fcllende Person wird telefonisch \u00fcber die M\u00f6glichkeit informiert, sich f\u00fcr einen konkreten Impftermin anzumelden.<\/p>\n\n\n\n<p><strong>NZOZ Ihr \u00c4rzteteam<\/strong><\/p>","protected":false},"excerpt":{"rendered":"<p>Das Interesse an COVID-19-Impfungen ist sehr gro\u00df und \u00fcbersteigt die von der Regierung angek\u00fcndigte Bereitstellung von 30 Impfdosen pro Woche an jedem Impfpunkt deutlich. Derzeit ist der Impfplan in den Einrichtungen von NZOZ Tw\u00f3j Lekarz bis zum 31. M\u00e4rz ausgebucht, sodass die Registrierung ausgesetzt ist.<\/p>","protected":false},"author":9,"featured_media":5856,"comment_status":"closed","ping_status":"closed","sticky":false,"template":"","format":"standard","meta":{"_jetpack_memberships_contains_paid_content":false,"footnotes":"","_wp_rev_ctl_limit":""},"categories":[90],"tags":[],"class_list":["post-5854","post","type-post","status-publish","format-standard","has-post-thumbnail","hentry","category-s1-aktualnoci"],"yoast_head":"<!-- This site is optimized with the Yoast SEO plugin v27.3 - https:\/\/yoast.com\/product\/yoast-seo-wordpress\/ -->\n<title>Terminarz szczepie\u0144 covid-19 wype\u0142niony do 31 marca! - Przychodnia NZOZ &quot;Tw\u00f3j Lekarz&quot; sp. z o.o.<\/title>\n<meta name=\"robots\" content=\"index, follow, max-snippet:-1, max-image-preview:large, max-video-preview:-1\" \/>\n<link rel=\"canonical\" href=\"https:\/\/twojlekarz.net\/de\/terminarz-szczepien-covid-19-wypelniony-do-31-marca\/\" \/>\n<meta property=\"og:locale\" content=\"de_DE\" \/>\n<meta property=\"og:type\" content=\"article\" \/>\n<meta property=\"og:title\" content=\"Terminarz szczepie\u0144 covid-19 wype\u0142niony do 31 marca! - Przychodnia NZOZ &quot;Tw\u00f3j Lekarz&quot; sp. z o.o.\" \/>\n<meta property=\"og:description\" content=\"Zainteresowanie szczepieniami przeciw COVID-19 jest bardzo du\u017ce i znacznie przekracza zapowiadane przez rz\u0105d 30 dawek szczepionki na tydzie\u0144, w ka\u017cdym z punkt\u00f3w szczepie\u0144. Obecnie w plac\u00f3wkach NZOZ Tw\u00f3j Lekarz terminarz szczepie\u0144 zape\u0142niony jest do 31 marca, co oznacza wstrzymanie rejestracji.\" \/>\n<meta property=\"og:url\" content=\"https:\/\/twojlekarz.net\/de\/terminarz-szczepien-covid-19-wypelniony-do-31-marca\/\" \/>\n<meta property=\"og:site_name\" content=\"Przychodnia NZOZ &quot;Tw\u00f3j Lekarz&quot; sp. z o.o.\" \/>\n<meta property=\"article:publisher\" content=\"https:\/\/www.facebook.com\/NZOZTwojLekarz\/\" \/>\n<meta property=\"article:published_time\" content=\"2021-01-22T09:51:51+00:00\" \/>\n<meta property=\"article:modified_time\" content=\"2021-08-11T11:14:57+00:00\" \/>\n<meta property=\"og:image\" content=\"https:\/\/twojlekarz.net\/wp-content\/uploads\/kalendarz_szczepienia_covid.png\" \/>\n\t<meta property=\"og:image:width\" content=\"1080\" \/>\n\t<meta property=\"og:image:height\" content=\"1080\" \/>\n\t<meta property=\"og:image:type\" content=\"image\/png\" \/>\n<meta name=\"author\" content=\"NZOZ &quot;Tw\u00f3j Lekarz&quot;\" \/>\n<meta name=\"twitter:card\" content=\"summary_large_image\" \/>\n<meta name=\"twitter:label1\" content=\"Verfasst von\" \/>\n\t<meta name=\"twitter:data1\" content=\"NZOZ &quot;Tw\u00f3j Lekarz&quot;\" \/>\n\t<meta name=\"twitter:label2\" content=\"Gesch\u00e4tzte Lesezeit\" \/>\n\t<meta name=\"twitter:data2\" content=\"1\u00a0Minute\" \/>\n<script type=\"application\/ld+json\" class=\"yoast-schema-graph\">{\"@context\":\"https:\\\/\\\/schema.org\",\"@graph\":[{\"@type\":\"Article\",\"@id\":\"https:\\\/\\\/twojlekarz.net\\\/terminarz-szczepien-covid-19-wypelniony-do-31-marca\\\/#article\",\"isPartOf\":{\"@id\":\"https:\\\/\\\/twojlekarz.net\\\/terminarz-szczepien-covid-19-wypelniony-do-31-marca\\\/\"},\"author\":{\"name\":\"NZOZ \\\"Tw\u00f3j Lekarz\\\"\",\"@id\":\"https:\\\/\\\/twojlekarz.net\\\/#\\\/schema\\\/person\\\/4872e4157107aad4013c32ac52a4b9b4\"},\"headline\":\"Terminarz szczepie\u0144 covid-19 wype\u0142niony do 31 marca!\",\"datePublished\":\"2021-01-22T09:51:51+00:00\",\"dateModified\":\"2021-08-11T11:14:57+00:00\",\"mainEntityOfPage\":{\"@id\":\"https:\\\/\\\/twojlekarz.net\\\/terminarz-szczepien-covid-19-wypelniony-do-31-marca\\\/\"},\"wordCount\":178,\"publisher\":{\"@id\":\"https:\\\/\\\/twojlekarz.net\\\/#organization\"},\"image\":{\"@id\":\"https:\\\/\\\/twojlekarz.net\\\/terminarz-szczepien-covid-19-wypelniony-do-31-marca\\\/#primaryimage\"},\"thumbnailUrl\":\"https:\\\/\\\/i0.wp.com\\\/twojlekarz.net\\\/wp-content\\\/uploads\\\/kalendarz_szczepienia_covid.png?fit=1080%2C1080&ssl=1\",\"articleSection\":[\"Aktualno\u015bci\"],\"inLanguage\":\"de\"},{\"@type\":\"WebPage\",\"@id\":\"https:\\\/\\\/twojlekarz.net\\\/terminarz-szczepien-covid-19-wypelniony-do-31-marca\\\/\",\"url\":\"https:\\\/\\\/twojlekarz.net\\\/terminarz-szczepien-covid-19-wypelniony-do-31-marca\\\/\",\"name\":\"Terminarz szczepie\u0144 covid-19 wype\u0142niony do 31 marca! - Przychodnia NZOZ &quot;Tw\u00f3j Lekarz&quot; sp. z o.o.\",\"isPartOf\":{\"@id\":\"https:\\\/\\\/twojlekarz.net\\\/#website\"},\"primaryImageOfPage\":{\"@id\":\"https:\\\/\\\/twojlekarz.net\\\/terminarz-szczepien-covid-19-wypelniony-do-31-marca\\\/#primaryimage\"},\"image\":{\"@id\":\"https:\\\/\\\/twojlekarz.net\\\/terminarz-szczepien-covid-19-wypelniony-do-31-marca\\\/#primaryimage\"},\"thumbnailUrl\":\"https:\\\/\\\/i0.wp.com\\\/twojlekarz.net\\\/wp-content\\\/uploads\\\/kalendarz_szczepienia_covid.png?fit=1080%2C1080&ssl=1\",\"datePublished\":\"2021-01-22T09:51:51+00:00\",\"dateModified\":\"2021-08-11T11:14:57+00:00\",\"breadcrumb\":{\"@id\":\"https:\\\/\\\/twojlekarz.net\\\/terminarz-szczepien-covid-19-wypelniony-do-31-marca\\\/#breadcrumb\"},\"inLanguage\":\"de\",\"potentialAction\":[{\"@type\":\"ReadAction\",\"target\":[\"https:\\\/\\\/twojlekarz.net\\\/terminarz-szczepien-covid-19-wypelniony-do-31-marca\\\/\"]}]},{\"@type\":\"ImageObject\",\"inLanguage\":\"de\",\"@id\":\"https:\\\/\\\/twojlekarz.net\\\/terminarz-szczepien-covid-19-wypelniony-do-31-marca\\\/#primaryimage\",\"url\":\"https:\\\/\\\/i0.wp.com\\\/twojlekarz.net\\\/wp-content\\\/uploads\\\/kalendarz_szczepienia_covid.png?fit=1080%2C1080&ssl=1\",\"contentUrl\":\"https:\\\/\\\/i0.wp.com\\\/twojlekarz.net\\\/wp-content\\\/uploads\\\/kalendarz_szczepienia_covid.png?fit=1080%2C1080&ssl=1\",\"width\":1080,\"height\":1080,\"caption\":\"kalendarz_szczepienia_covid\"},{\"@type\":\"BreadcrumbList\",\"@id\":\"https:\\\/\\\/twojlekarz.net\\\/terminarz-szczepien-covid-19-wypelniony-do-31-marca\\\/#breadcrumb\",\"itemListElement\":[{\"@type\":\"ListItem\",\"position\":1,\"name\":\"Strona g\u0142\u00f3wna\",\"item\":\"https:\\\/\\\/twojlekarz.net\\\/\"},{\"@type\":\"ListItem\",\"position\":2,\"name\":\"Terminarz szczepie\u0144 covid-19 wype\u0142niony do 31 marca!\"}]},{\"@type\":\"WebSite\",\"@id\":\"https:\\\/\\\/twojlekarz.net\\\/#website\",\"url\":\"https:\\\/\\\/twojlekarz.net\\\/\",\"name\":\"Przychodnia NZOZ \\\"Tw\u00f3j Lekarz\\\" sp. z o.o.\",\"description\":\"\",\"publisher\":{\"@id\":\"https:\\\/\\\/twojlekarz.net\\\/#organization\"},\"potentialAction\":[{\"@type\":\"SearchAction\",\"target\":{\"@type\":\"EntryPoint\",\"urlTemplate\":\"https:\\\/\\\/twojlekarz.net\\\/?s={search_term_string}\"},\"query-input\":{\"@type\":\"PropertyValueSpecification\",\"valueRequired\":true,\"valueName\":\"search_term_string\"}}],\"inLanguage\":\"de\"},{\"@type\":\"Organization\",\"@id\":\"https:\\\/\\\/twojlekarz.net\\\/#organization\",\"name\":\"Przychodnia NZOZ \\\"Tw\u00f3j Lekarz\\\" sp. z o.o.\",\"url\":\"https:\\\/\\\/twojlekarz.net\\\/\",\"logo\":{\"@type\":\"ImageObject\",\"inLanguage\":\"de\",\"@id\":\"https:\\\/\\\/twojlekarz.net\\\/#\\\/schema\\\/logo\\\/image\\\/\",\"url\":\"https:\\\/\\\/i0.wp.com\\\/twojlekarz.net\\\/wp-content\\\/uploads\\\/twoj-lekarz-logo2-e1448917738554.jpg?fit=200%2C71&ssl=1\",\"contentUrl\":\"https:\\\/\\\/i0.wp.com\\\/twojlekarz.net\\\/wp-content\\\/uploads\\\/twoj-lekarz-logo2-e1448917738554.jpg?fit=200%2C71&ssl=1\",\"width\":200,\"height\":71,\"caption\":\"Przychodnia NZOZ \\\"Tw\u00f3j Lekarz\\\" sp. z o.o.\"},\"image\":{\"@id\":\"https:\\\/\\\/twojlekarz.net\\\/#\\\/schema\\\/logo\\\/image\\\/\"},\"sameAs\":[\"https:\\\/\\\/www.facebook.com\\\/NZOZTwojLekarz\\\/\"]},{\"@type\":\"Person\",\"@id\":\"https:\\\/\\\/twojlekarz.net\\\/#\\\/schema\\\/person\\\/4872e4157107aad4013c32ac52a4b9b4\",\"name\":\"NZOZ \\\"Tw\u00f3j Lekarz\\\"\",\"image\":{\"@type\":\"ImageObject\",\"inLanguage\":\"de\",\"@id\":\"https:\\\/\\\/secure.gravatar.com\\\/avatar\\\/9465837260f6ae13894c21dc64ea0fd37fae2ef5730310619b4823c3909befd4?s=96&d=mm&r=g\",\"url\":\"https:\\\/\\\/secure.gravatar.com\\\/avatar\\\/9465837260f6ae13894c21dc64ea0fd37fae2ef5730310619b4823c3909befd4?s=96&d=mm&r=g\",\"contentUrl\":\"https:\\\/\\\/secure.gravatar.com\\\/avatar\\\/9465837260f6ae13894c21dc64ea0fd37fae2ef5730310619b4823c3909befd4?s=96&d=mm&r=g\",\"caption\":\"NZOZ \\\"Tw\u00f3j Lekarz\\\"\"},\"url\":\"https:\\\/\\\/twojlekarz.net\\\/de\\\/author\\\/twojlekarz\\\/\"}]}<\/script>\n<!-- \/ Yoast SEO plugin. -->","yoast_head_json":{"title":"COVID-19-Impfplan bis zum 31. M\u00e4rz abgeschlossen! - NZOZ \u201eTw\u00f3j Lekarz\u201c sp. z o. O. Klinik","robots":{"index":"index","follow":"follow","max-snippet":"max-snippet:-1","max-image-preview":"max-image-preview:large","max-video-preview":"max-video-preview:-1"},"canonical":"https:\/\/twojlekarz.net\/de\/terminarz-szczepien-covid-19-wypelniony-do-31-marca\/","og_locale":"de_DE","og_type":"article","og_title":"Terminarz szczepie\u0144 covid-19 wype\u0142niony do 31 marca! - Przychodnia NZOZ &quot;Tw\u00f3j Lekarz&quot; sp. z o.o.","og_description":"Zainteresowanie szczepieniami przeciw COVID-19 jest bardzo du\u017ce i znacznie przekracza zapowiadane przez rz\u0105d 30 dawek szczepionki na tydzie\u0144, w ka\u017cdym z punkt\u00f3w szczepie\u0144. Obecnie w plac\u00f3wkach NZOZ Tw\u00f3j Lekarz terminarz szczepie\u0144 zape\u0142niony jest do 31 marca, co oznacza wstrzymanie rejestracji.","og_url":"https:\/\/twojlekarz.net\/de\/terminarz-szczepien-covid-19-wypelniony-do-31-marca\/","og_site_name":"Przychodnia NZOZ &quot;Tw\u00f3j Lekarz&quot; sp. z o.o.","article_publisher":"https:\/\/www.facebook.com\/NZOZTwojLekarz\/","article_published_time":"2021-01-22T09:51:51+00:00","article_modified_time":"2021-08-11T11:14:57+00:00","og_image":[{"width":1080,"height":1080,"url":"https:\/\/twojlekarz.net\/wp-content\/uploads\/kalendarz_szczepienia_covid.png","type":"image\/png"}],"author":"NZOZ \"Tw\u00f3j Lekarz\"","twitter_card":"summary_large_image","twitter_misc":{"Verfasst von":"NZOZ \"Tw\u00f3j Lekarz\"","Gesch\u00e4tzte Lesezeit":"1\u00a0Minute"},"schema":{"@context":"https:\/\/schema.org","@graph":[{"@type":"Article","@id":"https:\/\/twojlekarz.net\/terminarz-szczepien-covid-19-wypelniony-do-31-marca\/#article","isPartOf":{"@id":"https:\/\/twojlekarz.net\/terminarz-szczepien-covid-19-wypelniony-do-31-marca\/"},"author":{"name":"NZOZ \"Tw\u00f3j Lekarz\"","@id":"https:\/\/twojlekarz.net\/#\/schema\/person\/4872e4157107aad4013c32ac52a4b9b4"},"headline":"Terminarz szczepie\u0144 covid-19 wype\u0142niony do 31 marca!","datePublished":"2021-01-22T09:51:51+00:00","dateModified":"2021-08-11T11:14:57+00:00","mainEntityOfPage":{"@id":"https:\/\/twojlekarz.net\/terminarz-szczepien-covid-19-wypelniony-do-31-marca\/"},"wordCount":178,"publisher":{"@id":"https:\/\/twojlekarz.net\/#organization"},"image":{"@id":"https:\/\/twojlekarz.net\/terminarz-szczepien-covid-19-wypelniony-do-31-marca\/#primaryimage"},"thumbnailUrl":"https:\/\/i0.wp.com\/twojlekarz.net\/wp-content\/uploads\/kalendarz_szczepienia_covid.png?fit=1080%2C1080&ssl=1","articleSection":["Aktualno\u015bci"],"inLanguage":"de"},{"@type":"WebPage","@id":"https:\/\/twojlekarz.net\/terminarz-szczepien-covid-19-wypelniony-do-31-marca\/","url":"https:\/\/twojlekarz.net\/terminarz-szczepien-covid-19-wypelniony-do-31-marca\/","name":"COVID-19-Impfplan bis zum 31. M\u00e4rz abgeschlossen! - NZOZ \u201eTw\u00f3j Lekarz\u201c sp. z o. O. Klinik","isPartOf":{"@id":"https:\/\/twojlekarz.net\/#website"},"primaryImageOfPage":{"@id":"https:\/\/twojlekarz.net\/terminarz-szczepien-covid-19-wypelniony-do-31-marca\/#primaryimage"},"image":{"@id":"https:\/\/twojlekarz.net\/terminarz-szczepien-covid-19-wypelniony-do-31-marca\/#primaryimage"},"thumbnailUrl":"https:\/\/i0.wp.com\/twojlekarz.net\/wp-content\/uploads\/kalendarz_szczepienia_covid.png?fit=1080%2C1080&ssl=1","datePublished":"2021-01-22T09:51:51+00:00","dateModified":"2021-08-11T11:14:57+00:00","breadcrumb":{"@id":"https:\/\/twojlekarz.net\/terminarz-szczepien-covid-19-wypelniony-do-31-marca\/#breadcrumb"},"inLanguage":"de","potentialAction":[{"@type":"ReadAction","target":["https:\/\/twojlekarz.net\/terminarz-szczepien-covid-19-wypelniony-do-31-marca\/"]}]},{"@type":"ImageObject","inLanguage":"de","@id":"https:\/\/twojlekarz.net\/terminarz-szczepien-covid-19-wypelniony-do-31-marca\/#primaryimage","url":"https:\/\/i0.wp.com\/twojlekarz.net\/wp-content\/uploads\/kalendarz_szczepienia_covid.png?fit=1080%2C1080&ssl=1","contentUrl":"https:\/\/i0.wp.com\/twojlekarz.net\/wp-content\/uploads\/kalendarz_szczepienia_covid.png?fit=1080%2C1080&ssl=1","width":1080,"height":1080,"caption":"kalendarz_szczepienia_covid"},{"@type":"BreadcrumbList","@id":"https:\/\/twojlekarz.net\/terminarz-szczepien-covid-19-wypelniony-do-31-marca\/#breadcrumb","itemListElement":[{"@type":"ListItem","position":1,"name":"Strona g\u0142\u00f3wna","item":"https:\/\/twojlekarz.net\/"},{"@type":"ListItem","position":2,"name":"Terminarz szczepie\u0144 covid-19 wype\u0142niony do 31 marca!"}]},{"@type":"WebSite","@id":"https:\/\/twojlekarz.net\/#website","url":"https:\/\/twojlekarz.net\/","name":"NZOZ-Klinik \u201eTw\u00f3j Doktor\u201c sp","description":"","publisher":{"@id":"https:\/\/twojlekarz.net\/#organization"},"potentialAction":[{"@type":"SearchAction","target":{"@type":"EntryPoint","urlTemplate":"https:\/\/twojlekarz.net\/?s={search_term_string}"},"query-input":{"@type":"PropertyValueSpecification","valueRequired":true,"valueName":"search_term_string"}}],"inLanguage":"de"},{"@type":"Organization","@id":"https:\/\/twojlekarz.net\/#organization","name":"NZOZ-Klinik \u201eTw\u00f3j Doktor\u201c sp","url":"https:\/\/twojlekarz.net\/","logo":{"@type":"ImageObject","inLanguage":"de","@id":"https:\/\/twojlekarz.net\/#\/schema\/logo\/image\/","url":"https:\/\/i0.wp.com\/twojlekarz.net\/wp-content\/uploads\/twoj-lekarz-logo2-e1448917738554.jpg?fit=200%2C71&ssl=1","contentUrl":"https:\/\/i0.wp.com\/twojlekarz.net\/wp-content\/uploads\/twoj-lekarz-logo2-e1448917738554.jpg?fit=200%2C71&ssl=1","width":200,"height":71,"caption":"Przychodnia NZOZ \"Tw\u00f3j Lekarz\" sp. z o.o."},"image":{"@id":"https:\/\/twojlekarz.net\/#\/schema\/logo\/image\/"},"sameAs":["https:\/\/www.facebook.com\/NZOZTwojLekarz\/"]},{"@type":"Person","@id":"https:\/\/twojlekarz.net\/#\/schema\/person\/4872e4157107aad4013c32ac52a4b9b4","name":"NZOZ \u201eIhr Arzt\u201c","image":{"@type":"ImageObject","inLanguage":"de","@id":"https:\/\/secure.gravatar.com\/avatar\/9465837260f6ae13894c21dc64ea0fd37fae2ef5730310619b4823c3909befd4?s=96&d=mm&r=g","url":"https:\/\/secure.gravatar.com\/avatar\/9465837260f6ae13894c21dc64ea0fd37fae2ef5730310619b4823c3909befd4?s=96&d=mm&r=g","contentUrl":"https:\/\/secure.gravatar.com\/avatar\/9465837260f6ae13894c21dc64ea0fd37fae2ef5730310619b4823c3909befd4?s=96&d=mm&r=g","caption":"NZOZ \"Tw\u00f3j Lekarz\""},"url":"https:\/\/twojlekarz.net\/de\/author\/twojlekarz\/"}]}},"jetpack_featured_media_url":"https:\/\/i0.wp.com\/twojlekarz.net\/wp-content\/uploads\/kalendarz_szczepienia_covid.png?fit=1080%2C1080&ssl=1","jetpack_sharing_enabled":true,"_links":{"self":[{"href":"https:\/\/twojlekarz.net\/de\/wp-json\/wp\/v2\/posts\/5854","targetHints":{"allow":["GET"]}}],"collection":[{"href":"https:\/\/twojlekarz.net\/de\/wp-json\/wp\/v2\/posts"}],"about":[{"href":"https:\/\/twojlekarz.net\/de\/wp-json\/wp\/v2\/types\/post"}],"author":[{"embeddable":true,"href":"https:\/\/twojlekarz.net\/de\/wp-json\/wp\/v2\/users\/9"}],"replies":[{"embeddable":true,"href":"https:\/\/twojlekarz.net\/de\/wp-json\/wp\/v2\/comments?post=5854"}],"version-history":[{"count":0,"href":"https:\/\/twojlekarz.net\/de\/wp-json\/wp\/v2\/posts\/5854\/revisions"}],"wp:featuredmedia":[{"embeddable":true,"href":"https:\/\/twojlekarz.net\/de\/wp-json\/wp\/v2\/media\/5856"}],"wp:attachment":[{"href":"https:\/\/twojlekarz.net\/de\/wp-json\/wp\/v2\/media?parent=5854"}],"wp:term":[{"taxonomy":"category","embeddable":true,"href":"https:\/\/twojlekarz.net\/de\/wp-json\/wp\/v2\/categories?post=5854"},{"taxonomy":"post_tag","embeddable":true,"href":"https:\/\/twojlekarz.net\/de\/wp-json\/wp\/v2\/tags?post=5854"}],"curies":[{"name":"wp","href":"https:\/\/api.w.org\/{rel}","templated":true}]}}