{"id":5871,"date":"2021-02-03T11:57:10","date_gmt":"2021-02-03T11:57:10","guid":{"rendered":"https:\/\/twojlekarz.net.pl\/?p=5871"},"modified":"2021-08-11T11:14:55","modified_gmt":"2021-08-11T11:14:55","slug":"wolne-terminy-do-poradni-specjalistycznych-z-refundacja-nfz","status":"publish","type":"post","link":"https:\/\/twojlekarz.net\/de\/wolne-terminy-do-poradni-specjalistycznych-z-refundacja-nfz\/","title":{"rendered":"Freie Termine f\u00fcr Fachkliniken mit NFZ-Erstattung"},"content":{"rendered":"<p>Um die Leistungen der Fachkliniken NZOZ Tw\u00f3j Lekarz in Anspruch nehmen zu k\u00f6nnen, ben\u00f6tigen Sie lediglich eine \u00dcberweisung Ihres Hausarztes. Im Rahmen des Vertrages mit dem Nationalen Gesundheitsfonds haben derzeit folgende Personen freie Termine:<\/p>\n\n\n\n<h2 class=\"wp-block-heading\"><strong>CHIRURGISCHE KLINIK<\/strong><\/h2>\n\n\n\n<ul class=\"wp-block-list\"><li>allgemeine chirurgische Konsultation <\/li><li>Beurteilung und Entfernung von Hautl\u00e4sionen <\/li><li>Beratung zur Schilddr\u00fcsenoperation:<ul><li>Schilddr\u00fcsen-Ultraschall<\/li><\/ul><ul><li>Schilddr\u00fcsenbiopsie<\/li><\/ul><\/li><li>Sprechstunde bei Analerkrankungen: <ul><li>Rektoskopie<\/li><\/ul><\/li><\/ul>\n\n\n\n<h2 class=\"wp-block-heading\"><strong>RHEUMATOLOGISCHE KLINIK<\/strong><\/h2>\n\n\n\n<ul class=\"wp-block-list\"><li>Diagnostik und Therapie nicht-traumatischer Erkrankungen des Bewegungsapparates:<ul><li>degenerative Ver\u00e4nderungen der Gelenke<\/li><li>Gicht<\/li><li>rheumatoide Arthritis<\/li><li>Spondylitis ankylosans<\/li><\/ul><\/li><\/ul>\n\n\n\n<p><strong>N\u00e4here Informationen sowie die Anmeldung zu einem Besuch erhalten Sie unter der Hotline 71 311 12 36.<\/strong><\/p>","protected":false},"excerpt":{"rendered":"<p>Um die Leistungen der Fachkliniken NZOZ Tw\u00f3j Lekarz in Anspruch nehmen zu k\u00f6nnen, ben\u00f6tigen Sie lediglich eine \u00dcberweisung Ihres Hausarztes. <\/p>","protected":false},"author":9,"featured_media":5872,"comment_status":"closed","ping_status":"closed","sticky":false,"template":"","format":"standard","meta":{"_jetpack_memberships_contains_paid_content":false,"footnotes":"","_wp_rev_ctl_limit":""},"categories":[90],"tags":[],"class_list":["post-5871","post","type-post","status-publish","format-standard","has-post-thumbnail","hentry","category-s1-aktualnoci"],"yoast_head":"<!-- This site is optimized with the Yoast SEO plugin v27.3 - https:\/\/yoast.com\/product\/yoast-seo-wordpress\/ -->\n<title>Wolne terminy do poradni specjalistycznych z refundacj\u0105 NFZ - Przychodnia NZOZ &quot;Tw\u00f3j Lekarz&quot; sp. z o.o.<\/title>\n<meta name=\"robots\" content=\"index, follow, max-snippet:-1, max-image-preview:large, max-video-preview:-1\" \/>\n<link rel=\"canonical\" href=\"https:\/\/twojlekarz.net\/de\/wolne-terminy-do-poradni-specjalistycznych-z-refundacja-nfz\/\" \/>\n<meta property=\"og:locale\" content=\"de_DE\" \/>\n<meta property=\"og:type\" content=\"article\" \/>\n<meta property=\"og:title\" content=\"Wolne terminy do poradni specjalistycznych z refundacj\u0105 NFZ - Przychodnia NZOZ &quot;Tw\u00f3j Lekarz&quot; sp. z o.o.\" \/>\n<meta property=\"og:description\" content=\"Wystarczy skierowanie od lekarza pierwszego kontaktu, by skorzysta\u0107 z us\u0142ug Poradni Specjalistycznych NZOZ Tw\u00f3j Lekarz.\" \/>\n<meta property=\"og:url\" content=\"https:\/\/twojlekarz.net\/de\/wolne-terminy-do-poradni-specjalistycznych-z-refundacja-nfz\/\" \/>\n<meta property=\"og:site_name\" content=\"Przychodnia NZOZ &quot;Tw\u00f3j Lekarz&quot; sp. z o.o.\" \/>\n<meta property=\"article:publisher\" content=\"https:\/\/www.facebook.com\/NZOZTwojLekarz\/\" \/>\n<meta property=\"article:published_time\" content=\"2021-02-03T11:57:10+00:00\" \/>\n<meta property=\"article:modified_time\" content=\"2021-08-11T11:14:55+00:00\" \/>\n<meta property=\"og:image\" content=\"https:\/\/twojlekarz.net\/wp-content\/uploads\/TL_FB_wolne_terminy_styczen_www.png\" \/>\n\t<meta property=\"og:image:width\" content=\"1080\" \/>\n\t<meta property=\"og:image:height\" content=\"1080\" \/>\n\t<meta property=\"og:image:type\" content=\"image\/png\" \/>\n<meta name=\"author\" content=\"NZOZ &quot;Tw\u00f3j Lekarz&quot;\" \/>\n<meta name=\"twitter:card\" content=\"summary_large_image\" \/>\n<meta name=\"twitter:label1\" content=\"Verfasst von\" \/>\n\t<meta name=\"twitter:data1\" content=\"NZOZ &quot;Tw\u00f3j Lekarz&quot;\" \/>\n<script type=\"application\/ld+json\" class=\"yoast-schema-graph\">{\"@context\":\"https:\\\/\\\/schema.org\",\"@graph\":[{\"@type\":\"Article\",\"@id\":\"https:\\\/\\\/twojlekarz.net\\\/wolne-terminy-do-poradni-specjalistycznych-z-refundacja-nfz\\\/#article\",\"isPartOf\":{\"@id\":\"https:\\\/\\\/twojlekarz.net\\\/wolne-terminy-do-poradni-specjalistycznych-z-refundacja-nfz\\\/\"},\"author\":{\"name\":\"NZOZ \\\"Tw\u00f3j Lekarz\\\"\",\"@id\":\"https:\\\/\\\/twojlekarz.net\\\/#\\\/schema\\\/person\\\/4872e4157107aad4013c32ac52a4b9b4\"},\"headline\":\"Wolne terminy do poradni specjalistycznych z refundacj\u0105 NFZ\",\"datePublished\":\"2021-02-03T11:57:10+00:00\",\"dateModified\":\"2021-08-11T11:14:55+00:00\",\"mainEntityOfPage\":{\"@id\":\"https:\\\/\\\/twojlekarz.net\\\/wolne-terminy-do-poradni-specjalistycznych-z-refundacja-nfz\\\/\"},\"wordCount\":104,\"publisher\":{\"@id\":\"https:\\\/\\\/twojlekarz.net\\\/#organization\"},\"image\":{\"@id\":\"https:\\\/\\\/twojlekarz.net\\\/wolne-terminy-do-poradni-specjalistycznych-z-refundacja-nfz\\\/#primaryimage\"},\"thumbnailUrl\":\"https:\\\/\\\/i0.wp.com\\\/twojlekarz.net\\\/wp-content\\\/uploads\\\/TL_FB_wolne_terminy_styczen_www.png?fit=1080%2C1080&ssl=1\",\"articleSection\":[\"Aktualno\u015bci\"],\"inLanguage\":\"de\"},{\"@type\":\"WebPage\",\"@id\":\"https:\\\/\\\/twojlekarz.net\\\/wolne-terminy-do-poradni-specjalistycznych-z-refundacja-nfz\\\/\",\"url\":\"https:\\\/\\\/twojlekarz.net\\\/wolne-terminy-do-poradni-specjalistycznych-z-refundacja-nfz\\\/\",\"name\":\"Wolne terminy do poradni specjalistycznych z refundacj\u0105 NFZ - Przychodnia NZOZ &quot;Tw\u00f3j Lekarz&quot; sp. z o.o.\",\"isPartOf\":{\"@id\":\"https:\\\/\\\/twojlekarz.net\\\/#website\"},\"primaryImageOfPage\":{\"@id\":\"https:\\\/\\\/twojlekarz.net\\\/wolne-terminy-do-poradni-specjalistycznych-z-refundacja-nfz\\\/#primaryimage\"},\"image\":{\"@id\":\"https:\\\/\\\/twojlekarz.net\\\/wolne-terminy-do-poradni-specjalistycznych-z-refundacja-nfz\\\/#primaryimage\"},\"thumbnailUrl\":\"https:\\\/\\\/i0.wp.com\\\/twojlekarz.net\\\/wp-content\\\/uploads\\\/TL_FB_wolne_terminy_styczen_www.png?fit=1080%2C1080&ssl=1\",\"datePublished\":\"2021-02-03T11:57:10+00:00\",\"dateModified\":\"2021-08-11T11:14:55+00:00\",\"breadcrumb\":{\"@id\":\"https:\\\/\\\/twojlekarz.net\\\/wolne-terminy-do-poradni-specjalistycznych-z-refundacja-nfz\\\/#breadcrumb\"},\"inLanguage\":\"de\",\"potentialAction\":[{\"@type\":\"ReadAction\",\"target\":[\"https:\\\/\\\/twojlekarz.net\\\/wolne-terminy-do-poradni-specjalistycznych-z-refundacja-nfz\\\/\"]}]},{\"@type\":\"ImageObject\",\"inLanguage\":\"de\",\"@id\":\"https:\\\/\\\/twojlekarz.net\\\/wolne-terminy-do-poradni-specjalistycznych-z-refundacja-nfz\\\/#primaryimage\",\"url\":\"https:\\\/\\\/i0.wp.com\\\/twojlekarz.net\\\/wp-content\\\/uploads\\\/TL_FB_wolne_terminy_styczen_www.png?fit=1080%2C1080&ssl=1\",\"contentUrl\":\"https:\\\/\\\/i0.wp.com\\\/twojlekarz.net\\\/wp-content\\\/uploads\\\/TL_FB_wolne_terminy_styczen_www.png?fit=1080%2C1080&ssl=1\",\"width\":1080,\"height\":1080,\"caption\":\"TL_FB_wolne_terminy_stycze\u0144_www\"},{\"@type\":\"BreadcrumbList\",\"@id\":\"https:\\\/\\\/twojlekarz.net\\\/wolne-terminy-do-poradni-specjalistycznych-z-refundacja-nfz\\\/#breadcrumb\",\"itemListElement\":[{\"@type\":\"ListItem\",\"position\":1,\"name\":\"Strona g\u0142\u00f3wna\",\"item\":\"https:\\\/\\\/twojlekarz.net\\\/\"},{\"@type\":\"ListItem\",\"position\":2,\"name\":\"Wolne terminy do poradni specjalistycznych z refundacj\u0105 NFZ\"}]},{\"@type\":\"WebSite\",\"@id\":\"https:\\\/\\\/twojlekarz.net\\\/#website\",\"url\":\"https:\\\/\\\/twojlekarz.net\\\/\",\"name\":\"Przychodnia NZOZ \\\"Tw\u00f3j Lekarz\\\" sp. z o.o.\",\"description\":\"\",\"publisher\":{\"@id\":\"https:\\\/\\\/twojlekarz.net\\\/#organization\"},\"potentialAction\":[{\"@type\":\"SearchAction\",\"target\":{\"@type\":\"EntryPoint\",\"urlTemplate\":\"https:\\\/\\\/twojlekarz.net\\\/?s={search_term_string}\"},\"query-input\":{\"@type\":\"PropertyValueSpecification\",\"valueRequired\":true,\"valueName\":\"search_term_string\"}}],\"inLanguage\":\"de\"},{\"@type\":\"Organization\",\"@id\":\"https:\\\/\\\/twojlekarz.net\\\/#organization\",\"name\":\"Przychodnia NZOZ \\\"Tw\u00f3j Lekarz\\\" sp. z o.o.\",\"url\":\"https:\\\/\\\/twojlekarz.net\\\/\",\"logo\":{\"@type\":\"ImageObject\",\"inLanguage\":\"de\",\"@id\":\"https:\\\/\\\/twojlekarz.net\\\/#\\\/schema\\\/logo\\\/image\\\/\",\"url\":\"https:\\\/\\\/i0.wp.com\\\/twojlekarz.net\\\/wp-content\\\/uploads\\\/twoj-lekarz-logo2-e1448917738554.jpg?fit=200%2C71&ssl=1\",\"contentUrl\":\"https:\\\/\\\/i0.wp.com\\\/twojlekarz.net\\\/wp-content\\\/uploads\\\/twoj-lekarz-logo2-e1448917738554.jpg?fit=200%2C71&ssl=1\",\"width\":200,\"height\":71,\"caption\":\"Przychodnia NZOZ \\\"Tw\u00f3j Lekarz\\\" sp. z o.o.\"},\"image\":{\"@id\":\"https:\\\/\\\/twojlekarz.net\\\/#\\\/schema\\\/logo\\\/image\\\/\"},\"sameAs\":[\"https:\\\/\\\/www.facebook.com\\\/NZOZTwojLekarz\\\/\"]},{\"@type\":\"Person\",\"@id\":\"https:\\\/\\\/twojlekarz.net\\\/#\\\/schema\\\/person\\\/4872e4157107aad4013c32ac52a4b9b4\",\"name\":\"NZOZ \\\"Tw\u00f3j Lekarz\\\"\",\"image\":{\"@type\":\"ImageObject\",\"inLanguage\":\"de\",\"@id\":\"https:\\\/\\\/secure.gravatar.com\\\/avatar\\\/9465837260f6ae13894c21dc64ea0fd37fae2ef5730310619b4823c3909befd4?s=96&d=mm&r=g\",\"url\":\"https:\\\/\\\/secure.gravatar.com\\\/avatar\\\/9465837260f6ae13894c21dc64ea0fd37fae2ef5730310619b4823c3909befd4?s=96&d=mm&r=g\",\"contentUrl\":\"https:\\\/\\\/secure.gravatar.com\\\/avatar\\\/9465837260f6ae13894c21dc64ea0fd37fae2ef5730310619b4823c3909befd4?s=96&d=mm&r=g\",\"caption\":\"NZOZ \\\"Tw\u00f3j Lekarz\\\"\"},\"url\":\"https:\\\/\\\/twojlekarz.net\\\/de\\\/author\\\/twojlekarz\\\/\"}]}<\/script>\n<!-- \/ Yoast SEO plugin. -->","yoast_head_json":{"title":"Verf\u00fcgbare Termine f\u00fcr Fachkliniken mit NFZ-Kostenerstattung \u2013 Przychodnia NZOZ \u201eTw\u00f3j Lekarz\u201c sp. z o. O.","robots":{"index":"index","follow":"follow","max-snippet":"max-snippet:-1","max-image-preview":"max-image-preview:large","max-video-preview":"max-video-preview:-1"},"canonical":"https:\/\/twojlekarz.net\/de\/wolne-terminy-do-poradni-specjalistycznych-z-refundacja-nfz\/","og_locale":"de_DE","og_type":"article","og_title":"Wolne terminy do poradni specjalistycznych z refundacj\u0105 NFZ - Przychodnia NZOZ &quot;Tw\u00f3j Lekarz&quot; sp. z o.o.","og_description":"Wystarczy skierowanie od lekarza pierwszego kontaktu, by skorzysta\u0107 z us\u0142ug Poradni Specjalistycznych NZOZ Tw\u00f3j Lekarz.","og_url":"https:\/\/twojlekarz.net\/de\/wolne-terminy-do-poradni-specjalistycznych-z-refundacja-nfz\/","og_site_name":"Przychodnia NZOZ &quot;Tw\u00f3j Lekarz&quot; sp. z o.o.","article_publisher":"https:\/\/www.facebook.com\/NZOZTwojLekarz\/","article_published_time":"2021-02-03T11:57:10+00:00","article_modified_time":"2021-08-11T11:14:55+00:00","og_image":[{"width":1080,"height":1080,"url":"https:\/\/twojlekarz.net\/wp-content\/uploads\/TL_FB_wolne_terminy_styczen_www.png","type":"image\/png"}],"author":"NZOZ \"Tw\u00f3j Lekarz\"","twitter_card":"summary_large_image","twitter_misc":{"Verfasst von":"NZOZ \"Tw\u00f3j Lekarz\""},"schema":{"@context":"https:\/\/schema.org","@graph":[{"@type":"Article","@id":"https:\/\/twojlekarz.net\/wolne-terminy-do-poradni-specjalistycznych-z-refundacja-nfz\/#article","isPartOf":{"@id":"https:\/\/twojlekarz.net\/wolne-terminy-do-poradni-specjalistycznych-z-refundacja-nfz\/"},"author":{"name":"NZOZ \"Tw\u00f3j Lekarz\"","@id":"https:\/\/twojlekarz.net\/#\/schema\/person\/4872e4157107aad4013c32ac52a4b9b4"},"headline":"Wolne terminy do poradni specjalistycznych z refundacj\u0105 NFZ","datePublished":"2021-02-03T11:57:10+00:00","dateModified":"2021-08-11T11:14:55+00:00","mainEntityOfPage":{"@id":"https:\/\/twojlekarz.net\/wolne-terminy-do-poradni-specjalistycznych-z-refundacja-nfz\/"},"wordCount":104,"publisher":{"@id":"https:\/\/twojlekarz.net\/#organization"},"image":{"@id":"https:\/\/twojlekarz.net\/wolne-terminy-do-poradni-specjalistycznych-z-refundacja-nfz\/#primaryimage"},"thumbnailUrl":"https:\/\/i0.wp.com\/twojlekarz.net\/wp-content\/uploads\/TL_FB_wolne_terminy_styczen_www.png?fit=1080%2C1080&ssl=1","articleSection":["Aktualno\u015bci"],"inLanguage":"de"},{"@type":"WebPage","@id":"https:\/\/twojlekarz.net\/wolne-terminy-do-poradni-specjalistycznych-z-refundacja-nfz\/","url":"https:\/\/twojlekarz.net\/wolne-terminy-do-poradni-specjalistycznych-z-refundacja-nfz\/","name":"Verf\u00fcgbare Termine f\u00fcr Fachkliniken mit NFZ-Kostenerstattung \u2013 Przychodnia NZOZ \u201eTw\u00f3j Lekarz\u201c sp. z o. O.","isPartOf":{"@id":"https:\/\/twojlekarz.net\/#website"},"primaryImageOfPage":{"@id":"https:\/\/twojlekarz.net\/wolne-terminy-do-poradni-specjalistycznych-z-refundacja-nfz\/#primaryimage"},"image":{"@id":"https:\/\/twojlekarz.net\/wolne-terminy-do-poradni-specjalistycznych-z-refundacja-nfz\/#primaryimage"},"thumbnailUrl":"https:\/\/i0.wp.com\/twojlekarz.net\/wp-content\/uploads\/TL_FB_wolne_terminy_styczen_www.png?fit=1080%2C1080&ssl=1","datePublished":"2021-02-03T11:57:10+00:00","dateModified":"2021-08-11T11:14:55+00:00","breadcrumb":{"@id":"https:\/\/twojlekarz.net\/wolne-terminy-do-poradni-specjalistycznych-z-refundacja-nfz\/#breadcrumb"},"inLanguage":"de","potentialAction":[{"@type":"ReadAction","target":["https:\/\/twojlekarz.net\/wolne-terminy-do-poradni-specjalistycznych-z-refundacja-nfz\/"]}]},{"@type":"ImageObject","inLanguage":"de","@id":"https:\/\/twojlekarz.net\/wolne-terminy-do-poradni-specjalistycznych-z-refundacja-nfz\/#primaryimage","url":"https:\/\/i0.wp.com\/twojlekarz.net\/wp-content\/uploads\/TL_FB_wolne_terminy_styczen_www.png?fit=1080%2C1080&ssl=1","contentUrl":"https:\/\/i0.wp.com\/twojlekarz.net\/wp-content\/uploads\/TL_FB_wolne_terminy_styczen_www.png?fit=1080%2C1080&ssl=1","width":1080,"height":1080,"caption":"TL_FB_wolne_terminy_stycze\u0144_www"},{"@type":"BreadcrumbList","@id":"https:\/\/twojlekarz.net\/wolne-terminy-do-poradni-specjalistycznych-z-refundacja-nfz\/#breadcrumb","itemListElement":[{"@type":"ListItem","position":1,"name":"Strona g\u0142\u00f3wna","item":"https:\/\/twojlekarz.net\/"},{"@type":"ListItem","position":2,"name":"Wolne terminy do poradni specjalistycznych z refundacj\u0105 NFZ"}]},{"@type":"WebSite","@id":"https:\/\/twojlekarz.net\/#website","url":"https:\/\/twojlekarz.net\/","name":"NZOZ-Klinik \u201eTw\u00f3j Doktor\u201c sp","description":"","publisher":{"@id":"https:\/\/twojlekarz.net\/#organization"},"potentialAction":[{"@type":"SearchAction","target":{"@type":"EntryPoint","urlTemplate":"https:\/\/twojlekarz.net\/?s={search_term_string}"},"query-input":{"@type":"PropertyValueSpecification","valueRequired":true,"valueName":"search_term_string"}}],"inLanguage":"de"},{"@type":"Organization","@id":"https:\/\/twojlekarz.net\/#organization","name":"NZOZ-Klinik \u201eTw\u00f3j Doktor\u201c sp","url":"https:\/\/twojlekarz.net\/","logo":{"@type":"ImageObject","inLanguage":"de","@id":"https:\/\/twojlekarz.net\/#\/schema\/logo\/image\/","url":"https:\/\/i0.wp.com\/twojlekarz.net\/wp-content\/uploads\/twoj-lekarz-logo2-e1448917738554.jpg?fit=200%2C71&ssl=1","contentUrl":"https:\/\/i0.wp.com\/twojlekarz.net\/wp-content\/uploads\/twoj-lekarz-logo2-e1448917738554.jpg?fit=200%2C71&ssl=1","width":200,"height":71,"caption":"Przychodnia NZOZ \"Tw\u00f3j Lekarz\" sp. z o.o."},"image":{"@id":"https:\/\/twojlekarz.net\/#\/schema\/logo\/image\/"},"sameAs":["https:\/\/www.facebook.com\/NZOZTwojLekarz\/"]},{"@type":"Person","@id":"https:\/\/twojlekarz.net\/#\/schema\/person\/4872e4157107aad4013c32ac52a4b9b4","name":"NZOZ \u201eIhr Arzt\u201c","image":{"@type":"ImageObject","inLanguage":"de","@id":"https:\/\/secure.gravatar.com\/avatar\/9465837260f6ae13894c21dc64ea0fd37fae2ef5730310619b4823c3909befd4?s=96&d=mm&r=g","url":"https:\/\/secure.gravatar.com\/avatar\/9465837260f6ae13894c21dc64ea0fd37fae2ef5730310619b4823c3909befd4?s=96&d=mm&r=g","contentUrl":"https:\/\/secure.gravatar.com\/avatar\/9465837260f6ae13894c21dc64ea0fd37fae2ef5730310619b4823c3909befd4?s=96&d=mm&r=g","caption":"NZOZ \"Tw\u00f3j Lekarz\""},"url":"https:\/\/twojlekarz.net\/de\/author\/twojlekarz\/"}]}},"jetpack_featured_media_url":"https:\/\/i0.wp.com\/twojlekarz.net\/wp-content\/uploads\/TL_FB_wolne_terminy_styczen_www.png?fit=1080%2C1080&ssl=1","jetpack_sharing_enabled":true,"_links":{"self":[{"href":"https:\/\/twojlekarz.net\/de\/wp-json\/wp\/v2\/posts\/5871","targetHints":{"allow":["GET"]}}],"collection":[{"href":"https:\/\/twojlekarz.net\/de\/wp-json\/wp\/v2\/posts"}],"about":[{"href":"https:\/\/twojlekarz.net\/de\/wp-json\/wp\/v2\/types\/post"}],"author":[{"embeddable":true,"href":"https:\/\/twojlekarz.net\/de\/wp-json\/wp\/v2\/users\/9"}],"replies":[{"embeddable":true,"href":"https:\/\/twojlekarz.net\/de\/wp-json\/wp\/v2\/comments?post=5871"}],"version-history":[{"count":0,"href":"https:\/\/twojlekarz.net\/de\/wp-json\/wp\/v2\/posts\/5871\/revisions"}],"wp:featuredmedia":[{"embeddable":true,"href":"https:\/\/twojlekarz.net\/de\/wp-json\/wp\/v2\/media\/5872"}],"wp:attachment":[{"href":"https:\/\/twojlekarz.net\/de\/wp-json\/wp\/v2\/media?parent=5871"}],"wp:term":[{"taxonomy":"category","embeddable":true,"href":"https:\/\/twojlekarz.net\/de\/wp-json\/wp\/v2\/categories?post=5871"},{"taxonomy":"post_tag","embeddable":true,"href":"https:\/\/twojlekarz.net\/de\/wp-json\/wp\/v2\/tags?post=5871"}],"curies":[{"name":"wp","href":"https:\/\/api.w.org\/{rel}","templated":true}]}}