{"id":5978,"date":"2021-04-13T09:58:27","date_gmt":"2021-04-13T09:58:27","guid":{"rendered":"https:\/\/twojlekarz.net.pl\/?p=5978"},"modified":"2021-12-20T21:36:24","modified_gmt":"2021-12-20T21:36:24","slug":"szczepienia-przeciw-covid-19-od-rejestracji-po-przyjecie-preparatu","status":"publish","type":"post","link":"https:\/\/twojlekarz.net\/de\/szczepienia-przeciw-covid-19-od-rejestracji-po-przyjecie-preparatu\/","title":{"rendered":"Impfungen gegen Covid-19 \u2013 von der Anmeldung bis zur Einnahme des Pr\u00e4parats"},"content":{"rendered":"<div class=\"wp-block-group is-layout-flow wp-block-group-is-layout-flow\"><div class=\"wp-block-group__inner-container\"><\/div><\/div>\n\n\n\n<figure class=\"wp-block-image is-resized\"><img data-recalc-dims=\"1\" loading=\"lazy\" decoding=\"async\" src=\"https:\/\/i0.wp.com\/twojlekarz.net\/wp-content\/uploads\/tl-fb-infografika-szczepienia-roczniki.png?resize=405%2C506&#038;ssl=1\" alt=\"Obrazek posiada pusty atrybut alt; plik o nazwie tl-fb-infografika-szczepienia-roczniki.png\" width=\"405\" height=\"506\" \/><\/figure>\n\n\n\n<div style=\"height:37px\" aria-hidden=\"true\" class=\"wp-block-spacer\"><\/div>\n\n\n\n<h2 class=\"wp-block-heading\"><strong>Wie kann ich mich f\u00fcr einen bestimmten Termin anmelden?<\/strong><\/h2>\n\n\n\n<ul class=\"wp-block-list\"><li>telefonisch \u00fcber eine 24-Stunden-Gratis-Hotline \u2013<strong> 989<\/strong><\/li><li>per SMS an die Nummer <strong>664 908 556 <\/strong>oder <strong>880 333 333<\/strong> mit dem Inhalt: Lasst uns impfen.<\/li><li>elektronisch \u00fcber <strong>E-Registrierung <\/strong>verf\u00fcgbar auf <strong>patient.gov.pl<\/strong><\/li><li>durch Kontaktaufnahme <strong>HOTLINE<\/strong> <strong>NZOZ Ihr Arzt<\/strong> - <strong>71 311 12 36<\/strong><\/li><\/ul>\n\n\n\n<p>Informationen zur Anmeldung finden Sie hier:<\/p>\n\n\n\n<p><a href=\"https:\/\/www.gov.pl\/web\/szczepimysie\/rejestracja\">https:\/\/www.gov.pl\/web\/szczepimysie\/rejestracja<\/a><\/p>\n\n\n\n<p><\/p>\n\n\n\n<figure class=\"wp-block-image size-large is-resized\"><img data-recalc-dims=\"1\" loading=\"lazy\" decoding=\"async\" src=\"https:\/\/i0.wp.com\/twojlekarz.net\/wp-content\/uploads\/tl-fb-infografika-szczepienia-roczniki.png?resize=426%2C533&#038;ssl=1\" alt=\"\" class=\"wp-image-5979\" width=\"426\" height=\"533\" srcset=\"https:\/\/i0.wp.com\/twojlekarz.net\/wp-content\/uploads\/tl-fb-infografika-szczepienia-roczniki.png?w=800&amp;ssl=1 800w, https:\/\/i0.wp.com\/twojlekarz.net\/wp-content\/uploads\/tl-fb-infografika-szczepienia-roczniki.png?resize=240%2C300&amp;ssl=1 240w, https:\/\/i0.wp.com\/twojlekarz.net\/wp-content\/uploads\/tl-fb-infografika-szczepienia-roczniki.png?resize=768%2C960&amp;ssl=1 768w\" sizes=\"auto, (max-width: 426px) 100vw, 426px\" \/><\/figure>\n\n\n\n<p><\/p>\n\n\n\n<h2 class=\"wp-block-heading\"><strong>Was sollten Personen, die sich in den n\u00e4chsten Tagen zur Impfung angemeldet haben, beachten?<\/strong><\/h2>\n\n\n\n<p>Zun\u00e4chst m\u00fcssen Sie am angegebenen Tag und zur angegebenen Uhrzeit zum entsprechenden Impfzentrum erscheinen. Sie ben\u00f6tigen ein Ausweisdokument, vorzugsweise einen Personalausweis. Es empfiehlt sich, einen ausgef\u00fcllten Fragebogen mitzubringen, der die erste Voraussetzung f\u00fcr die Impfberechtigung darstellt. Die darin enthaltenen Fragen beziehen sich nicht nur auf Ihren aktuellen Gesundheitszustand, sondern auch auf chronische Erkrankungen.<strong><em>.&nbsp;<\/em><\/strong><\/p>\n\n\n\n<div class=\"wp-block-file\"><a href=\"https:\/\/twojlekarz.net\/wp-content\/uploads\/Kwestionariusz_wstepnego_wywiadu_przesiewowego_przed_szczepieniem_osoby_doroslej_przeciw_COVID-19.pdf\">Fragebogen_zum_Erstscreening-Interview_vor_der_Impfung_von_Erwachsenen_gegen_COVID-19<\/a><a href=\"https:\/\/twojlekarz.net\/wp-content\/uploads\/Kwestionariusz_wstepnego_wywiadu_przesiewowego_przed_szczepieniem_osoby_doroslej_przeciw_COVID-19.pdf\" class=\"wp-block-file__button\" download>Herunterladen<\/a><\/div>\n\n\n\n<p>Patienten mit einem ausgef\u00fcllten Fragebogen werden \u00e4rztlich untersucht. Bei einem positiven Ergebnis wird ihnen der Impfstoff intramuskul\u00e4r in den Arm verabreicht. Aus Sicherheitsgr\u00fcnden sollten geimpfte Personen 15 Minuten lang beobachtet werden. Das Auftreten pl\u00f6tzlicher, unerw\u00fcnschter Symptome sollte dem Klinikpersonal unverz\u00fcglich gemeldet werden. Vor dem Verlassen der Impfstelle ist das Datum der zweiten Impfdosis zu best\u00e4tigen.<\/p>\n\n\n\n<h2 class=\"wp-block-heading\"><strong>Ihr Arzt<\/strong> Tipps f\u00fcr eine schnelle und reibungslose Impfung:<\/h2>\n\n\n\n<p>\u2013 den f\u00fcr die Impfberechtigung erforderlichen Fragebogen ausdrucken, lesen und ausf\u00fcllen,<\/p>\n\n\n\n<p>\u2013 wenn Sie an einer chronischen Krankheit leiden, bringen Sie eine Liste der Medikamente mit, die Sie einnehmen,<\/p>\n\n\n\n<p>\u2013 vor der Abreise m\u00fcssen Sie den Standort der Impfstelle \u00fcberpr\u00fcfen,<\/p>\n\n\n\n<p>\u2013 p\u00fcnktlich zur vereinbarten Zeit erscheinen \u2013 es besteht keine Notwendigkeit, mehrere Dutzend Minuten vor der geplanten Impfung anzustehen,<\/p>\n\n\n\n<p>\u2013 bringen Sie unbedingt einen Lichtbildausweis mit,<\/p>\n\n\n\n<p>\u2013 kleiden Sie sich so, dass Sie Ihre Schulter freilegen k\u00f6nnen, ohne mehrere Kleidungsschichten ausziehen zu m\u00fcssen.<\/p>","protected":false},"excerpt":{"rendered":"<p>Die n\u00e4chste Registrierungsrunde f\u00fcr die COVID-19-Impfung hat begonnen. T\u00e4glich erhalten folgende Altersgruppen elektronische Impfempfehlungen. Weiterlesen.<\/p>","protected":false},"author":9,"featured_media":5908,"comment_status":"closed","ping_status":"closed","sticky":false,"template":"","format":"standard","meta":{"_jetpack_memberships_contains_paid_content":false,"footnotes":"","_wp_rev_ctl_limit":""},"categories":[90],"tags":[],"class_list":["post-5978","post","type-post","status-publish","format-standard","has-post-thumbnail","hentry","category-s1-aktualnoci"],"yoast_head":"<!-- This site is optimized with the Yoast SEO plugin v27.3 - https:\/\/yoast.com\/product\/yoast-seo-wordpress\/ -->\n<title>Szczepienia przeciw covid-19 - od rejestracji po przyj\u0119cie preparatu - Przychodnia NZOZ &quot;Tw\u00f3j Lekarz&quot; sp. z o.o.<\/title>\n<meta name=\"robots\" content=\"index, follow, max-snippet:-1, max-image-preview:large, max-video-preview:-1\" \/>\n<link rel=\"canonical\" href=\"https:\/\/twojlekarz.net\/de\/szczepienia-przeciw-covid-19-od-rejestracji-po-przyjecie-preparatu\/\" \/>\n<meta property=\"og:locale\" content=\"de_DE\" \/>\n<meta property=\"og:type\" content=\"article\" \/>\n<meta property=\"og:title\" content=\"Szczepienia przeciw covid-19 - od rejestracji po przyj\u0119cie preparatu - Przychodnia NZOZ &quot;Tw\u00f3j Lekarz&quot; sp. z o.o.\" \/>\n<meta property=\"og:description\" content=\"Rozpocz\u0119\u0142a si\u0119 kolejna tura rejestracji na szczepienia przeciw COVID-19. Ka\u017cdego dnia e-skierowanie na szczepienie otrzymuj\u0105 nast\u0119puj\u0105ce roczniki. Czytaj wi\u0119cej.\" \/>\n<meta property=\"og:url\" content=\"https:\/\/twojlekarz.net\/de\/szczepienia-przeciw-covid-19-od-rejestracji-po-przyjecie-preparatu\/\" \/>\n<meta property=\"og:site_name\" content=\"Przychodnia NZOZ &quot;Tw\u00f3j Lekarz&quot; sp. z o.o.\" \/>\n<meta property=\"article:publisher\" content=\"https:\/\/www.facebook.com\/NZOZTwojLekarz\/\" \/>\n<meta property=\"article:published_time\" content=\"2021-04-13T09:58:27+00:00\" \/>\n<meta property=\"article:modified_time\" content=\"2021-12-20T21:36:24+00:00\" \/>\n<meta property=\"og:image\" content=\"https:\/\/twojlekarz.net\/wp-content\/uploads\/Tl_pierwszy-dzien-szczepien-20.jpg\" \/>\n\t<meta property=\"og:image:width\" content=\"1498\" \/>\n\t<meta property=\"og:image:height\" content=\"1000\" \/>\n\t<meta property=\"og:image:type\" content=\"image\/jpeg\" \/>\n<meta name=\"author\" content=\"NZOZ &quot;Tw\u00f3j Lekarz&quot;\" \/>\n<meta name=\"twitter:card\" content=\"summary_large_image\" \/>\n<meta name=\"twitter:label1\" content=\"Verfasst von\" \/>\n\t<meta name=\"twitter:data1\" content=\"NZOZ &quot;Tw\u00f3j Lekarz&quot;\" \/>\n\t<meta name=\"twitter:label2\" content=\"Gesch\u00e4tzte Lesezeit\" \/>\n\t<meta name=\"twitter:data2\" content=\"2\u00a0Minuten\" \/>\n<script type=\"application\/ld+json\" class=\"yoast-schema-graph\">{\"@context\":\"https:\\\/\\\/schema.org\",\"@graph\":[{\"@type\":\"Article\",\"@id\":\"https:\\\/\\\/twojlekarz.net\\\/szczepienia-przeciw-covid-19-od-rejestracji-po-przyjecie-preparatu\\\/#article\",\"isPartOf\":{\"@id\":\"https:\\\/\\\/twojlekarz.net\\\/szczepienia-przeciw-covid-19-od-rejestracji-po-przyjecie-preparatu\\\/\"},\"author\":{\"name\":\"NZOZ \\\"Tw\u00f3j Lekarz\\\"\",\"@id\":\"https:\\\/\\\/twojlekarz.net\\\/#\\\/schema\\\/person\\\/4872e4157107aad4013c32ac52a4b9b4\"},\"headline\":\"Szczepienia przeciw covid-19 &#8211; od rejestracji po przyj\u0119cie preparatu\",\"datePublished\":\"2021-04-13T09:58:27+00:00\",\"dateModified\":\"2021-12-20T21:36:24+00:00\",\"mainEntityOfPage\":{\"@id\":\"https:\\\/\\\/twojlekarz.net\\\/szczepienia-przeciw-covid-19-od-rejestracji-po-przyjecie-preparatu\\\/\"},\"wordCount\":320,\"publisher\":{\"@id\":\"https:\\\/\\\/twojlekarz.net\\\/#organization\"},\"image\":{\"@id\":\"https:\\\/\\\/twojlekarz.net\\\/szczepienia-przeciw-covid-19-od-rejestracji-po-przyjecie-preparatu\\\/#primaryimage\"},\"thumbnailUrl\":\"https:\\\/\\\/i0.wp.com\\\/twojlekarz.net\\\/wp-content\\\/uploads\\\/Tl_pierwszy-dzien-szczepien-20.jpg?fit=1498%2C1000&ssl=1\",\"articleSection\":[\"Aktualno\u015bci\"],\"inLanguage\":\"de\"},{\"@type\":\"WebPage\",\"@id\":\"https:\\\/\\\/twojlekarz.net\\\/szczepienia-przeciw-covid-19-od-rejestracji-po-przyjecie-preparatu\\\/\",\"url\":\"https:\\\/\\\/twojlekarz.net\\\/szczepienia-przeciw-covid-19-od-rejestracji-po-przyjecie-preparatu\\\/\",\"name\":\"Szczepienia przeciw covid-19 - od rejestracji po przyj\u0119cie preparatu - Przychodnia NZOZ &quot;Tw\u00f3j Lekarz&quot; sp. z o.o.\",\"isPartOf\":{\"@id\":\"https:\\\/\\\/twojlekarz.net\\\/#website\"},\"primaryImageOfPage\":{\"@id\":\"https:\\\/\\\/twojlekarz.net\\\/szczepienia-przeciw-covid-19-od-rejestracji-po-przyjecie-preparatu\\\/#primaryimage\"},\"image\":{\"@id\":\"https:\\\/\\\/twojlekarz.net\\\/szczepienia-przeciw-covid-19-od-rejestracji-po-przyjecie-preparatu\\\/#primaryimage\"},\"thumbnailUrl\":\"https:\\\/\\\/i0.wp.com\\\/twojlekarz.net\\\/wp-content\\\/uploads\\\/Tl_pierwszy-dzien-szczepien-20.jpg?fit=1498%2C1000&ssl=1\",\"datePublished\":\"2021-04-13T09:58:27+00:00\",\"dateModified\":\"2021-12-20T21:36:24+00:00\",\"breadcrumb\":{\"@id\":\"https:\\\/\\\/twojlekarz.net\\\/szczepienia-przeciw-covid-19-od-rejestracji-po-przyjecie-preparatu\\\/#breadcrumb\"},\"inLanguage\":\"de\",\"potentialAction\":[{\"@type\":\"ReadAction\",\"target\":[\"https:\\\/\\\/twojlekarz.net\\\/szczepienia-przeciw-covid-19-od-rejestracji-po-przyjecie-preparatu\\\/\"]}]},{\"@type\":\"ImageObject\",\"inLanguage\":\"de\",\"@id\":\"https:\\\/\\\/twojlekarz.net\\\/szczepienia-przeciw-covid-19-od-rejestracji-po-przyjecie-preparatu\\\/#primaryimage\",\"url\":\"https:\\\/\\\/i0.wp.com\\\/twojlekarz.net\\\/wp-content\\\/uploads\\\/Tl_pierwszy-dzien-szczepien-20.jpg?fit=1498%2C1000&ssl=1\",\"contentUrl\":\"https:\\\/\\\/i0.wp.com\\\/twojlekarz.net\\\/wp-content\\\/uploads\\\/Tl_pierwszy-dzien-szczepien-20.jpg?fit=1498%2C1000&ssl=1\",\"width\":1498,\"height\":1000,\"caption\":\"Tl_pierwszy dzien szczepien0\"},{\"@type\":\"BreadcrumbList\",\"@id\":\"https:\\\/\\\/twojlekarz.net\\\/szczepienia-przeciw-covid-19-od-rejestracji-po-przyjecie-preparatu\\\/#breadcrumb\",\"itemListElement\":[{\"@type\":\"ListItem\",\"position\":1,\"name\":\"Strona g\u0142\u00f3wna\",\"item\":\"https:\\\/\\\/twojlekarz.net\\\/\"},{\"@type\":\"ListItem\",\"position\":2,\"name\":\"Szczepienia przeciw covid-19 &#8211; od rejestracji po przyj\u0119cie preparatu\"}]},{\"@type\":\"WebSite\",\"@id\":\"https:\\\/\\\/twojlekarz.net\\\/#website\",\"url\":\"https:\\\/\\\/twojlekarz.net\\\/\",\"name\":\"Przychodnia NZOZ \\\"Tw\u00f3j Lekarz\\\" sp. z o.o.\",\"description\":\"\",\"publisher\":{\"@id\":\"https:\\\/\\\/twojlekarz.net\\\/#organization\"},\"potentialAction\":[{\"@type\":\"SearchAction\",\"target\":{\"@type\":\"EntryPoint\",\"urlTemplate\":\"https:\\\/\\\/twojlekarz.net\\\/?s={search_term_string}\"},\"query-input\":{\"@type\":\"PropertyValueSpecification\",\"valueRequired\":true,\"valueName\":\"search_term_string\"}}],\"inLanguage\":\"de\"},{\"@type\":\"Organization\",\"@id\":\"https:\\\/\\\/twojlekarz.net\\\/#organization\",\"name\":\"Przychodnia NZOZ \\\"Tw\u00f3j Lekarz\\\" sp. z o.o.\",\"url\":\"https:\\\/\\\/twojlekarz.net\\\/\",\"logo\":{\"@type\":\"ImageObject\",\"inLanguage\":\"de\",\"@id\":\"https:\\\/\\\/twojlekarz.net\\\/#\\\/schema\\\/logo\\\/image\\\/\",\"url\":\"https:\\\/\\\/i0.wp.com\\\/twojlekarz.net\\\/wp-content\\\/uploads\\\/twoj-lekarz-logo2-e1448917738554.jpg?fit=200%2C71&ssl=1\",\"contentUrl\":\"https:\\\/\\\/i0.wp.com\\\/twojlekarz.net\\\/wp-content\\\/uploads\\\/twoj-lekarz-logo2-e1448917738554.jpg?fit=200%2C71&ssl=1\",\"width\":200,\"height\":71,\"caption\":\"Przychodnia NZOZ \\\"Tw\u00f3j Lekarz\\\" sp. z o.o.\"},\"image\":{\"@id\":\"https:\\\/\\\/twojlekarz.net\\\/#\\\/schema\\\/logo\\\/image\\\/\"},\"sameAs\":[\"https:\\\/\\\/www.facebook.com\\\/NZOZTwojLekarz\\\/\"]},{\"@type\":\"Person\",\"@id\":\"https:\\\/\\\/twojlekarz.net\\\/#\\\/schema\\\/person\\\/4872e4157107aad4013c32ac52a4b9b4\",\"name\":\"NZOZ \\\"Tw\u00f3j Lekarz\\\"\",\"image\":{\"@type\":\"ImageObject\",\"inLanguage\":\"de\",\"@id\":\"https:\\\/\\\/secure.gravatar.com\\\/avatar\\\/9465837260f6ae13894c21dc64ea0fd37fae2ef5730310619b4823c3909befd4?s=96&d=mm&r=g\",\"url\":\"https:\\\/\\\/secure.gravatar.com\\\/avatar\\\/9465837260f6ae13894c21dc64ea0fd37fae2ef5730310619b4823c3909befd4?s=96&d=mm&r=g\",\"contentUrl\":\"https:\\\/\\\/secure.gravatar.com\\\/avatar\\\/9465837260f6ae13894c21dc64ea0fd37fae2ef5730310619b4823c3909befd4?s=96&d=mm&r=g\",\"caption\":\"NZOZ \\\"Tw\u00f3j Lekarz\\\"\"},\"url\":\"https:\\\/\\\/twojlekarz.net\\\/de\\\/author\\\/twojlekarz\\\/\"}]}<\/script>\n<!-- \/ Yoast SEO plugin. -->","yoast_head_json":{"title":"Szczepienia przeciw covid-19 - od rejestracji po przyj\u0119cie preparatu - Przychodnia NZOZ &quot;Tw\u00f3j Lekarz&quot; sp. z o.o.","robots":{"index":"index","follow":"follow","max-snippet":"max-snippet:-1","max-image-preview":"max-image-preview:large","max-video-preview":"max-video-preview:-1"},"canonical":"https:\/\/twojlekarz.net\/de\/szczepienia-przeciw-covid-19-od-rejestracji-po-przyjecie-preparatu\/","og_locale":"de_DE","og_type":"article","og_title":"Szczepienia przeciw covid-19 - od rejestracji po przyj\u0119cie preparatu - Przychodnia NZOZ &quot;Tw\u00f3j Lekarz&quot; sp. z o.o.","og_description":"Rozpocz\u0119\u0142a si\u0119 kolejna tura rejestracji na szczepienia przeciw COVID-19. Ka\u017cdego dnia e-skierowanie na szczepienie otrzymuj\u0105 nast\u0119puj\u0105ce roczniki. Czytaj wi\u0119cej.","og_url":"https:\/\/twojlekarz.net\/de\/szczepienia-przeciw-covid-19-od-rejestracji-po-przyjecie-preparatu\/","og_site_name":"Przychodnia NZOZ &quot;Tw\u00f3j Lekarz&quot; sp. z o.o.","article_publisher":"https:\/\/www.facebook.com\/NZOZTwojLekarz\/","article_published_time":"2021-04-13T09:58:27+00:00","article_modified_time":"2021-12-20T21:36:24+00:00","og_image":[{"width":1498,"height":1000,"url":"https:\/\/twojlekarz.net\/wp-content\/uploads\/Tl_pierwszy-dzien-szczepien-20.jpg","type":"image\/jpeg"}],"author":"NZOZ \"Tw\u00f3j Lekarz\"","twitter_card":"summary_large_image","twitter_misc":{"Verfasst von":"NZOZ \"Tw\u00f3j Lekarz\"","Gesch\u00e4tzte Lesezeit":"2\u00a0Minuten"},"schema":{"@context":"https:\/\/schema.org","@graph":[{"@type":"Article","@id":"https:\/\/twojlekarz.net\/szczepienia-przeciw-covid-19-od-rejestracji-po-przyjecie-preparatu\/#article","isPartOf":{"@id":"https:\/\/twojlekarz.net\/szczepienia-przeciw-covid-19-od-rejestracji-po-przyjecie-preparatu\/"},"author":{"name":"NZOZ \"Tw\u00f3j Lekarz\"","@id":"https:\/\/twojlekarz.net\/#\/schema\/person\/4872e4157107aad4013c32ac52a4b9b4"},"headline":"Szczepienia przeciw covid-19 &#8211; od rejestracji po przyj\u0119cie preparatu","datePublished":"2021-04-13T09:58:27+00:00","dateModified":"2021-12-20T21:36:24+00:00","mainEntityOfPage":{"@id":"https:\/\/twojlekarz.net\/szczepienia-przeciw-covid-19-od-rejestracji-po-przyjecie-preparatu\/"},"wordCount":320,"publisher":{"@id":"https:\/\/twojlekarz.net\/#organization"},"image":{"@id":"https:\/\/twojlekarz.net\/szczepienia-przeciw-covid-19-od-rejestracji-po-przyjecie-preparatu\/#primaryimage"},"thumbnailUrl":"https:\/\/i0.wp.com\/twojlekarz.net\/wp-content\/uploads\/Tl_pierwszy-dzien-szczepien-20.jpg?fit=1498%2C1000&ssl=1","articleSection":["Aktualno\u015bci"],"inLanguage":"de"},{"@type":"WebPage","@id":"https:\/\/twojlekarz.net\/szczepienia-przeciw-covid-19-od-rejestracji-po-przyjecie-preparatu\/","url":"https:\/\/twojlekarz.net\/szczepienia-przeciw-covid-19-od-rejestracji-po-przyjecie-preparatu\/","name":"Szczepienia przeciw covid-19 - od rejestracji po przyj\u0119cie preparatu - Przychodnia NZOZ &quot;Tw\u00f3j Lekarz&quot; sp. z o.o.","isPartOf":{"@id":"https:\/\/twojlekarz.net\/#website"},"primaryImageOfPage":{"@id":"https:\/\/twojlekarz.net\/szczepienia-przeciw-covid-19-od-rejestracji-po-przyjecie-preparatu\/#primaryimage"},"image":{"@id":"https:\/\/twojlekarz.net\/szczepienia-przeciw-covid-19-od-rejestracji-po-przyjecie-preparatu\/#primaryimage"},"thumbnailUrl":"https:\/\/i0.wp.com\/twojlekarz.net\/wp-content\/uploads\/Tl_pierwszy-dzien-szczepien-20.jpg?fit=1498%2C1000&ssl=1","datePublished":"2021-04-13T09:58:27+00:00","dateModified":"2021-12-20T21:36:24+00:00","breadcrumb":{"@id":"https:\/\/twojlekarz.net\/szczepienia-przeciw-covid-19-od-rejestracji-po-przyjecie-preparatu\/#breadcrumb"},"inLanguage":"de","potentialAction":[{"@type":"ReadAction","target":["https:\/\/twojlekarz.net\/szczepienia-przeciw-covid-19-od-rejestracji-po-przyjecie-preparatu\/"]}]},{"@type":"ImageObject","inLanguage":"de","@id":"https:\/\/twojlekarz.net\/szczepienia-przeciw-covid-19-od-rejestracji-po-przyjecie-preparatu\/#primaryimage","url":"https:\/\/i0.wp.com\/twojlekarz.net\/wp-content\/uploads\/Tl_pierwszy-dzien-szczepien-20.jpg?fit=1498%2C1000&ssl=1","contentUrl":"https:\/\/i0.wp.com\/twojlekarz.net\/wp-content\/uploads\/Tl_pierwszy-dzien-szczepien-20.jpg?fit=1498%2C1000&ssl=1","width":1498,"height":1000,"caption":"Tl_pierwszy dzien szczepien0"},{"@type":"BreadcrumbList","@id":"https:\/\/twojlekarz.net\/szczepienia-przeciw-covid-19-od-rejestracji-po-przyjecie-preparatu\/#breadcrumb","itemListElement":[{"@type":"ListItem","position":1,"name":"Strona g\u0142\u00f3wna","item":"https:\/\/twojlekarz.net\/"},{"@type":"ListItem","position":2,"name":"Szczepienia przeciw covid-19 &#8211; od rejestracji po przyj\u0119cie preparatu"}]},{"@type":"WebSite","@id":"https:\/\/twojlekarz.net\/#website","url":"https:\/\/twojlekarz.net\/","name":"NZOZ-Klinik \u201eTw\u00f3j Doktor\u201c sp","description":"","publisher":{"@id":"https:\/\/twojlekarz.net\/#organization"},"potentialAction":[{"@type":"SearchAction","target":{"@type":"EntryPoint","urlTemplate":"https:\/\/twojlekarz.net\/?s={search_term_string}"},"query-input":{"@type":"PropertyValueSpecification","valueRequired":true,"valueName":"search_term_string"}}],"inLanguage":"de"},{"@type":"Organization","@id":"https:\/\/twojlekarz.net\/#organization","name":"NZOZ-Klinik \u201eTw\u00f3j Doktor\u201c sp","url":"https:\/\/twojlekarz.net\/","logo":{"@type":"ImageObject","inLanguage":"de","@id":"https:\/\/twojlekarz.net\/#\/schema\/logo\/image\/","url":"https:\/\/i0.wp.com\/twojlekarz.net\/wp-content\/uploads\/twoj-lekarz-logo2-e1448917738554.jpg?fit=200%2C71&ssl=1","contentUrl":"https:\/\/i0.wp.com\/twojlekarz.net\/wp-content\/uploads\/twoj-lekarz-logo2-e1448917738554.jpg?fit=200%2C71&ssl=1","width":200,"height":71,"caption":"Przychodnia NZOZ \"Tw\u00f3j Lekarz\" sp. z o.o."},"image":{"@id":"https:\/\/twojlekarz.net\/#\/schema\/logo\/image\/"},"sameAs":["https:\/\/www.facebook.com\/NZOZTwojLekarz\/"]},{"@type":"Person","@id":"https:\/\/twojlekarz.net\/#\/schema\/person\/4872e4157107aad4013c32ac52a4b9b4","name":"NZOZ \u201eIhr Arzt\u201c","image":{"@type":"ImageObject","inLanguage":"de","@id":"https:\/\/secure.gravatar.com\/avatar\/9465837260f6ae13894c21dc64ea0fd37fae2ef5730310619b4823c3909befd4?s=96&d=mm&r=g","url":"https:\/\/secure.gravatar.com\/avatar\/9465837260f6ae13894c21dc64ea0fd37fae2ef5730310619b4823c3909befd4?s=96&d=mm&r=g","contentUrl":"https:\/\/secure.gravatar.com\/avatar\/9465837260f6ae13894c21dc64ea0fd37fae2ef5730310619b4823c3909befd4?s=96&d=mm&r=g","caption":"NZOZ \"Tw\u00f3j Lekarz\""},"url":"https:\/\/twojlekarz.net\/de\/author\/twojlekarz\/"}]}},"jetpack_featured_media_url":"https:\/\/i0.wp.com\/twojlekarz.net\/wp-content\/uploads\/Tl_pierwszy-dzien-szczepien-20.jpg?fit=1498%2C1000&ssl=1","jetpack_sharing_enabled":true,"_links":{"self":[{"href":"https:\/\/twojlekarz.net\/de\/wp-json\/wp\/v2\/posts\/5978","targetHints":{"allow":["GET"]}}],"collection":[{"href":"https:\/\/twojlekarz.net\/de\/wp-json\/wp\/v2\/posts"}],"about":[{"href":"https:\/\/twojlekarz.net\/de\/wp-json\/wp\/v2\/types\/post"}],"author":[{"embeddable":true,"href":"https:\/\/twojlekarz.net\/de\/wp-json\/wp\/v2\/users\/9"}],"replies":[{"embeddable":true,"href":"https:\/\/twojlekarz.net\/de\/wp-json\/wp\/v2\/comments?post=5978"}],"version-history":[{"count":0,"href":"https:\/\/twojlekarz.net\/de\/wp-json\/wp\/v2\/posts\/5978\/revisions"}],"wp:featuredmedia":[{"embeddable":true,"href":"https:\/\/twojlekarz.net\/de\/wp-json\/wp\/v2\/media\/5908"}],"wp:attachment":[{"href":"https:\/\/twojlekarz.net\/de\/wp-json\/wp\/v2\/media?parent=5978"}],"wp:term":[{"taxonomy":"category","embeddable":true,"href":"https:\/\/twojlekarz.net\/de\/wp-json\/wp\/v2\/categories?post=5978"},{"taxonomy":"post_tag","embeddable":true,"href":"https:\/\/twojlekarz.net\/de\/wp-json\/wp\/v2\/tags?post=5978"}],"curies":[{"name":"wp","href":"https:\/\/api.w.org\/{rel}","templated":true}]}}