{"id":5880,"date":"2021-02-02T16:45:57","date_gmt":"2021-02-02T16:45:57","guid":{"rendered":"https:\/\/twojlekarz.net.pl\/?p=5880"},"modified":"2021-12-23T18:23:21","modified_gmt":"2021-12-23T18:23:21","slug":"wznawiamy-akcje-szczepien-po-opoznionych-dostawach-preparatu","status":"publish","type":"post","link":"https:\/\/twojlekarz.net\/en\/wznawiamy-akcje-szczepien-po-opoznionych-dostawach-preparatu\/","title":{"rendered":"We are resuming the vaccination campaign after delayed deliveries of the vaccine"},"content":{"rendered":"<p>Delayed delivery of vaccines against <strong>COVID-19<\/strong> is now reaching the NZOZ Your Doctor vaccination points! This means that from <strong>Wednesday, February 3<\/strong> the vaccination campaign planned for this week will continue.<em>Patients who were registered for Monday and Tuesday have already received information about the new date&quot;<\/em> - he assures <strong>Kamila Kosinska<\/strong> Coordinator of the Registration Team of NZOZ Your Physician.<\/p>\n\n\n\n<p>Six Your Doctor vaccination points are to vaccinate 180 people this week. Registered people should remember to show up at the right point, on the designated day and time. You should have an identity document with you, preferably an ID card. On site, you must fill out a questionnaire, which is the first stage of qualifying for vaccination.<\/p>\n\n\n\n<figure class=\"wp-block-image size-large is-resized\"><img data-recalc-dims=\"1\" loading=\"lazy\" decoding=\"async\" src=\"https:\/\/i0.wp.com\/twojlekarz.net\/wp-content\/uploads\/tl_fb_infografika_szczepienia_c19.png?resize=371%2C464&#038;ssl=1\" alt=\"tl_fb_infografika_szczepienia_c19\" class=\"wp-image-5851\" width=\"371\" height=\"464\" srcset=\"https:\/\/i0.wp.com\/twojlekarz.net\/wp-content\/uploads\/tl_fb_infografika_szczepienia_c19.png?w=800&amp;ssl=1 800w, https:\/\/i0.wp.com\/twojlekarz.net\/wp-content\/uploads\/tl_fb_infografika_szczepienia_c19.png?resize=240%2C300&amp;ssl=1 240w, https:\/\/i0.wp.com\/twojlekarz.net\/wp-content\/uploads\/tl_fb_infografika_szczepienia_c19.png?resize=768%2C960&amp;ssl=1 768w\" sizes=\"auto, (max-width: 371px) 100vw, 371px\" \/><\/figure>","protected":false},"excerpt":{"rendered":"<p>Delayed delivery of COVID-19 vaccines is now reaching NZOZ Tw\u00f3j Lekarz vaccination points! This means that the vaccination campaign planned for this week will continue from Wednesday, February 3. &quot;Patients who were registered for Monday and Tuesday have already received information about the new date,&quot; assures Kamila Kosi\u0144ska, Coordinator of the NZOZ Tw\u00f3j Lekarz Registration Team.<\/p>","protected":false},"author":9,"featured_media":5878,"comment_status":"closed","ping_status":"closed","sticky":false,"template":"","format":"standard","meta":{"_jetpack_memberships_contains_paid_content":false,"footnotes":"","_wp_rev_ctl_limit":""},"categories":[90],"tags":[],"class_list":["post-5880","post","type-post","status-publish","format-standard","has-post-thumbnail","hentry","category-s1-aktualnoci"],"yoast_head":"<!-- This site is optimized with the Yoast SEO plugin v27.3 - https:\/\/yoast.com\/product\/yoast-seo-wordpress\/ -->\n<title>Wznawiamy akcj\u0119 szczepie\u0144 po op\u00f3\u017anionych dostawach preparatu - Przychodnia NZOZ &quot;Tw\u00f3j Lekarz&quot; sp. z o.o.<\/title>\n<meta name=\"robots\" content=\"index, follow, max-snippet:-1, max-image-preview:large, max-video-preview:-1\" \/>\n<link rel=\"canonical\" href=\"https:\/\/twojlekarz.net\/en\/wznawiamy-akcje-szczepien-po-opoznionych-dostawach-preparatu\/\" \/>\n<meta property=\"og:locale\" content=\"en_GB\" \/>\n<meta property=\"og:type\" content=\"article\" \/>\n<meta property=\"og:title\" content=\"Wznawiamy akcj\u0119 szczepie\u0144 po op\u00f3\u017anionych dostawach preparatu - Przychodnia NZOZ &quot;Tw\u00f3j Lekarz&quot; sp. z o.o.\" \/>\n<meta property=\"og:description\" content=\"Op\u00f3\u017aniona dostawa szczepionek przeciw COVID-19 dociera w\u0142a\u015bnie do punkt\u00f3w szczepie\u0144 NZOZ Tw\u00f3j Lekarz! Oznacza to, \u017ce od \u015brody 3 lutego trwa\u0107 b\u0119dzie zaplanowana na ten tydzie\u0144 akcja szczepie\u0144. \u201ePacjenci, kt\u00f3rzy byli zarejestrowani na poniedzia\u0142ek i wtorek otrzymali ju\u017c informacje o nowym terminie\u201d \u2013 zapewnia Kamila Kosi\u0144ska Koordynatorka Zespo\u0142u Rejestracji NZOZ Tw\u00f3j Lekarz.\" \/>\n<meta property=\"og:url\" content=\"https:\/\/twojlekarz.net\/en\/wznawiamy-akcje-szczepien-po-opoznionych-dostawach-preparatu\/\" \/>\n<meta property=\"og:site_name\" content=\"Przychodnia NZOZ &quot;Tw\u00f3j Lekarz&quot; sp. z o.o.\" \/>\n<meta property=\"article:publisher\" content=\"https:\/\/www.facebook.com\/NZOZTwojLekarz\/\" \/>\n<meta property=\"article:published_time\" content=\"2021-02-02T16:45:57+00:00\" \/>\n<meta property=\"article:modified_time\" content=\"2021-12-23T18:23:21+00:00\" \/>\n<meta property=\"og:image\" content=\"https:\/\/twojlekarz.net\/wp-content\/uploads\/Tl_pierwszy-dzien-szczepien-6-1.jpg\" \/>\n\t<meta property=\"og:image:width\" content=\"1498\" \/>\n\t<meta property=\"og:image:height\" content=\"1000\" \/>\n\t<meta property=\"og:image:type\" content=\"image\/jpeg\" \/>\n<meta name=\"author\" content=\"NZOZ &quot;Tw\u00f3j Lekarz&quot;\" \/>\n<meta name=\"twitter:card\" content=\"summary_large_image\" \/>\n<meta name=\"twitter:label1\" content=\"Written by\" \/>\n\t<meta name=\"twitter:data1\" content=\"NZOZ &quot;Tw\u00f3j Lekarz&quot;\" \/>\n\t<meta name=\"twitter:label2\" content=\"Estimated reading time\" \/>\n\t<meta name=\"twitter:data2\" content=\"1 minute\" \/>\n<script type=\"application\/ld+json\" class=\"yoast-schema-graph\">{\"@context\":\"https:\\\/\\\/schema.org\",\"@graph\":[{\"@type\":\"Article\",\"@id\":\"https:\\\/\\\/twojlekarz.net\\\/wznawiamy-akcje-szczepien-po-opoznionych-dostawach-preparatu\\\/#article\",\"isPartOf\":{\"@id\":\"https:\\\/\\\/twojlekarz.net\\\/wznawiamy-akcje-szczepien-po-opoznionych-dostawach-preparatu\\\/\"},\"author\":{\"name\":\"NZOZ \\\"Tw\u00f3j Lekarz\\\"\",\"@id\":\"https:\\\/\\\/twojlekarz.net\\\/#\\\/schema\\\/person\\\/4872e4157107aad4013c32ac52a4b9b4\"},\"headline\":\"Wznawiamy akcj\u0119 szczepie\u0144 po op\u00f3\u017anionych dostawach preparatu\",\"datePublished\":\"2021-02-02T16:45:57+00:00\",\"dateModified\":\"2021-12-23T18:23:21+00:00\",\"mainEntityOfPage\":{\"@id\":\"https:\\\/\\\/twojlekarz.net\\\/wznawiamy-akcje-szczepien-po-opoznionych-dostawach-preparatu\\\/\"},\"wordCount\":129,\"publisher\":{\"@id\":\"https:\\\/\\\/twojlekarz.net\\\/#organization\"},\"image\":{\"@id\":\"https:\\\/\\\/twojlekarz.net\\\/wznawiamy-akcje-szczepien-po-opoznionych-dostawach-preparatu\\\/#primaryimage\"},\"thumbnailUrl\":\"https:\\\/\\\/i0.wp.com\\\/twojlekarz.net\\\/wp-content\\\/uploads\\\/Tl_pierwszy-dzien-szczepien-6-1.jpg?fit=1498%2C1000&ssl=1\",\"articleSection\":[\"Aktualno\u015bci\"],\"inLanguage\":\"en-GB\"},{\"@type\":\"WebPage\",\"@id\":\"https:\\\/\\\/twojlekarz.net\\\/wznawiamy-akcje-szczepien-po-opoznionych-dostawach-preparatu\\\/\",\"url\":\"https:\\\/\\\/twojlekarz.net\\\/wznawiamy-akcje-szczepien-po-opoznionych-dostawach-preparatu\\\/\",\"name\":\"Wznawiamy akcj\u0119 szczepie\u0144 po op\u00f3\u017anionych dostawach preparatu - Przychodnia NZOZ &quot;Tw\u00f3j Lekarz&quot; sp. z o.o.\",\"isPartOf\":{\"@id\":\"https:\\\/\\\/twojlekarz.net\\\/#website\"},\"primaryImageOfPage\":{\"@id\":\"https:\\\/\\\/twojlekarz.net\\\/wznawiamy-akcje-szczepien-po-opoznionych-dostawach-preparatu\\\/#primaryimage\"},\"image\":{\"@id\":\"https:\\\/\\\/twojlekarz.net\\\/wznawiamy-akcje-szczepien-po-opoznionych-dostawach-preparatu\\\/#primaryimage\"},\"thumbnailUrl\":\"https:\\\/\\\/i0.wp.com\\\/twojlekarz.net\\\/wp-content\\\/uploads\\\/Tl_pierwszy-dzien-szczepien-6-1.jpg?fit=1498%2C1000&ssl=1\",\"datePublished\":\"2021-02-02T16:45:57+00:00\",\"dateModified\":\"2021-12-23T18:23:21+00:00\",\"breadcrumb\":{\"@id\":\"https:\\\/\\\/twojlekarz.net\\\/wznawiamy-akcje-szczepien-po-opoznionych-dostawach-preparatu\\\/#breadcrumb\"},\"inLanguage\":\"en-GB\",\"potentialAction\":[{\"@type\":\"ReadAction\",\"target\":[\"https:\\\/\\\/twojlekarz.net\\\/wznawiamy-akcje-szczepien-po-opoznionych-dostawach-preparatu\\\/\"]}]},{\"@type\":\"ImageObject\",\"inLanguage\":\"en-GB\",\"@id\":\"https:\\\/\\\/twojlekarz.net\\\/wznawiamy-akcje-szczepien-po-opoznionych-dostawach-preparatu\\\/#primaryimage\",\"url\":\"https:\\\/\\\/i0.wp.com\\\/twojlekarz.net\\\/wp-content\\\/uploads\\\/Tl_pierwszy-dzien-szczepien-6-1.jpg?fit=1498%2C1000&ssl=1\",\"contentUrl\":\"https:\\\/\\\/i0.wp.com\\\/twojlekarz.net\\\/wp-content\\\/uploads\\\/Tl_pierwszy-dzien-szczepien-6-1.jpg?fit=1498%2C1000&ssl=1\",\"width\":1498,\"height\":1000,\"caption\":\"Tl_pierwszy dzien szczepien-6 (1)\"},{\"@type\":\"BreadcrumbList\",\"@id\":\"https:\\\/\\\/twojlekarz.net\\\/wznawiamy-akcje-szczepien-po-opoznionych-dostawach-preparatu\\\/#breadcrumb\",\"itemListElement\":[{\"@type\":\"ListItem\",\"position\":1,\"name\":\"Strona g\u0142\u00f3wna\",\"item\":\"https:\\\/\\\/twojlekarz.net\\\/\"},{\"@type\":\"ListItem\",\"position\":2,\"name\":\"Wznawiamy akcj\u0119 szczepie\u0144 po op\u00f3\u017anionych dostawach preparatu\"}]},{\"@type\":\"WebSite\",\"@id\":\"https:\\\/\\\/twojlekarz.net\\\/#website\",\"url\":\"https:\\\/\\\/twojlekarz.net\\\/\",\"name\":\"Przychodnia NZOZ \\\"Tw\u00f3j Lekarz\\\" sp. z o.o.\",\"description\":\"\",\"publisher\":{\"@id\":\"https:\\\/\\\/twojlekarz.net\\\/#organization\"},\"potentialAction\":[{\"@type\":\"SearchAction\",\"target\":{\"@type\":\"EntryPoint\",\"urlTemplate\":\"https:\\\/\\\/twojlekarz.net\\\/?s={search_term_string}\"},\"query-input\":{\"@type\":\"PropertyValueSpecification\",\"valueRequired\":true,\"valueName\":\"search_term_string\"}}],\"inLanguage\":\"en-GB\"},{\"@type\":\"Organization\",\"@id\":\"https:\\\/\\\/twojlekarz.net\\\/#organization\",\"name\":\"Przychodnia NZOZ \\\"Tw\u00f3j Lekarz\\\" sp. z o.o.\",\"url\":\"https:\\\/\\\/twojlekarz.net\\\/\",\"logo\":{\"@type\":\"ImageObject\",\"inLanguage\":\"en-GB\",\"@id\":\"https:\\\/\\\/twojlekarz.net\\\/#\\\/schema\\\/logo\\\/image\\\/\",\"url\":\"https:\\\/\\\/i0.wp.com\\\/twojlekarz.net\\\/wp-content\\\/uploads\\\/twoj-lekarz-logo2-e1448917738554.jpg?fit=200%2C71&ssl=1\",\"contentUrl\":\"https:\\\/\\\/i0.wp.com\\\/twojlekarz.net\\\/wp-content\\\/uploads\\\/twoj-lekarz-logo2-e1448917738554.jpg?fit=200%2C71&ssl=1\",\"width\":200,\"height\":71,\"caption\":\"Przychodnia NZOZ \\\"Tw\u00f3j Lekarz\\\" sp. z o.o.\"},\"image\":{\"@id\":\"https:\\\/\\\/twojlekarz.net\\\/#\\\/schema\\\/logo\\\/image\\\/\"},\"sameAs\":[\"https:\\\/\\\/www.facebook.com\\\/NZOZTwojLekarz\\\/\"]},{\"@type\":\"Person\",\"@id\":\"https:\\\/\\\/twojlekarz.net\\\/#\\\/schema\\\/person\\\/4872e4157107aad4013c32ac52a4b9b4\",\"name\":\"NZOZ \\\"Tw\u00f3j Lekarz\\\"\",\"image\":{\"@type\":\"ImageObject\",\"inLanguage\":\"en-GB\",\"@id\":\"https:\\\/\\\/secure.gravatar.com\\\/avatar\\\/9465837260f6ae13894c21dc64ea0fd37fae2ef5730310619b4823c3909befd4?s=96&d=mm&r=g\",\"url\":\"https:\\\/\\\/secure.gravatar.com\\\/avatar\\\/9465837260f6ae13894c21dc64ea0fd37fae2ef5730310619b4823c3909befd4?s=96&d=mm&r=g\",\"contentUrl\":\"https:\\\/\\\/secure.gravatar.com\\\/avatar\\\/9465837260f6ae13894c21dc64ea0fd37fae2ef5730310619b4823c3909befd4?s=96&d=mm&r=g\",\"caption\":\"NZOZ \\\"Tw\u00f3j Lekarz\\\"\"},\"url\":\"https:\\\/\\\/twojlekarz.net\\\/en\\\/author\\\/twojlekarz\\\/\"}]}<\/script>\n<!-- \/ Yoast SEO plugin. -->","yoast_head_json":{"title":"Wznawiamy akcj\u0119 szczepie\u0144 po op\u00f3\u017anionych dostawach preparatu - Przychodnia NZOZ &quot;Tw\u00f3j Lekarz&quot; sp. z o.o.","robots":{"index":"index","follow":"follow","max-snippet":"max-snippet:-1","max-image-preview":"max-image-preview:large","max-video-preview":"max-video-preview:-1"},"canonical":"https:\/\/twojlekarz.net\/en\/wznawiamy-akcje-szczepien-po-opoznionych-dostawach-preparatu\/","og_locale":"en_GB","og_type":"article","og_title":"Wznawiamy akcj\u0119 szczepie\u0144 po op\u00f3\u017anionych dostawach preparatu - Przychodnia NZOZ &quot;Tw\u00f3j Lekarz&quot; sp. z o.o.","og_description":"Op\u00f3\u017aniona dostawa szczepionek przeciw COVID-19 dociera w\u0142a\u015bnie do punkt\u00f3w szczepie\u0144 NZOZ Tw\u00f3j Lekarz! Oznacza to, \u017ce od \u015brody 3 lutego trwa\u0107 b\u0119dzie zaplanowana na ten tydzie\u0144 akcja szczepie\u0144. \u201ePacjenci, kt\u00f3rzy byli zarejestrowani na poniedzia\u0142ek i wtorek otrzymali ju\u017c informacje o nowym terminie\u201d \u2013 zapewnia Kamila Kosi\u0144ska Koordynatorka Zespo\u0142u Rejestracji NZOZ Tw\u00f3j Lekarz.","og_url":"https:\/\/twojlekarz.net\/en\/wznawiamy-akcje-szczepien-po-opoznionych-dostawach-preparatu\/","og_site_name":"Przychodnia NZOZ &quot;Tw\u00f3j Lekarz&quot; sp. z o.o.","article_publisher":"https:\/\/www.facebook.com\/NZOZTwojLekarz\/","article_published_time":"2021-02-02T16:45:57+00:00","article_modified_time":"2021-12-23T18:23:21+00:00","og_image":[{"width":1498,"height":1000,"url":"https:\/\/twojlekarz.net\/wp-content\/uploads\/Tl_pierwszy-dzien-szczepien-6-1.jpg","type":"image\/jpeg"}],"author":"NZOZ \"Tw\u00f3j Lekarz\"","twitter_card":"summary_large_image","twitter_misc":{"Written by":"NZOZ \"Tw\u00f3j Lekarz\"","Estimated reading time":"1 minute"},"schema":{"@context":"https:\/\/schema.org","@graph":[{"@type":"Article","@id":"https:\/\/twojlekarz.net\/wznawiamy-akcje-szczepien-po-opoznionych-dostawach-preparatu\/#article","isPartOf":{"@id":"https:\/\/twojlekarz.net\/wznawiamy-akcje-szczepien-po-opoznionych-dostawach-preparatu\/"},"author":{"name":"NZOZ \"Tw\u00f3j Lekarz\"","@id":"https:\/\/twojlekarz.net\/#\/schema\/person\/4872e4157107aad4013c32ac52a4b9b4"},"headline":"Wznawiamy akcj\u0119 szczepie\u0144 po op\u00f3\u017anionych dostawach preparatu","datePublished":"2021-02-02T16:45:57+00:00","dateModified":"2021-12-23T18:23:21+00:00","mainEntityOfPage":{"@id":"https:\/\/twojlekarz.net\/wznawiamy-akcje-szczepien-po-opoznionych-dostawach-preparatu\/"},"wordCount":129,"publisher":{"@id":"https:\/\/twojlekarz.net\/#organization"},"image":{"@id":"https:\/\/twojlekarz.net\/wznawiamy-akcje-szczepien-po-opoznionych-dostawach-preparatu\/#primaryimage"},"thumbnailUrl":"https:\/\/i0.wp.com\/twojlekarz.net\/wp-content\/uploads\/Tl_pierwszy-dzien-szczepien-6-1.jpg?fit=1498%2C1000&ssl=1","articleSection":["Aktualno\u015bci"],"inLanguage":"en-GB"},{"@type":"WebPage","@id":"https:\/\/twojlekarz.net\/wznawiamy-akcje-szczepien-po-opoznionych-dostawach-preparatu\/","url":"https:\/\/twojlekarz.net\/wznawiamy-akcje-szczepien-po-opoznionych-dostawach-preparatu\/","name":"Wznawiamy akcj\u0119 szczepie\u0144 po op\u00f3\u017anionych dostawach preparatu - Przychodnia NZOZ &quot;Tw\u00f3j Lekarz&quot; sp. z o.o.","isPartOf":{"@id":"https:\/\/twojlekarz.net\/#website"},"primaryImageOfPage":{"@id":"https:\/\/twojlekarz.net\/wznawiamy-akcje-szczepien-po-opoznionych-dostawach-preparatu\/#primaryimage"},"image":{"@id":"https:\/\/twojlekarz.net\/wznawiamy-akcje-szczepien-po-opoznionych-dostawach-preparatu\/#primaryimage"},"thumbnailUrl":"https:\/\/i0.wp.com\/twojlekarz.net\/wp-content\/uploads\/Tl_pierwszy-dzien-szczepien-6-1.jpg?fit=1498%2C1000&ssl=1","datePublished":"2021-02-02T16:45:57+00:00","dateModified":"2021-12-23T18:23:21+00:00","breadcrumb":{"@id":"https:\/\/twojlekarz.net\/wznawiamy-akcje-szczepien-po-opoznionych-dostawach-preparatu\/#breadcrumb"},"inLanguage":"en-GB","potentialAction":[{"@type":"ReadAction","target":["https:\/\/twojlekarz.net\/wznawiamy-akcje-szczepien-po-opoznionych-dostawach-preparatu\/"]}]},{"@type":"ImageObject","inLanguage":"en-GB","@id":"https:\/\/twojlekarz.net\/wznawiamy-akcje-szczepien-po-opoznionych-dostawach-preparatu\/#primaryimage","url":"https:\/\/i0.wp.com\/twojlekarz.net\/wp-content\/uploads\/Tl_pierwszy-dzien-szczepien-6-1.jpg?fit=1498%2C1000&ssl=1","contentUrl":"https:\/\/i0.wp.com\/twojlekarz.net\/wp-content\/uploads\/Tl_pierwszy-dzien-szczepien-6-1.jpg?fit=1498%2C1000&ssl=1","width":1498,"height":1000,"caption":"Tl_pierwszy dzien szczepien-6 (1)"},{"@type":"BreadcrumbList","@id":"https:\/\/twojlekarz.net\/wznawiamy-akcje-szczepien-po-opoznionych-dostawach-preparatu\/#breadcrumb","itemListElement":[{"@type":"ListItem","position":1,"name":"Strona g\u0142\u00f3wna","item":"https:\/\/twojlekarz.net\/"},{"@type":"ListItem","position":2,"name":"Wznawiamy akcj\u0119 szczepie\u0144 po op\u00f3\u017anionych dostawach preparatu"}]},{"@type":"WebSite","@id":"https:\/\/twojlekarz.net\/#website","url":"https:\/\/twojlekarz.net\/","name":"NZOZ &quot;Your Doctor&quot; Clinic sp. z o. o.","description":"","publisher":{"@id":"https:\/\/twojlekarz.net\/#organization"},"potentialAction":[{"@type":"SearchAction","target":{"@type":"EntryPoint","urlTemplate":"https:\/\/twojlekarz.net\/?s={search_term_string}"},"query-input":{"@type":"PropertyValueSpecification","valueRequired":true,"valueName":"search_term_string"}}],"inLanguage":"en-GB"},{"@type":"Organization","@id":"https:\/\/twojlekarz.net\/#organization","name":"NZOZ &quot;Your Doctor&quot; Clinic sp. z o. o.","url":"https:\/\/twojlekarz.net\/","logo":{"@type":"ImageObject","inLanguage":"en-GB","@id":"https:\/\/twojlekarz.net\/#\/schema\/logo\/image\/","url":"https:\/\/i0.wp.com\/twojlekarz.net\/wp-content\/uploads\/twoj-lekarz-logo2-e1448917738554.jpg?fit=200%2C71&ssl=1","contentUrl":"https:\/\/i0.wp.com\/twojlekarz.net\/wp-content\/uploads\/twoj-lekarz-logo2-e1448917738554.jpg?fit=200%2C71&ssl=1","width":200,"height":71,"caption":"Przychodnia NZOZ \"Tw\u00f3j Lekarz\" sp. z o.o."},"image":{"@id":"https:\/\/twojlekarz.net\/#\/schema\/logo\/image\/"},"sameAs":["https:\/\/www.facebook.com\/NZOZTwojLekarz\/"]},{"@type":"Person","@id":"https:\/\/twojlekarz.net\/#\/schema\/person\/4872e4157107aad4013c32ac52a4b9b4","name":"NZOZ &quot;Your Doctor&quot;","image":{"@type":"ImageObject","inLanguage":"en-GB","@id":"https:\/\/secure.gravatar.com\/avatar\/9465837260f6ae13894c21dc64ea0fd37fae2ef5730310619b4823c3909befd4?s=96&d=mm&r=g","url":"https:\/\/secure.gravatar.com\/avatar\/9465837260f6ae13894c21dc64ea0fd37fae2ef5730310619b4823c3909befd4?s=96&d=mm&r=g","contentUrl":"https:\/\/secure.gravatar.com\/avatar\/9465837260f6ae13894c21dc64ea0fd37fae2ef5730310619b4823c3909befd4?s=96&d=mm&r=g","caption":"NZOZ \"Tw\u00f3j Lekarz\""},"url":"https:\/\/twojlekarz.net\/en\/author\/twojlekarz\/"}]}},"jetpack_featured_media_url":"https:\/\/i0.wp.com\/twojlekarz.net\/wp-content\/uploads\/Tl_pierwszy-dzien-szczepien-6-1.jpg?fit=1498%2C1000&ssl=1","jetpack_sharing_enabled":true,"_links":{"self":[{"href":"https:\/\/twojlekarz.net\/en\/wp-json\/wp\/v2\/posts\/5880","targetHints":{"allow":["GET"]}}],"collection":[{"href":"https:\/\/twojlekarz.net\/en\/wp-json\/wp\/v2\/posts"}],"about":[{"href":"https:\/\/twojlekarz.net\/en\/wp-json\/wp\/v2\/types\/post"}],"author":[{"embeddable":true,"href":"https:\/\/twojlekarz.net\/en\/wp-json\/wp\/v2\/users\/9"}],"replies":[{"embeddable":true,"href":"https:\/\/twojlekarz.net\/en\/wp-json\/wp\/v2\/comments?post=5880"}],"version-history":[{"count":0,"href":"https:\/\/twojlekarz.net\/en\/wp-json\/wp\/v2\/posts\/5880\/revisions"}],"wp:featuredmedia":[{"embeddable":true,"href":"https:\/\/twojlekarz.net\/en\/wp-json\/wp\/v2\/media\/5878"}],"wp:attachment":[{"href":"https:\/\/twojlekarz.net\/en\/wp-json\/wp\/v2\/media?parent=5880"}],"wp:term":[{"taxonomy":"category","embeddable":true,"href":"https:\/\/twojlekarz.net\/en\/wp-json\/wp\/v2\/categories?post=5880"},{"taxonomy":"post_tag","embeddable":true,"href":"https:\/\/twojlekarz.net\/en\/wp-json\/wp\/v2\/tags?post=5880"}],"curies":[{"name":"wp","href":"https:\/\/api.w.org\/{rel}","templated":true}]}}