{"id":5911,"date":"2021-03-23T10:23:37","date_gmt":"2021-03-23T10:23:37","guid":{"rendered":"https:\/\/twojlekarz.net.pl\/?p=5911"},"modified":"2021-08-11T11:14:06","modified_gmt":"2021-08-11T11:14:06","slug":"twoj-lekarz-w-walce-z-trzecia-fala-pandemii","status":"publish","type":"post","link":"https:\/\/twojlekarz.net\/en\/twoj-lekarz-w-walce-z-trzecia-fala-pandemii\/","title":{"rendered":"Your Doctor in the Fight Against the Third Wave of the Pandemic"},"content":{"rendered":"<p><strong>Recent days have seen record increases in COVID-19 cases and the return of restrictions aimed at halting the third wave of the pandemic. According to experts, the British mutation of the SARS-CoV-2 virus, which is more contagious and causes infection faster, is responsible for the exponential increase in new cases.<\/strong><\/p>\n\n\n\n<p><\/p>\n\n\n\n<h2 class=\"wp-block-heading\">Referral for COVID-19 test without queuing<\/h2>\n\n\n\n<p>The interest in COVID-19 tests is also systematically growing. Many people try to call the clinic to ask for a referral. In the meantime, such a document can be obtained without queuing. Patients who suspect they have COVID-19 can register online. Just fill out the form available on the website <strong><a href=\"https:\/\/www.gov.pl\/web\/dom\"><a href=\"https:\/\/www.gov.pl\/web\/gov\/zapisz-sie-na-test-na-koronawirusa\" target=\"_blank\" rel=\"noreferrer noopener\">https:\/\/www.gov.pl\/web\/gov\/zapisz-sie-na-test-na-koronawirusa<\/a><\/a><\/strong> Based on the answers provided in the survey, the system qualifies for the test. People who have been qualified for it are contacted by consultants from the Home Medical Care Monitoring Center.<\/p>\n\n\n\n<h2 class=\"wp-block-heading\">The third wave of the pandemic in the Kobierzyce Commune<\/h2>\n\n\n\n<p>The new wave of the pandemic is also making itself felt in the Kobierzyce Commune. In March, NZOZ Tw\u00f3j Lekarz clinics issued 5 times more referrals for coronavirus tests than at the beginning of the year. The hotline and registration recorded over 15 thousand phone calls in the first three weeks of March.<\/p>\n\n\n\n<p>&quot;<em>We make every effort to ensure that every patient who needs help receives it as quickly as possible. However, there are days when there are dozens of people waiting in line to register by phone.<\/em>\u201d \u2013 says Kamila Kosi\u0144ska, Coordinator of the Registration Team of NZOZ Tw\u00f3j Lekarz. This is a lot, if we consider that since the beginning of the pandemic, the capacity of the telephone switchboard serving clinics has been doubled.<\/p>\n\n\n\n<p>The increase in the number of COVID-19 cases is not the only reason for the high occupancy of healthcare facilities in recent weeks. Since the beginning of March, patients registering with doctors have had the option of choosing a teleconsultation or a personal visit. This means that many more people decide to visit the clinic. In three weeks, NZOZ Tw\u00f3j Lekarz provided 10,000 Primary Health Care consultations. There were also 1,500 visits to specialists. &nbsp;<\/p>\n\n\n\n<p><em>&quot;Due to the significant increase in the number of direct visits, we appeal to our Patients to be reasonable&quot;<\/em> \u2013 emphasizes Mariola Madler Litera \u2013 head of NZOZ Tw\u00f3j Lekarz. <em>&quot;People who have symptoms of infection, but have not yet had COVID-19 and have not been vaccinated, should report this during telephone registration. We do not want to create a situation in which SARS-CoV-2 patients could pose a threat to other patients in clinics.<\/em>\u201d \u2013 adds the doctor. &nbsp;&nbsp;<\/p>\n\n\n\n<p>The reason for the significantly increased traffic in healthcare facilities is also the COVID-19 vaccination campaign. So far, in six NZOZ Tw\u00f3j Lekarz vaccination points, Patients have received almost 2,500 doses of the Pfizer preparation. A batch of Astra-Zeneca vaccines is to reach clinics in March.<\/p>\n\n\n\n<h2 class=\"wp-block-heading\">Vaccinations of chronically ill people:<\/h2>\n\n\n\n<p>Vaccination of chronically ill people has been underway since March 15. The following groups are covered by registration:<\/p>\n\n\n\n<ul class=\"wp-block-list\"><li>people on dialysis due to chronic renal failure,<\/li><li>people with cancer who were treated with chemotherapy or radiotherapy after 31 December 2019,<\/li><li>people after cell, tissue and organ transplants who are undergoing immunosuppressive treatment,<\/li><li>persons undergoing chronic mechanical ventilation.<\/li><\/ul>\n\n\n\n<p>Registration for vaccinations for other groups takes place according to the following schedule:<\/p>\n\n\n\n<ul class=\"wp-block-list\"><li>March 22 registration for 1952-1956 age groups<\/li><li>March 23-25 registration for 1952-1961 age groups&nbsp;<\/li><li>March 25-27 additional registration for the 70+ group<\/li><\/ul>\n\n\n\n<p>Experts emphasize that widespread vaccination is the only effective method to control the pandemic. However, before the majority of society gains immunity, we must remember simple ways to fight the dangerous virus. Distance, frequent hand disinfection and wearing masks that cover the mouth and nose - these are the basics that ensure everyday safety.<\/p>","protected":false},"excerpt":{"rendered":"<p>Recent days have seen record increases in COVID-19 cases and the return of restrictions aimed at halting the third wave of the pandemic. According to experts, the British mutation of the SARS-CoV-2 virus, which is more contagious and causes infection faster, is responsible for the exponential increase in new cases.<\/p>","protected":false},"author":9,"featured_media":5670,"comment_status":"closed","ping_status":"closed","sticky":false,"template":"","format":"standard","meta":{"_jetpack_memberships_contains_paid_content":false,"footnotes":"","_wp_rev_ctl_limit":""},"categories":[90],"tags":[],"class_list":["post-5911","post","type-post","status-publish","format-standard","has-post-thumbnail","hentry","category-s1-aktualnoci"],"yoast_head":"<!-- This site is optimized with the Yoast SEO plugin v27.3 - https:\/\/yoast.com\/product\/yoast-seo-wordpress\/ -->\n<title>Tw\u00f3j Lekarz w walce z trzeci\u0105 fal\u0105 pandemii - Przychodnia NZOZ &quot;Tw\u00f3j Lekarz&quot; sp. z o.o.<\/title>\n<meta name=\"robots\" content=\"index, follow, max-snippet:-1, max-image-preview:large, max-video-preview:-1\" \/>\n<link rel=\"canonical\" href=\"https:\/\/twojlekarz.net\/en\/twoj-lekarz-w-walce-z-trzecia-fala-pandemii\/\" \/>\n<meta property=\"og:locale\" content=\"en_GB\" \/>\n<meta property=\"og:type\" content=\"article\" \/>\n<meta property=\"og:title\" content=\"Tw\u00f3j Lekarz w walce z trzeci\u0105 fal\u0105 pandemii - Przychodnia NZOZ &quot;Tw\u00f3j Lekarz&quot; sp. z o.o.\" \/>\n<meta property=\"og:description\" content=\"Ostatnie dni przynios\u0142y rekordowe wzrosty zachorowa\u0144 na COVID-19 i powr\u00f3t obostrze\u0144, kt\u00f3re maj\u0105 na celu zahamowanie trzeciej fali pandemii. Wed\u0142ug specjalist\u00f3w za lawinowy wzrost liczby nowych przypadk\u00f3w odpowiada brytyjska mutacja wirusa SARS-CoV-2, kt\u00f3ra jest bardziej zaka\u017ana i szybciej powoduje infekcj\u0119.\" \/>\n<meta property=\"og:url\" content=\"https:\/\/twojlekarz.net\/en\/twoj-lekarz-w-walce-z-trzecia-fala-pandemii\/\" \/>\n<meta property=\"og:site_name\" content=\"Przychodnia NZOZ &quot;Tw\u00f3j Lekarz&quot; sp. z o.o.\" \/>\n<meta property=\"article:publisher\" content=\"https:\/\/www.facebook.com\/NZOZTwojLekarz\/\" \/>\n<meta property=\"article:published_time\" content=\"2021-03-23T10:23:37+00:00\" \/>\n<meta property=\"article:modified_time\" content=\"2021-08-11T11:14:06+00:00\" \/>\n<meta property=\"og:image\" content=\"https:\/\/twojlekarz.net\/wp-content\/uploads\/tl-24-10-2020-www.png\" \/>\n\t<meta property=\"og:image:width\" content=\"1080\" \/>\n\t<meta property=\"og:image:height\" content=\"1080\" \/>\n\t<meta property=\"og:image:type\" content=\"image\/png\" \/>\n<meta name=\"author\" content=\"NZOZ &quot;Tw\u00f3j Lekarz&quot;\" \/>\n<meta name=\"twitter:card\" content=\"summary_large_image\" \/>\n<meta name=\"twitter:label1\" content=\"Written by\" \/>\n\t<meta name=\"twitter:data1\" content=\"NZOZ &quot;Tw\u00f3j Lekarz&quot;\" \/>\n\t<meta name=\"twitter:label2\" content=\"Estimated reading time\" \/>\n\t<meta name=\"twitter:data2\" content=\"3 minutes\" \/>\n<script type=\"application\/ld+json\" class=\"yoast-schema-graph\">{\"@context\":\"https:\\\/\\\/schema.org\",\"@graph\":[{\"@type\":\"Article\",\"@id\":\"https:\\\/\\\/twojlekarz.net\\\/twoj-lekarz-w-walce-z-trzecia-fala-pandemii\\\/#article\",\"isPartOf\":{\"@id\":\"https:\\\/\\\/twojlekarz.net\\\/twoj-lekarz-w-walce-z-trzecia-fala-pandemii\\\/\"},\"author\":{\"name\":\"NZOZ \\\"Tw\u00f3j Lekarz\\\"\",\"@id\":\"https:\\\/\\\/twojlekarz.net\\\/#\\\/schema\\\/person\\\/4872e4157107aad4013c32ac52a4b9b4\"},\"headline\":\"Tw\u00f3j Lekarz w walce z trzeci\u0105 fal\u0105 pandemii\",\"datePublished\":\"2021-03-23T10:23:37+00:00\",\"dateModified\":\"2021-08-11T11:14:06+00:00\",\"mainEntityOfPage\":{\"@id\":\"https:\\\/\\\/twojlekarz.net\\\/twoj-lekarz-w-walce-z-trzecia-fala-pandemii\\\/\"},\"wordCount\":642,\"publisher\":{\"@id\":\"https:\\\/\\\/twojlekarz.net\\\/#organization\"},\"image\":{\"@id\":\"https:\\\/\\\/twojlekarz.net\\\/twoj-lekarz-w-walce-z-trzecia-fala-pandemii\\\/#primaryimage\"},\"thumbnailUrl\":\"https:\\\/\\\/i0.wp.com\\\/twojlekarz.net\\\/wp-content\\\/uploads\\\/tl-24-10-2020-www.png?fit=1080%2C1080&ssl=1\",\"articleSection\":[\"Aktualno\u015bci\"],\"inLanguage\":\"en-GB\"},{\"@type\":\"WebPage\",\"@id\":\"https:\\\/\\\/twojlekarz.net\\\/twoj-lekarz-w-walce-z-trzecia-fala-pandemii\\\/\",\"url\":\"https:\\\/\\\/twojlekarz.net\\\/twoj-lekarz-w-walce-z-trzecia-fala-pandemii\\\/\",\"name\":\"Tw\u00f3j Lekarz w walce z trzeci\u0105 fal\u0105 pandemii - Przychodnia NZOZ &quot;Tw\u00f3j Lekarz&quot; sp. z o.o.\",\"isPartOf\":{\"@id\":\"https:\\\/\\\/twojlekarz.net\\\/#website\"},\"primaryImageOfPage\":{\"@id\":\"https:\\\/\\\/twojlekarz.net\\\/twoj-lekarz-w-walce-z-trzecia-fala-pandemii\\\/#primaryimage\"},\"image\":{\"@id\":\"https:\\\/\\\/twojlekarz.net\\\/twoj-lekarz-w-walce-z-trzecia-fala-pandemii\\\/#primaryimage\"},\"thumbnailUrl\":\"https:\\\/\\\/i0.wp.com\\\/twojlekarz.net\\\/wp-content\\\/uploads\\\/tl-24-10-2020-www.png?fit=1080%2C1080&ssl=1\",\"datePublished\":\"2021-03-23T10:23:37+00:00\",\"dateModified\":\"2021-08-11T11:14:06+00:00\",\"breadcrumb\":{\"@id\":\"https:\\\/\\\/twojlekarz.net\\\/twoj-lekarz-w-walce-z-trzecia-fala-pandemii\\\/#breadcrumb\"},\"inLanguage\":\"en-GB\",\"potentialAction\":[{\"@type\":\"ReadAction\",\"target\":[\"https:\\\/\\\/twojlekarz.net\\\/twoj-lekarz-w-walce-z-trzecia-fala-pandemii\\\/\"]}]},{\"@type\":\"ImageObject\",\"inLanguage\":\"en-GB\",\"@id\":\"https:\\\/\\\/twojlekarz.net\\\/twoj-lekarz-w-walce-z-trzecia-fala-pandemii\\\/#primaryimage\",\"url\":\"https:\\\/\\\/i0.wp.com\\\/twojlekarz.net\\\/wp-content\\\/uploads\\\/tl-24-10-2020-www.png?fit=1080%2C1080&ssl=1\",\"contentUrl\":\"https:\\\/\\\/i0.wp.com\\\/twojlekarz.net\\\/wp-content\\\/uploads\\\/tl-24-10-2020-www.png?fit=1080%2C1080&ssl=1\",\"width\":1080,\"height\":1080,\"caption\":\"dyzur-nzoz-twoj-lekarz\"},{\"@type\":\"BreadcrumbList\",\"@id\":\"https:\\\/\\\/twojlekarz.net\\\/twoj-lekarz-w-walce-z-trzecia-fala-pandemii\\\/#breadcrumb\",\"itemListElement\":[{\"@type\":\"ListItem\",\"position\":1,\"name\":\"Strona g\u0142\u00f3wna\",\"item\":\"https:\\\/\\\/twojlekarz.net\\\/\"},{\"@type\":\"ListItem\",\"position\":2,\"name\":\"Tw\u00f3j Lekarz w walce z trzeci\u0105 fal\u0105 pandemii\"}]},{\"@type\":\"WebSite\",\"@id\":\"https:\\\/\\\/twojlekarz.net\\\/#website\",\"url\":\"https:\\\/\\\/twojlekarz.net\\\/\",\"name\":\"Przychodnia NZOZ \\\"Tw\u00f3j Lekarz\\\" sp. z o.o.\",\"description\":\"\",\"publisher\":{\"@id\":\"https:\\\/\\\/twojlekarz.net\\\/#organization\"},\"potentialAction\":[{\"@type\":\"SearchAction\",\"target\":{\"@type\":\"EntryPoint\",\"urlTemplate\":\"https:\\\/\\\/twojlekarz.net\\\/?s={search_term_string}\"},\"query-input\":{\"@type\":\"PropertyValueSpecification\",\"valueRequired\":true,\"valueName\":\"search_term_string\"}}],\"inLanguage\":\"en-GB\"},{\"@type\":\"Organization\",\"@id\":\"https:\\\/\\\/twojlekarz.net\\\/#organization\",\"name\":\"Przychodnia NZOZ \\\"Tw\u00f3j Lekarz\\\" sp. z o.o.\",\"url\":\"https:\\\/\\\/twojlekarz.net\\\/\",\"logo\":{\"@type\":\"ImageObject\",\"inLanguage\":\"en-GB\",\"@id\":\"https:\\\/\\\/twojlekarz.net\\\/#\\\/schema\\\/logo\\\/image\\\/\",\"url\":\"https:\\\/\\\/i0.wp.com\\\/twojlekarz.net\\\/wp-content\\\/uploads\\\/twoj-lekarz-logo2-e1448917738554.jpg?fit=200%2C71&ssl=1\",\"contentUrl\":\"https:\\\/\\\/i0.wp.com\\\/twojlekarz.net\\\/wp-content\\\/uploads\\\/twoj-lekarz-logo2-e1448917738554.jpg?fit=200%2C71&ssl=1\",\"width\":200,\"height\":71,\"caption\":\"Przychodnia NZOZ \\\"Tw\u00f3j Lekarz\\\" sp. z o.o.\"},\"image\":{\"@id\":\"https:\\\/\\\/twojlekarz.net\\\/#\\\/schema\\\/logo\\\/image\\\/\"},\"sameAs\":[\"https:\\\/\\\/www.facebook.com\\\/NZOZTwojLekarz\\\/\"]},{\"@type\":\"Person\",\"@id\":\"https:\\\/\\\/twojlekarz.net\\\/#\\\/schema\\\/person\\\/4872e4157107aad4013c32ac52a4b9b4\",\"name\":\"NZOZ \\\"Tw\u00f3j Lekarz\\\"\",\"image\":{\"@type\":\"ImageObject\",\"inLanguage\":\"en-GB\",\"@id\":\"https:\\\/\\\/secure.gravatar.com\\\/avatar\\\/9465837260f6ae13894c21dc64ea0fd37fae2ef5730310619b4823c3909befd4?s=96&d=mm&r=g\",\"url\":\"https:\\\/\\\/secure.gravatar.com\\\/avatar\\\/9465837260f6ae13894c21dc64ea0fd37fae2ef5730310619b4823c3909befd4?s=96&d=mm&r=g\",\"contentUrl\":\"https:\\\/\\\/secure.gravatar.com\\\/avatar\\\/9465837260f6ae13894c21dc64ea0fd37fae2ef5730310619b4823c3909befd4?s=96&d=mm&r=g\",\"caption\":\"NZOZ \\\"Tw\u00f3j Lekarz\\\"\"},\"url\":\"https:\\\/\\\/twojlekarz.net\\\/en\\\/author\\\/twojlekarz\\\/\"}]}<\/script>\n<!-- \/ Yoast SEO plugin. -->","yoast_head_json":{"title":"Your Doctor in the fight against the third wave of the pandemic - NZOZ Clinic &quot;Tw\u00f3j Lekarz&quot; sp. z o. o.","robots":{"index":"index","follow":"follow","max-snippet":"max-snippet:-1","max-image-preview":"max-image-preview:large","max-video-preview":"max-video-preview:-1"},"canonical":"https:\/\/twojlekarz.net\/en\/twoj-lekarz-w-walce-z-trzecia-fala-pandemii\/","og_locale":"en_GB","og_type":"article","og_title":"Tw\u00f3j Lekarz w walce z trzeci\u0105 fal\u0105 pandemii - Przychodnia NZOZ &quot;Tw\u00f3j Lekarz&quot; sp. z o.o.","og_description":"Ostatnie dni przynios\u0142y rekordowe wzrosty zachorowa\u0144 na COVID-19 i powr\u00f3t obostrze\u0144, kt\u00f3re maj\u0105 na celu zahamowanie trzeciej fali pandemii. Wed\u0142ug specjalist\u00f3w za lawinowy wzrost liczby nowych przypadk\u00f3w odpowiada brytyjska mutacja wirusa SARS-CoV-2, kt\u00f3ra jest bardziej zaka\u017ana i szybciej powoduje infekcj\u0119.","og_url":"https:\/\/twojlekarz.net\/en\/twoj-lekarz-w-walce-z-trzecia-fala-pandemii\/","og_site_name":"Przychodnia NZOZ &quot;Tw\u00f3j Lekarz&quot; sp. z o.o.","article_publisher":"https:\/\/www.facebook.com\/NZOZTwojLekarz\/","article_published_time":"2021-03-23T10:23:37+00:00","article_modified_time":"2021-08-11T11:14:06+00:00","og_image":[{"width":1080,"height":1080,"url":"https:\/\/twojlekarz.net\/wp-content\/uploads\/tl-24-10-2020-www.png","type":"image\/png"}],"author":"NZOZ \"Tw\u00f3j Lekarz\"","twitter_card":"summary_large_image","twitter_misc":{"Written by":"NZOZ \"Tw\u00f3j Lekarz\"","Estimated reading time":"3 minutes"},"schema":{"@context":"https:\/\/schema.org","@graph":[{"@type":"Article","@id":"https:\/\/twojlekarz.net\/twoj-lekarz-w-walce-z-trzecia-fala-pandemii\/#article","isPartOf":{"@id":"https:\/\/twojlekarz.net\/twoj-lekarz-w-walce-z-trzecia-fala-pandemii\/"},"author":{"name":"NZOZ \"Tw\u00f3j Lekarz\"","@id":"https:\/\/twojlekarz.net\/#\/schema\/person\/4872e4157107aad4013c32ac52a4b9b4"},"headline":"Tw\u00f3j Lekarz w walce z trzeci\u0105 fal\u0105 pandemii","datePublished":"2021-03-23T10:23:37+00:00","dateModified":"2021-08-11T11:14:06+00:00","mainEntityOfPage":{"@id":"https:\/\/twojlekarz.net\/twoj-lekarz-w-walce-z-trzecia-fala-pandemii\/"},"wordCount":642,"publisher":{"@id":"https:\/\/twojlekarz.net\/#organization"},"image":{"@id":"https:\/\/twojlekarz.net\/twoj-lekarz-w-walce-z-trzecia-fala-pandemii\/#primaryimage"},"thumbnailUrl":"https:\/\/i0.wp.com\/twojlekarz.net\/wp-content\/uploads\/tl-24-10-2020-www.png?fit=1080%2C1080&ssl=1","articleSection":["Aktualno\u015bci"],"inLanguage":"en-GB"},{"@type":"WebPage","@id":"https:\/\/twojlekarz.net\/twoj-lekarz-w-walce-z-trzecia-fala-pandemii\/","url":"https:\/\/twojlekarz.net\/twoj-lekarz-w-walce-z-trzecia-fala-pandemii\/","name":"Your Doctor in the fight against the third wave of the pandemic - NZOZ Clinic &quot;Tw\u00f3j Lekarz&quot; sp. z o. o.","isPartOf":{"@id":"https:\/\/twojlekarz.net\/#website"},"primaryImageOfPage":{"@id":"https:\/\/twojlekarz.net\/twoj-lekarz-w-walce-z-trzecia-fala-pandemii\/#primaryimage"},"image":{"@id":"https:\/\/twojlekarz.net\/twoj-lekarz-w-walce-z-trzecia-fala-pandemii\/#primaryimage"},"thumbnailUrl":"https:\/\/i0.wp.com\/twojlekarz.net\/wp-content\/uploads\/tl-24-10-2020-www.png?fit=1080%2C1080&ssl=1","datePublished":"2021-03-23T10:23:37+00:00","dateModified":"2021-08-11T11:14:06+00:00","breadcrumb":{"@id":"https:\/\/twojlekarz.net\/twoj-lekarz-w-walce-z-trzecia-fala-pandemii\/#breadcrumb"},"inLanguage":"en-GB","potentialAction":[{"@type":"ReadAction","target":["https:\/\/twojlekarz.net\/twoj-lekarz-w-walce-z-trzecia-fala-pandemii\/"]}]},{"@type":"ImageObject","inLanguage":"en-GB","@id":"https:\/\/twojlekarz.net\/twoj-lekarz-w-walce-z-trzecia-fala-pandemii\/#primaryimage","url":"https:\/\/i0.wp.com\/twojlekarz.net\/wp-content\/uploads\/tl-24-10-2020-www.png?fit=1080%2C1080&ssl=1","contentUrl":"https:\/\/i0.wp.com\/twojlekarz.net\/wp-content\/uploads\/tl-24-10-2020-www.png?fit=1080%2C1080&ssl=1","width":1080,"height":1080,"caption":"dyzur-nzoz-twoj-lekarz"},{"@type":"BreadcrumbList","@id":"https:\/\/twojlekarz.net\/twoj-lekarz-w-walce-z-trzecia-fala-pandemii\/#breadcrumb","itemListElement":[{"@type":"ListItem","position":1,"name":"Strona g\u0142\u00f3wna","item":"https:\/\/twojlekarz.net\/"},{"@type":"ListItem","position":2,"name":"Tw\u00f3j Lekarz w walce z trzeci\u0105 fal\u0105 pandemii"}]},{"@type":"WebSite","@id":"https:\/\/twojlekarz.net\/#website","url":"https:\/\/twojlekarz.net\/","name":"NZOZ &quot;Your Doctor&quot; Clinic sp. z o. o.","description":"","publisher":{"@id":"https:\/\/twojlekarz.net\/#organization"},"potentialAction":[{"@type":"SearchAction","target":{"@type":"EntryPoint","urlTemplate":"https:\/\/twojlekarz.net\/?s={search_term_string}"},"query-input":{"@type":"PropertyValueSpecification","valueRequired":true,"valueName":"search_term_string"}}],"inLanguage":"en-GB"},{"@type":"Organization","@id":"https:\/\/twojlekarz.net\/#organization","name":"NZOZ &quot;Your Doctor&quot; Clinic sp. z o. o.","url":"https:\/\/twojlekarz.net\/","logo":{"@type":"ImageObject","inLanguage":"en-GB","@id":"https:\/\/twojlekarz.net\/#\/schema\/logo\/image\/","url":"https:\/\/i0.wp.com\/twojlekarz.net\/wp-content\/uploads\/twoj-lekarz-logo2-e1448917738554.jpg?fit=200%2C71&ssl=1","contentUrl":"https:\/\/i0.wp.com\/twojlekarz.net\/wp-content\/uploads\/twoj-lekarz-logo2-e1448917738554.jpg?fit=200%2C71&ssl=1","width":200,"height":71,"caption":"Przychodnia NZOZ \"Tw\u00f3j Lekarz\" sp. z o.o."},"image":{"@id":"https:\/\/twojlekarz.net\/#\/schema\/logo\/image\/"},"sameAs":["https:\/\/www.facebook.com\/NZOZTwojLekarz\/"]},{"@type":"Person","@id":"https:\/\/twojlekarz.net\/#\/schema\/person\/4872e4157107aad4013c32ac52a4b9b4","name":"NZOZ &quot;Your Doctor&quot;","image":{"@type":"ImageObject","inLanguage":"en-GB","@id":"https:\/\/secure.gravatar.com\/avatar\/9465837260f6ae13894c21dc64ea0fd37fae2ef5730310619b4823c3909befd4?s=96&d=mm&r=g","url":"https:\/\/secure.gravatar.com\/avatar\/9465837260f6ae13894c21dc64ea0fd37fae2ef5730310619b4823c3909befd4?s=96&d=mm&r=g","contentUrl":"https:\/\/secure.gravatar.com\/avatar\/9465837260f6ae13894c21dc64ea0fd37fae2ef5730310619b4823c3909befd4?s=96&d=mm&r=g","caption":"NZOZ \"Tw\u00f3j Lekarz\""},"url":"https:\/\/twojlekarz.net\/en\/author\/twojlekarz\/"}]}},"jetpack_featured_media_url":"https:\/\/i0.wp.com\/twojlekarz.net\/wp-content\/uploads\/tl-24-10-2020-www.png?fit=1080%2C1080&ssl=1","jetpack_sharing_enabled":true,"_links":{"self":[{"href":"https:\/\/twojlekarz.net\/en\/wp-json\/wp\/v2\/posts\/5911","targetHints":{"allow":["GET"]}}],"collection":[{"href":"https:\/\/twojlekarz.net\/en\/wp-json\/wp\/v2\/posts"}],"about":[{"href":"https:\/\/twojlekarz.net\/en\/wp-json\/wp\/v2\/types\/post"}],"author":[{"embeddable":true,"href":"https:\/\/twojlekarz.net\/en\/wp-json\/wp\/v2\/users\/9"}],"replies":[{"embeddable":true,"href":"https:\/\/twojlekarz.net\/en\/wp-json\/wp\/v2\/comments?post=5911"}],"version-history":[{"count":0,"href":"https:\/\/twojlekarz.net\/en\/wp-json\/wp\/v2\/posts\/5911\/revisions"}],"wp:featuredmedia":[{"embeddable":true,"href":"https:\/\/twojlekarz.net\/en\/wp-json\/wp\/v2\/media\/5670"}],"wp:attachment":[{"href":"https:\/\/twojlekarz.net\/en\/wp-json\/wp\/v2\/media?parent=5911"}],"wp:term":[{"taxonomy":"category","embeddable":true,"href":"https:\/\/twojlekarz.net\/en\/wp-json\/wp\/v2\/categories?post=5911"},{"taxonomy":"post_tag","embeddable":true,"href":"https:\/\/twojlekarz.net\/en\/wp-json\/wp\/v2\/tags?post=5911"}],"curies":[{"name":"wp","href":"https:\/\/api.w.org\/{rel}","templated":true}]}}