{"id":10453,"date":"2025-02-03T08:45:38","date_gmt":"2025-02-03T08:45:38","guid":{"rendered":"https:\/\/twojlekarz.net\/?p=10453"},"modified":"2026-03-12T08:14:42","modified_gmt":"2026-03-12T07:14:42","slug":"prawidlowa-postawa-wskazowki-dla-rodzicow","status":"publish","type":"post","link":"https:\/\/twojlekarz.net\/es\/prawidlowa-postawa-wskazowki-dla-rodzicow\/","title":{"rendered":"POSTURA CORRECTA \u2013 CONSEJOS PARA PADRES"},"content":{"rendered":"<p>Los problemas de postura en los ni\u00f1os son un problema cada vez m\u00e1s com\u00fan que puede tener consecuencias graves para la salud en el futuro. Afortunadamente, la detecci\u00f3n temprana y la correcci\u00f3n adecuada de las curvaturas de la columna brindan una buena posibilidad de recuperaci\u00f3n completa. En esta gu\u00eda, basada en una serie de podcasts con el fisioterapeuta Jaros\u0142aw Bagi\u0144ski, director del Taller de Rehabilitaci\u00f3n en NZOZ Tw\u00f3j Lekarz, aprender\u00e1 a reconocer los primeros signos de defectos de postura y qu\u00e9 puede hacer para garantizar el desarrollo saludable de su hijo. .<\/p>\n\n\n\n<h2 class=\"wp-block-heading\"><strong>OBSERVE LA POSTURA DEL NI\u00d1O<\/strong><\/h2>\n\n\n\n<p>El primer paso para prevenir problemas posturales es su detecci\u00f3n temprana. Preste atenci\u00f3n a la simetr\u00eda del cuerpo de su hijo. \u00bfEst\u00e1n sus hombros al mismo nivel? \u00bfEst\u00e1 tu espalda recta? \u00bfEl ni\u00f1o acorta su paso? Preste tambi\u00e9n atenci\u00f3n a c\u00f3mo se sienta su hijo: \u00bfse inclina demasiado hacia delante o hacia los lados?<\/p>\n\n\n\n<h2 class=\"wp-block-heading\"><strong>EL MOVIMIENTO ES SALUD \u2013 FOMENTAR LA ACTIVIDAD F\u00cdSICA<\/strong><\/h2>\n\n\n\n<p>Un estilo de vida sedentario, especialmente durante los a\u00f1os escolares, contribuye a los defectos posturales. Los ni\u00f1os pasan horas sentados en sus escritorios, a menudo adoptando una posici\u00f3n corporal incorrecta. Vale la pena recordar que moverse y cambiar de posici\u00f3n mientras est\u00e1 sentado es una necesidad natural en un ni\u00f1o. Esto no debe corregirse, ya que de esta manera el ni\u00f1o busca una posici\u00f3n c\u00f3moda y saludable.<\/p>\n\n\n\n<h2 class=\"wp-block-heading\"><strong>ASEG\u00daRESE DE QUE SU TENSI\u00d3N MUSCULAR SEA CORRECTA<\/strong><\/h2>\n\n\n\n<p>Una columna vertebral sana no s\u00f3lo implica unos m\u00fasculos de la espalda fuertes, sino tambi\u00e9n unos m\u00fasculos abdominales fuertes. Los m\u00fasculos abdominales, especialmente los m\u00fasculos abdominales transversales, juegan un papel clave en la estabilizaci\u00f3n de la columna vertebral. Los ejercicios que fortalecen estos m\u00fasculos ayudan a mantener una postura adecuada. Vale la pena introducir en tus actividades diarias ejercicios que fortalezcan tanto los m\u00fasculos de la espalda como los abdominales.<\/p>\n\n\n\n<h2 class=\"wp-block-heading\"><strong>NO IGNORE LOS S\u00cdNTOMAS \u2013 CONSULTE A UN ESPECIALISTA<\/strong><\/h2>\n\n\n\n<p>Si nota cualquier signo de problemas posturales en su hijo, como asimetr\u00eda corporal, encorvamiento o dificultad para caminar, consulte con un fisioterapeuta u ortopedista. En algunos casos, la curvatura puede estar causada, por ejemplo, por una diferencia en la longitud de los miembros inferiores, lo que tambi\u00e9n requiere la consulta con un especialista. Recuerde tomar medidas con precauci\u00f3n y siempre consultar a su m\u00e9dico antes de tomar cualquier decisi\u00f3n de tratamiento.<\/p>\n\n\n\n<h2 class=\"wp-block-heading\"><strong>Fomentar los ejercicios correctivos<\/strong><\/h2>\n\n\n\n<p>Los ejercicios correctivos regulares, como los ejercicios con una pelota o un disco correctivo, pueden ayudar a corregir problemas de postura. Este tipo de actividades obligan a la columna a trabajar y ayudan a mantener una postura adecuada. En el caso de ni\u00f1os con defectos posturales m\u00e1s severos, vale la pena consultar el plan de ejercicios con un fisioterapeuta que seleccionar\u00e1 un conjunto de ejercicios adecuado.<\/p>\n\n\n\n<h2 class=\"wp-block-heading\"><strong>LA INTERVENCI\u00d3N TEMPRANA ES LA CLAVE DEL \u00c9XITO<\/strong><\/h2>\n\n\n\n<p>La detecci\u00f3n temprana y la terapia correctiva son la clave para el tratamiento eficaz de los defectos posturales. Los estudios indican que una terapia adecuada, iniciada en una etapa temprana, puede ser efectiva incluso en los casos 70-90%. El ejercicio regular y la estrecha colaboraci\u00f3n con un fisioterapeuta permiten evitar formas de tratamiento m\u00e1s invasivas, como el uso de un cors\u00e9 o la cirug\u00eda.<\/p>\n\n\n\n<p>Cuidar la postura correcta de un ni\u00f1o requiere atenci\u00f3n constante y compromiso tanto por parte de los padres como del ni\u00f1o. La actividad f\u00edsica regular, los ejercicios adecuados y el conocimiento de la postura correcta son elementos clave para prevenir y corregir los defectos posturales.&nbsp;<\/p>\n\n\n\n<p>\u00bfQuieres saber m\u00e1s? Escuche la serie de podcast sobre <a href=\"https:\/\/www.youtube.com\/playlist?list=PLu_xrL8xu9zJjYh32uokuDrQCtzfXb8Yw\">\u00a1DEFECTOS DE POSTURA!<\/a><\/p>","protected":false},"excerpt":{"rendered":"<p>Los problemas de postura en los ni\u00f1os son un problema cada vez m\u00e1s com\u00fan que puede tener consecuencias graves para la salud en el futuro. En esta gu\u00eda, basada en una serie de podcasts con el fisioterapeuta Jaros\u0142aw Bagi\u0144ski, director del Taller de Rehabilitaci\u00f3n en NZOZ Tw\u00f3j Lekarz, aprender\u00e1 a reconocer los primeros signos de defectos de postura y qu\u00e9 puede hacer para garantizar el desarrollo saludable de su hijo. .<\/p>","protected":false},"author":9,"featured_media":10197,"comment_status":"closed","ping_status":"closed","sticky":false,"template":"","format":"standard","meta":{"_jetpack_memberships_contains_paid_content":false,"footnotes":"","_wp_rev_ctl_limit":""},"categories":[90],"tags":[442,292],"class_list":["post-10453","post","type-post","status-publish","format-standard","has-post-thumbnail","hentry","category-s1-aktualnoci","tag-fizjoterapia","tag-wady-postawy"],"yoast_head":"<!-- This site is optimized with the Yoast SEO plugin v27.3 - https:\/\/yoast.com\/product\/yoast-seo-wordpress\/ -->\n<title>PRAWID\u0141OWA POSTAWA - WSKAZ\u00d3WKI DLA RODZIC\u00d3W - Przychodnia NZOZ &quot;Tw\u00f3j Lekarz&quot; sp. z o.o.<\/title>\n<meta name=\"robots\" content=\"index, follow, max-snippet:-1, max-image-preview:large, max-video-preview:-1\" \/>\n<link rel=\"canonical\" href=\"https:\/\/twojlekarz.net\/es\/prawidlowa-postawa-wskazowki-dla-rodzicow\/\" \/>\n<meta property=\"og:locale\" content=\"es_ES\" \/>\n<meta property=\"og:type\" content=\"article\" \/>\n<meta property=\"og:title\" content=\"PRAWID\u0141OWA POSTAWA - WSKAZ\u00d3WKI DLA RODZIC\u00d3W - Przychodnia NZOZ &quot;Tw\u00f3j Lekarz&quot; sp. z o.o.\" \/>\n<meta property=\"og:description\" content=\"Wady postawy u dzieci to coraz cz\u0119stszy problem, kt\u00f3ry mo\u017ce prowadzi\u0107 do powa\u017cnych konsekwencji zdrowotnych w przysz\u0142o\u015bci. W poradniku, opartym na cyklu podcast\u00f3w z fizjoterapeut\u0105 Jaros\u0142awem Bagi\u0144skim, szefem Pracowni Rehabilitacji NZOZ Tw\u00f3j Lekarz dowiesz si\u0119, jak rozpozna\u0107 pierwsze oznaki wad postawy i co mo\u017cesz zrobi\u0107, aby zadba\u0107 o zdrowy rozw\u00f3j swojego dziecka.\" \/>\n<meta property=\"og:url\" content=\"https:\/\/twojlekarz.net\/es\/prawidlowa-postawa-wskazowki-dla-rodzicow\/\" \/>\n<meta property=\"og:site_name\" content=\"Przychodnia NZOZ &quot;Tw\u00f3j Lekarz&quot; sp. z o.o.\" \/>\n<meta property=\"article:publisher\" content=\"https:\/\/www.facebook.com\/NZOZTwojLekarz\/\" \/>\n<meta property=\"article:published_time\" content=\"2025-02-03T08:45:38+00:00\" \/>\n<meta property=\"article:modified_time\" content=\"2026-03-12T07:14:42+00:00\" \/>\n<meta property=\"og:image\" content=\"https:\/\/twojlekarz.net\/wp-content\/uploads\/Twoj-Lekarz-blogpost-21-900x450-25.png\" \/>\n\t<meta property=\"og:image:width\" content=\"900\" \/>\n\t<meta property=\"og:image:height\" content=\"450\" \/>\n\t<meta property=\"og:image:type\" content=\"image\/png\" \/>\n<meta name=\"author\" content=\"NZOZ &quot;Tw\u00f3j Lekarz&quot;\" \/>\n<meta name=\"twitter:card\" content=\"summary_large_image\" \/>\n<meta name=\"twitter:label1\" content=\"Escrito por\" \/>\n\t<meta name=\"twitter:data1\" content=\"NZOZ &quot;Tw\u00f3j Lekarz&quot;\" \/>\n\t<meta name=\"twitter:label2\" content=\"Tiempo de lectura\" \/>\n\t<meta name=\"twitter:data2\" content=\"3 minutos\" \/>\n<script type=\"application\/ld+json\" class=\"yoast-schema-graph\">{\"@context\":\"https:\\\/\\\/schema.org\",\"@graph\":[{\"@type\":\"Article\",\"@id\":\"https:\\\/\\\/twojlekarz.net\\\/prawidlowa-postawa-wskazowki-dla-rodzicow\\\/#article\",\"isPartOf\":{\"@id\":\"https:\\\/\\\/twojlekarz.net\\\/prawidlowa-postawa-wskazowki-dla-rodzicow\\\/\"},\"author\":{\"name\":\"NZOZ \\\"Tw\u00f3j Lekarz\\\"\",\"@id\":\"https:\\\/\\\/twojlekarz.net\\\/#\\\/schema\\\/person\\\/4872e4157107aad4013c32ac52a4b9b4\"},\"headline\":\"PRAWID\u0141OWA POSTAWA &#8211; WSKAZ\u00d3WKI DLA RODZIC\u00d3W\",\"datePublished\":\"2025-02-03T08:45:38+00:00\",\"dateModified\":\"2026-03-12T07:14:42+00:00\",\"mainEntityOfPage\":{\"@id\":\"https:\\\/\\\/twojlekarz.net\\\/prawidlowa-postawa-wskazowki-dla-rodzicow\\\/\"},\"wordCount\":546,\"publisher\":{\"@id\":\"https:\\\/\\\/twojlekarz.net\\\/#organization\"},\"image\":{\"@id\":\"https:\\\/\\\/twojlekarz.net\\\/prawidlowa-postawa-wskazowki-dla-rodzicow\\\/#primaryimage\"},\"thumbnailUrl\":\"https:\\\/\\\/i0.wp.com\\\/twojlekarz.net\\\/wp-content\\\/uploads\\\/Twoj-Lekarz-blogpost-21-900x450-25.png?fit=900%2C450&ssl=1\",\"keywords\":[\"fizjoterapia\",\"wady postawy\"],\"articleSection\":[\"Aktualno\u015bci\"],\"inLanguage\":\"es\"},{\"@type\":\"WebPage\",\"@id\":\"https:\\\/\\\/twojlekarz.net\\\/prawidlowa-postawa-wskazowki-dla-rodzicow\\\/\",\"url\":\"https:\\\/\\\/twojlekarz.net\\\/prawidlowa-postawa-wskazowki-dla-rodzicow\\\/\",\"name\":\"PRAWID\u0141OWA POSTAWA - WSKAZ\u00d3WKI DLA RODZIC\u00d3W - Przychodnia NZOZ &quot;Tw\u00f3j Lekarz&quot; sp. z o.o.\",\"isPartOf\":{\"@id\":\"https:\\\/\\\/twojlekarz.net\\\/#website\"},\"primaryImageOfPage\":{\"@id\":\"https:\\\/\\\/twojlekarz.net\\\/prawidlowa-postawa-wskazowki-dla-rodzicow\\\/#primaryimage\"},\"image\":{\"@id\":\"https:\\\/\\\/twojlekarz.net\\\/prawidlowa-postawa-wskazowki-dla-rodzicow\\\/#primaryimage\"},\"thumbnailUrl\":\"https:\\\/\\\/i0.wp.com\\\/twojlekarz.net\\\/wp-content\\\/uploads\\\/Twoj-Lekarz-blogpost-21-900x450-25.png?fit=900%2C450&ssl=1\",\"datePublished\":\"2025-02-03T08:45:38+00:00\",\"dateModified\":\"2026-03-12T07:14:42+00:00\",\"breadcrumb\":{\"@id\":\"https:\\\/\\\/twojlekarz.net\\\/prawidlowa-postawa-wskazowki-dla-rodzicow\\\/#breadcrumb\"},\"inLanguage\":\"es\",\"potentialAction\":[{\"@type\":\"ReadAction\",\"target\":[\"https:\\\/\\\/twojlekarz.net\\\/prawidlowa-postawa-wskazowki-dla-rodzicow\\\/\"]}]},{\"@type\":\"ImageObject\",\"inLanguage\":\"es\",\"@id\":\"https:\\\/\\\/twojlekarz.net\\\/prawidlowa-postawa-wskazowki-dla-rodzicow\\\/#primaryimage\",\"url\":\"https:\\\/\\\/i0.wp.com\\\/twojlekarz.net\\\/wp-content\\\/uploads\\\/Twoj-Lekarz-blogpost-21-900x450-25.png?fit=900%2C450&ssl=1\",\"contentUrl\":\"https:\\\/\\\/i0.wp.com\\\/twojlekarz.net\\\/wp-content\\\/uploads\\\/Twoj-Lekarz-blogpost-21-900x450-25.png?fit=900%2C450&ssl=1\",\"width\":900,\"height\":450},{\"@type\":\"BreadcrumbList\",\"@id\":\"https:\\\/\\\/twojlekarz.net\\\/prawidlowa-postawa-wskazowki-dla-rodzicow\\\/#breadcrumb\",\"itemListElement\":[{\"@type\":\"ListItem\",\"position\":1,\"name\":\"Strona g\u0142\u00f3wna\",\"item\":\"https:\\\/\\\/twojlekarz.net\\\/\"},{\"@type\":\"ListItem\",\"position\":2,\"name\":\"PRAWID\u0141OWA POSTAWA &#8211; WSKAZ\u00d3WKI DLA RODZIC\u00d3W\"}]},{\"@type\":\"WebSite\",\"@id\":\"https:\\\/\\\/twojlekarz.net\\\/#website\",\"url\":\"https:\\\/\\\/twojlekarz.net\\\/\",\"name\":\"Przychodnia NZOZ \\\"Tw\u00f3j Lekarz\\\" sp. z o.o.\",\"description\":\"\",\"publisher\":{\"@id\":\"https:\\\/\\\/twojlekarz.net\\\/#organization\"},\"potentialAction\":[{\"@type\":\"SearchAction\",\"target\":{\"@type\":\"EntryPoint\",\"urlTemplate\":\"https:\\\/\\\/twojlekarz.net\\\/?s={search_term_string}\"},\"query-input\":{\"@type\":\"PropertyValueSpecification\",\"valueRequired\":true,\"valueName\":\"search_term_string\"}}],\"inLanguage\":\"es\"},{\"@type\":\"Organization\",\"@id\":\"https:\\\/\\\/twojlekarz.net\\\/#organization\",\"name\":\"Przychodnia NZOZ \\\"Tw\u00f3j Lekarz\\\" sp. z o.o.\",\"url\":\"https:\\\/\\\/twojlekarz.net\\\/\",\"logo\":{\"@type\":\"ImageObject\",\"inLanguage\":\"es\",\"@id\":\"https:\\\/\\\/twojlekarz.net\\\/#\\\/schema\\\/logo\\\/image\\\/\",\"url\":\"https:\\\/\\\/i0.wp.com\\\/twojlekarz.net\\\/wp-content\\\/uploads\\\/twoj-lekarz-logo2-e1448917738554.jpg?fit=200%2C71&ssl=1\",\"contentUrl\":\"https:\\\/\\\/i0.wp.com\\\/twojlekarz.net\\\/wp-content\\\/uploads\\\/twoj-lekarz-logo2-e1448917738554.jpg?fit=200%2C71&ssl=1\",\"width\":200,\"height\":71,\"caption\":\"Przychodnia NZOZ \\\"Tw\u00f3j Lekarz\\\" sp. z o.o.\"},\"image\":{\"@id\":\"https:\\\/\\\/twojlekarz.net\\\/#\\\/schema\\\/logo\\\/image\\\/\"},\"sameAs\":[\"https:\\\/\\\/www.facebook.com\\\/NZOZTwojLekarz\\\/\"]},{\"@type\":\"Person\",\"@id\":\"https:\\\/\\\/twojlekarz.net\\\/#\\\/schema\\\/person\\\/4872e4157107aad4013c32ac52a4b9b4\",\"name\":\"NZOZ \\\"Tw\u00f3j Lekarz\\\"\",\"image\":{\"@type\":\"ImageObject\",\"inLanguage\":\"es\",\"@id\":\"https:\\\/\\\/secure.gravatar.com\\\/avatar\\\/9465837260f6ae13894c21dc64ea0fd37fae2ef5730310619b4823c3909befd4?s=96&d=mm&r=g\",\"url\":\"https:\\\/\\\/secure.gravatar.com\\\/avatar\\\/9465837260f6ae13894c21dc64ea0fd37fae2ef5730310619b4823c3909befd4?s=96&d=mm&r=g\",\"contentUrl\":\"https:\\\/\\\/secure.gravatar.com\\\/avatar\\\/9465837260f6ae13894c21dc64ea0fd37fae2ef5730310619b4823c3909befd4?s=96&d=mm&r=g\",\"caption\":\"NZOZ \\\"Tw\u00f3j Lekarz\\\"\"},\"url\":\"https:\\\/\\\/twojlekarz.net\\\/es\\\/author\\\/twojlekarz\\\/\"}]}<\/script>\n<!-- \/ Yoast SEO plugin. -->","yoast_head_json":{"title":"POSTURA CORRECTA - CONSEJOS PARA PADRES - Cl\u00ednica NZOZ &quot;Tw\u00f3j Lekarz&quot; sp. z o. o.","robots":{"index":"index","follow":"follow","max-snippet":"max-snippet:-1","max-image-preview":"max-image-preview:large","max-video-preview":"max-video-preview:-1"},"canonical":"https:\/\/twojlekarz.net\/es\/prawidlowa-postawa-wskazowki-dla-rodzicow\/","og_locale":"es_ES","og_type":"article","og_title":"PRAWID\u0141OWA POSTAWA - WSKAZ\u00d3WKI DLA RODZIC\u00d3W - Przychodnia NZOZ &quot;Tw\u00f3j Lekarz&quot; sp. z o.o.","og_description":"Wady postawy u dzieci to coraz cz\u0119stszy problem, kt\u00f3ry mo\u017ce prowadzi\u0107 do powa\u017cnych konsekwencji zdrowotnych w przysz\u0142o\u015bci. W poradniku, opartym na cyklu podcast\u00f3w z fizjoterapeut\u0105 Jaros\u0142awem Bagi\u0144skim, szefem Pracowni Rehabilitacji NZOZ Tw\u00f3j Lekarz dowiesz si\u0119, jak rozpozna\u0107 pierwsze oznaki wad postawy i co mo\u017cesz zrobi\u0107, aby zadba\u0107 o zdrowy rozw\u00f3j swojego dziecka.","og_url":"https:\/\/twojlekarz.net\/es\/prawidlowa-postawa-wskazowki-dla-rodzicow\/","og_site_name":"Przychodnia NZOZ &quot;Tw\u00f3j Lekarz&quot; sp. z o.o.","article_publisher":"https:\/\/www.facebook.com\/NZOZTwojLekarz\/","article_published_time":"2025-02-03T08:45:38+00:00","article_modified_time":"2026-03-12T07:14:42+00:00","og_image":[{"width":900,"height":450,"url":"https:\/\/twojlekarz.net\/wp-content\/uploads\/Twoj-Lekarz-blogpost-21-900x450-25.png","type":"image\/png"}],"author":"NZOZ \"Tw\u00f3j Lekarz\"","twitter_card":"summary_large_image","twitter_misc":{"Escrito por":"NZOZ \"Tw\u00f3j Lekarz\"","Tiempo de lectura":"3 minutos"},"schema":{"@context":"https:\/\/schema.org","@graph":[{"@type":"Article","@id":"https:\/\/twojlekarz.net\/prawidlowa-postawa-wskazowki-dla-rodzicow\/#article","isPartOf":{"@id":"https:\/\/twojlekarz.net\/prawidlowa-postawa-wskazowki-dla-rodzicow\/"},"author":{"name":"NZOZ \"Tw\u00f3j Lekarz\"","@id":"https:\/\/twojlekarz.net\/#\/schema\/person\/4872e4157107aad4013c32ac52a4b9b4"},"headline":"PRAWID\u0141OWA POSTAWA &#8211; WSKAZ\u00d3WKI DLA RODZIC\u00d3W","datePublished":"2025-02-03T08:45:38+00:00","dateModified":"2026-03-12T07:14:42+00:00","mainEntityOfPage":{"@id":"https:\/\/twojlekarz.net\/prawidlowa-postawa-wskazowki-dla-rodzicow\/"},"wordCount":546,"publisher":{"@id":"https:\/\/twojlekarz.net\/#organization"},"image":{"@id":"https:\/\/twojlekarz.net\/prawidlowa-postawa-wskazowki-dla-rodzicow\/#primaryimage"},"thumbnailUrl":"https:\/\/i0.wp.com\/twojlekarz.net\/wp-content\/uploads\/Twoj-Lekarz-blogpost-21-900x450-25.png?fit=900%2C450&ssl=1","keywords":["fizjoterapia","wady postawy"],"articleSection":["Aktualno\u015bci"],"inLanguage":"es"},{"@type":"WebPage","@id":"https:\/\/twojlekarz.net\/prawidlowa-postawa-wskazowki-dla-rodzicow\/","url":"https:\/\/twojlekarz.net\/prawidlowa-postawa-wskazowki-dla-rodzicow\/","name":"POSTURA CORRECTA - CONSEJOS PARA PADRES - Cl\u00ednica NZOZ &quot;Tw\u00f3j Lekarz&quot; sp. z o. o.","isPartOf":{"@id":"https:\/\/twojlekarz.net\/#website"},"primaryImageOfPage":{"@id":"https:\/\/twojlekarz.net\/prawidlowa-postawa-wskazowki-dla-rodzicow\/#primaryimage"},"image":{"@id":"https:\/\/twojlekarz.net\/prawidlowa-postawa-wskazowki-dla-rodzicow\/#primaryimage"},"thumbnailUrl":"https:\/\/i0.wp.com\/twojlekarz.net\/wp-content\/uploads\/Twoj-Lekarz-blogpost-21-900x450-25.png?fit=900%2C450&ssl=1","datePublished":"2025-02-03T08:45:38+00:00","dateModified":"2026-03-12T07:14:42+00:00","breadcrumb":{"@id":"https:\/\/twojlekarz.net\/prawidlowa-postawa-wskazowki-dla-rodzicow\/#breadcrumb"},"inLanguage":"es","potentialAction":[{"@type":"ReadAction","target":["https:\/\/twojlekarz.net\/prawidlowa-postawa-wskazowki-dla-rodzicow\/"]}]},{"@type":"ImageObject","inLanguage":"es","@id":"https:\/\/twojlekarz.net\/prawidlowa-postawa-wskazowki-dla-rodzicow\/#primaryimage","url":"https:\/\/i0.wp.com\/twojlekarz.net\/wp-content\/uploads\/Twoj-Lekarz-blogpost-21-900x450-25.png?fit=900%2C450&ssl=1","contentUrl":"https:\/\/i0.wp.com\/twojlekarz.net\/wp-content\/uploads\/Twoj-Lekarz-blogpost-21-900x450-25.png?fit=900%2C450&ssl=1","width":900,"height":450},{"@type":"BreadcrumbList","@id":"https:\/\/twojlekarz.net\/prawidlowa-postawa-wskazowki-dla-rodzicow\/#breadcrumb","itemListElement":[{"@type":"ListItem","position":1,"name":"Strona g\u0142\u00f3wna","item":"https:\/\/twojlekarz.net\/"},{"@type":"ListItem","position":2,"name":"PRAWID\u0141OWA POSTAWA &#8211; WSKAZ\u00d3WKI DLA RODZIC\u00d3W"}]},{"@type":"WebSite","@id":"https:\/\/twojlekarz.net\/#website","url":"https:\/\/twojlekarz.net\/","name":"Cl\u00ednica NZOZ &quot;Tw\u00f3j Doktor&quot; sp.","description":"","publisher":{"@id":"https:\/\/twojlekarz.net\/#organization"},"potentialAction":[{"@type":"SearchAction","target":{"@type":"EntryPoint","urlTemplate":"https:\/\/twojlekarz.net\/?s={search_term_string}"},"query-input":{"@type":"PropertyValueSpecification","valueRequired":true,"valueName":"search_term_string"}}],"inLanguage":"es"},{"@type":"Organization","@id":"https:\/\/twojlekarz.net\/#organization","name":"Cl\u00ednica NZOZ &quot;Tw\u00f3j Doktor&quot; sp.","url":"https:\/\/twojlekarz.net\/","logo":{"@type":"ImageObject","inLanguage":"es","@id":"https:\/\/twojlekarz.net\/#\/schema\/logo\/image\/","url":"https:\/\/i0.wp.com\/twojlekarz.net\/wp-content\/uploads\/twoj-lekarz-logo2-e1448917738554.jpg?fit=200%2C71&ssl=1","contentUrl":"https:\/\/i0.wp.com\/twojlekarz.net\/wp-content\/uploads\/twoj-lekarz-logo2-e1448917738554.jpg?fit=200%2C71&ssl=1","width":200,"height":71,"caption":"Przychodnia NZOZ \"Tw\u00f3j Lekarz\" sp. z o.o."},"image":{"@id":"https:\/\/twojlekarz.net\/#\/schema\/logo\/image\/"},"sameAs":["https:\/\/www.facebook.com\/NZOZTwojLekarz\/"]},{"@type":"Person","@id":"https:\/\/twojlekarz.net\/#\/schema\/person\/4872e4157107aad4013c32ac52a4b9b4","name":"NZOZ &quot;Su m\u00e9dico&quot;","image":{"@type":"ImageObject","inLanguage":"es","@id":"https:\/\/secure.gravatar.com\/avatar\/9465837260f6ae13894c21dc64ea0fd37fae2ef5730310619b4823c3909befd4?s=96&d=mm&r=g","url":"https:\/\/secure.gravatar.com\/avatar\/9465837260f6ae13894c21dc64ea0fd37fae2ef5730310619b4823c3909befd4?s=96&d=mm&r=g","contentUrl":"https:\/\/secure.gravatar.com\/avatar\/9465837260f6ae13894c21dc64ea0fd37fae2ef5730310619b4823c3909befd4?s=96&d=mm&r=g","caption":"NZOZ \"Tw\u00f3j Lekarz\""},"url":"https:\/\/twojlekarz.net\/es\/author\/twojlekarz\/"}]}},"jetpack_featured_media_url":"https:\/\/i0.wp.com\/twojlekarz.net\/wp-content\/uploads\/Twoj-Lekarz-blogpost-21-900x450-25.png?fit=900%2C450&ssl=1","jetpack_sharing_enabled":true,"_links":{"self":[{"href":"https:\/\/twojlekarz.net\/es\/wp-json\/wp\/v2\/posts\/10453","targetHints":{"allow":["GET"]}}],"collection":[{"href":"https:\/\/twojlekarz.net\/es\/wp-json\/wp\/v2\/posts"}],"about":[{"href":"https:\/\/twojlekarz.net\/es\/wp-json\/wp\/v2\/types\/post"}],"author":[{"embeddable":true,"href":"https:\/\/twojlekarz.net\/es\/wp-json\/wp\/v2\/users\/9"}],"replies":[{"embeddable":true,"href":"https:\/\/twojlekarz.net\/es\/wp-json\/wp\/v2\/comments?post=10453"}],"version-history":[{"count":2,"href":"https:\/\/twojlekarz.net\/es\/wp-json\/wp\/v2\/posts\/10453\/revisions"}],"predecessor-version":[{"id":11453,"href":"https:\/\/twojlekarz.net\/es\/wp-json\/wp\/v2\/posts\/10453\/revisions\/11453"}],"wp:featuredmedia":[{"embeddable":true,"href":"https:\/\/twojlekarz.net\/es\/wp-json\/wp\/v2\/media\/10197"}],"wp:attachment":[{"href":"https:\/\/twojlekarz.net\/es\/wp-json\/wp\/v2\/media?parent=10453"}],"wp:term":[{"taxonomy":"category","embeddable":true,"href":"https:\/\/twojlekarz.net\/es\/wp-json\/wp\/v2\/categories?post=10453"},{"taxonomy":"post_tag","embeddable":true,"href":"https:\/\/twojlekarz.net\/es\/wp-json\/wp\/v2\/tags?post=10453"}],"curies":[{"name":"gracias","href":"https:\/\/api.w.org\/{rel}","templated":true}]}}