{"id":180,"date":"2015-05-09T16:21:21","date_gmt":"2015-05-09T16:21:21","guid":{"rendered":"http:\/\/Nie,przedbadaniemnale\u017cybezwzgl\u0119dnieprzyj\u0105\u0107przepisaneprzezlekarzalekiipopi\u0107jewod\u0105.Bycienaczczooznacza,\u017ceniemo\u017cnaprzedbadaniemzje\u015b\u0107posi\u0142ku,wypi\u0107kawylubherbaty,comog\u0142obyjedyniezafa\u0142szowa\u0107wynikbadania.Wprzypadkuos\u00f3bchoruj"},"modified":"2019-07-30T13:21:29","modified_gmt":"2019-07-30T13:21:29","slug":"idac-na-badania-laboratoryjne-mam-byc-na-czczo-czy-oznacza-to-ze-przed-badaniem-nie-moge-przyjac-lekow","status":"publish","type":"post","link":"https:\/\/twojlekarz.net\/es\/idac-na-badania-laboratoryjne-mam-byc-na-czczo-czy-oznacza-to-ze-przed-badaniem-nie-moge-przyjac-lekow\/","title":{"rendered":"\u00bfQu\u00e9 datos se necesitan para emitir una exenci\u00f3n L-4?"},"content":{"rendered":"<p class=\"western\">Si es necesario justificar la incapacidad temporal del empleado para trabajar (debido a su enfermedad o la necesidad de cuidar a un familiar enfermo), se emitir\u00e1 un certificado en el formulario ZUS ZLA.<\/p>\n<p class=\"western\">Para que dicho certificado, es decir, la baja por enfermedad, sea v\u00e1lido, es necesario proporcionar los siguientes datos en el formulario ZUS ZLA:<\/p>\n<ol>\n<li class=\"western\">\n<p class=\"western\">por la persona que escribe ZLA:<\/p>\n<p class=\"western\">\u2013 nombre y apellidos del asegurado,<\/p>\n<p class=\"western\">\u2013 la direcci\u00f3n en la que la persona permanecer\u00e1 durante el per\u00edodo de baja por enfermedad,<\/p>\n<p class=\"western\">\u2013 fecha de alta, indicaciones m\u00e9dicas y c\u00f3digo de la carta de alta,<\/p>\n<\/li>\n<li class=\"western\">\n<p class=\"western\">por el paciente:<\/p>\n<p class=\"western\">\u2013 N\u00famero PESEL del asegurado (o serie y n\u00famero del pasaporte si no se le ha asignado ning\u00fan n\u00famero PESEL),<\/p>\n<p class=\"western\">\u2013 N\u00famero de Identificaci\u00f3n Fiscal del empleador.<\/p>\n<\/li>\n<\/ol>\n<p class=\"western\">Si est\u00e1 empleado en m\u00e1s de una empresa, ser\u00e1 necesario emitir una exenci\u00f3n separada para cada empleador, es decir, proporcionar el N\u00famero de Identificaci\u00f3n Fiscal de cada uno de los contribuyentes.<\/p>\n<p class=\"western\">El formulario ZUS ZLA est\u00e1 destinado a los empleados que mantienen una relaci\u00f3n laboral. Las personas empleadas en cualquier otra forma no reciben dicho formulario. Las personas aseguradas en el KRUS pueden solicitar el subsidio por enfermedad mediante un certificado m\u00e9dico de incapacidad temporal para el trabajo por enfermedad emitido en el formulario ZUS ZLA. Se debe pagar por cada d\u00eda de incapacidad para el trabajo que dure de manera continua por lo menos 30 d\u00edas pero no m\u00e1s de 180 d\u00edas.<\/p>","protected":false},"excerpt":{"rendered":"<p>W przypadku konieczno\u015bci usprawiedliwienia czasowej niezdolno\u015bci pracownika do pracy (spowodowanej jego chorob\u0105 czy te\u017c konieczno\u015bci\u0105 zapewnienia opieki choremu cz\u0142onkowi rodziny) zostanie wypisane za\u015bwiadczenie na formularzu ZUS ZLA. Aby takie za\u015bwiadczenie, czyli zwolnienie lekarskie, by\u0142o wa\u017cne, konieczne jest podanie na druku ZUS ZLA nast\u0119puj\u0105cych danych: przez osob\u0119 wypisuj\u0105c\u0105 ZLA : &#8211; imi\u0119 i nazwisko ubezpieczonego, &#8211; [&hellip;]<\/p>\n","protected":false},"author":1,"featured_media":9894,"comment_status":"closed","ping_status":"open","sticky":false,"template":"","format":"standard","meta":{"_jetpack_memberships_contains_paid_content":false,"footnotes":"","_wp_rev_ctl_limit":""},"categories":[10],"tags":[],"class_list":["post-180","post","type-post","status-publish","format-standard","has-post-thumbnail","hentry","category-faq"],"yoast_head":"<!-- This site is optimized with the Yoast SEO plugin v27.3 - https:\/\/yoast.com\/product\/yoast-seo-wordpress\/ -->\n<title>Jakie dane s\u0105 potrzebne do wystawienia zwolnienia L-4? - Przychodnia NZOZ &quot;Tw\u00f3j Lekarz&quot; sp. z o.o.<\/title>\n<meta name=\"robots\" content=\"index, follow, max-snippet:-1, max-image-preview:large, max-video-preview:-1\" \/>\n<link rel=\"canonical\" href=\"https:\/\/twojlekarz.net\/es\/idac-na-badania-laboratoryjne-mam-byc-na-czczo-czy-oznacza-to-ze-przed-badaniem-nie-moge-przyjac-lekow\/\" \/>\n<meta property=\"og:locale\" content=\"es_ES\" \/>\n<meta property=\"og:type\" content=\"article\" \/>\n<meta property=\"og:title\" content=\"Jakie dane s\u0105 potrzebne do wystawienia zwolnienia L-4? - Przychodnia NZOZ &quot;Tw\u00f3j Lekarz&quot; sp. z o.o.\" \/>\n<meta property=\"og:description\" content=\"W przypadku konieczno\u015bci usprawiedliwienia czasowej niezdolno\u015bci pracownika do pracy (spowodowanej jego chorob\u0105 czy te\u017c konieczno\u015bci\u0105 zapewnienia opieki choremu cz\u0142onkowi rodziny) zostanie wypisane za\u015bwiadczenie na formularzu ZUS ZLA. Aby takie za\u015bwiadczenie, czyli zwolnienie lekarskie, by\u0142o wa\u017cne, konieczne jest podanie na druku ZUS ZLA nast\u0119puj\u0105cych danych: przez osob\u0119 wypisuj\u0105c\u0105 ZLA : &#8211; imi\u0119 i nazwisko ubezpieczonego, &#8211; [&hellip;]\" \/>\n<meta property=\"og:url\" content=\"https:\/\/twojlekarz.net\/es\/idac-na-badania-laboratoryjne-mam-byc-na-czczo-czy-oznacza-to-ze-przed-badaniem-nie-moge-przyjac-lekow\/\" \/>\n<meta property=\"og:site_name\" content=\"Przychodnia NZOZ &quot;Tw\u00f3j Lekarz&quot; sp. z o.o.\" \/>\n<meta property=\"article:publisher\" content=\"https:\/\/www.facebook.com\/NZOZTwojLekarz\/\" \/>\n<meta property=\"article:published_time\" content=\"2015-05-09T16:21:21+00:00\" \/>\n<meta property=\"article:modified_time\" content=\"2019-07-30T13:21:29+00:00\" \/>\n<meta name=\"author\" content=\"bukos\" \/>\n<meta name=\"twitter:card\" content=\"summary_large_image\" \/>\n<meta name=\"twitter:label1\" content=\"Escrito por\" \/>\n\t<meta name=\"twitter:data1\" content=\"bukos\" \/>\n\t<meta name=\"twitter:label2\" content=\"Tiempo de lectura\" \/>\n\t<meta name=\"twitter:data2\" content=\"1 minuto\" \/>\n<script type=\"application\/ld+json\" class=\"yoast-schema-graph\">{\"@context\":\"https:\\\/\\\/schema.org\",\"@graph\":[{\"@type\":\"Article\",\"@id\":\"https:\\\/\\\/twojlekarz.net\\\/idac-na-badania-laboratoryjne-mam-byc-na-czczo-czy-oznacza-to-ze-przed-badaniem-nie-moge-przyjac-lekow\\\/#article\",\"isPartOf\":{\"@id\":\"https:\\\/\\\/twojlekarz.net\\\/idac-na-badania-laboratoryjne-mam-byc-na-czczo-czy-oznacza-to-ze-przed-badaniem-nie-moge-przyjac-lekow\\\/\"},\"author\":{\"name\":\"bukos\",\"@id\":\"https:\\\/\\\/twojlekarz.net\\\/#\\\/schema\\\/person\\\/4ebad216f0bd4dc7b07e78042de54022\"},\"headline\":\"Jakie dane s\u0105 potrzebne do wystawienia zwolnienia L-4?\",\"datePublished\":\"2015-05-09T16:21:21+00:00\",\"dateModified\":\"2019-07-30T13:21:29+00:00\",\"mainEntityOfPage\":{\"@id\":\"https:\\\/\\\/twojlekarz.net\\\/idac-na-badania-laboratoryjne-mam-byc-na-czczo-czy-oznacza-to-ze-przed-badaniem-nie-moge-przyjac-lekow\\\/\"},\"wordCount\":231,\"publisher\":{\"@id\":\"https:\\\/\\\/twojlekarz.net\\\/#organization\"},\"image\":{\"@id\":\"https:\\\/\\\/twojlekarz.net\\\/idac-na-badania-laboratoryjne-mam-byc-na-czczo-czy-oznacza-to-ze-przed-badaniem-nie-moge-przyjac-lekow\\\/#primaryimage\"},\"thumbnailUrl\":\"https:\\\/\\\/i0.wp.com\\\/twojlekarz.net\\\/wp-content\\\/uploads\\\/KN0A1278-1-1.jpg?fit=1009%2C757&ssl=1\",\"articleSection\":[\"FAQ\"],\"inLanguage\":\"es\"},{\"@type\":\"WebPage\",\"@id\":\"https:\\\/\\\/twojlekarz.net\\\/idac-na-badania-laboratoryjne-mam-byc-na-czczo-czy-oznacza-to-ze-przed-badaniem-nie-moge-przyjac-lekow\\\/\",\"url\":\"https:\\\/\\\/twojlekarz.net\\\/idac-na-badania-laboratoryjne-mam-byc-na-czczo-czy-oznacza-to-ze-przed-badaniem-nie-moge-przyjac-lekow\\\/\",\"name\":\"Jakie dane s\u0105 potrzebne do wystawienia zwolnienia L-4? - Przychodnia NZOZ &quot;Tw\u00f3j Lekarz&quot; sp. z o.o.\",\"isPartOf\":{\"@id\":\"https:\\\/\\\/twojlekarz.net\\\/#website\"},\"primaryImageOfPage\":{\"@id\":\"https:\\\/\\\/twojlekarz.net\\\/idac-na-badania-laboratoryjne-mam-byc-na-czczo-czy-oznacza-to-ze-przed-badaniem-nie-moge-przyjac-lekow\\\/#primaryimage\"},\"image\":{\"@id\":\"https:\\\/\\\/twojlekarz.net\\\/idac-na-badania-laboratoryjne-mam-byc-na-czczo-czy-oznacza-to-ze-przed-badaniem-nie-moge-przyjac-lekow\\\/#primaryimage\"},\"thumbnailUrl\":\"https:\\\/\\\/i0.wp.com\\\/twojlekarz.net\\\/wp-content\\\/uploads\\\/KN0A1278-1-1.jpg?fit=1009%2C757&ssl=1\",\"datePublished\":\"2015-05-09T16:21:21+00:00\",\"dateModified\":\"2019-07-30T13:21:29+00:00\",\"breadcrumb\":{\"@id\":\"https:\\\/\\\/twojlekarz.net\\\/idac-na-badania-laboratoryjne-mam-byc-na-czczo-czy-oznacza-to-ze-przed-badaniem-nie-moge-przyjac-lekow\\\/#breadcrumb\"},\"inLanguage\":\"es\",\"potentialAction\":[{\"@type\":\"ReadAction\",\"target\":[\"https:\\\/\\\/twojlekarz.net\\\/idac-na-badania-laboratoryjne-mam-byc-na-czczo-czy-oznacza-to-ze-przed-badaniem-nie-moge-przyjac-lekow\\\/\"]}]},{\"@type\":\"ImageObject\",\"inLanguage\":\"es\",\"@id\":\"https:\\\/\\\/twojlekarz.net\\\/idac-na-badania-laboratoryjne-mam-byc-na-czczo-czy-oznacza-to-ze-przed-badaniem-nie-moge-przyjac-lekow\\\/#primaryimage\",\"url\":\"https:\\\/\\\/i0.wp.com\\\/twojlekarz.net\\\/wp-content\\\/uploads\\\/KN0A1278-1-1.jpg?fit=1009%2C757&ssl=1\",\"contentUrl\":\"https:\\\/\\\/i0.wp.com\\\/twojlekarz.net\\\/wp-content\\\/uploads\\\/KN0A1278-1-1.jpg?fit=1009%2C757&ssl=1\",\"width\":1009,\"height\":757},{\"@type\":\"BreadcrumbList\",\"@id\":\"https:\\\/\\\/twojlekarz.net\\\/idac-na-badania-laboratoryjne-mam-byc-na-czczo-czy-oznacza-to-ze-przed-badaniem-nie-moge-przyjac-lekow\\\/#breadcrumb\",\"itemListElement\":[{\"@type\":\"ListItem\",\"position\":1,\"name\":\"Strona g\u0142\u00f3wna\",\"item\":\"https:\\\/\\\/twojlekarz.net\\\/\"},{\"@type\":\"ListItem\",\"position\":2,\"name\":\"Jakie dane s\u0105 potrzebne do wystawienia zwolnienia L-4?\"}]},{\"@type\":\"WebSite\",\"@id\":\"https:\\\/\\\/twojlekarz.net\\\/#website\",\"url\":\"https:\\\/\\\/twojlekarz.net\\\/\",\"name\":\"Przychodnia NZOZ \\\"Tw\u00f3j Lekarz\\\" sp. z o.o.\",\"description\":\"\",\"publisher\":{\"@id\":\"https:\\\/\\\/twojlekarz.net\\\/#organization\"},\"potentialAction\":[{\"@type\":\"SearchAction\",\"target\":{\"@type\":\"EntryPoint\",\"urlTemplate\":\"https:\\\/\\\/twojlekarz.net\\\/?s={search_term_string}\"},\"query-input\":{\"@type\":\"PropertyValueSpecification\",\"valueRequired\":true,\"valueName\":\"search_term_string\"}}],\"inLanguage\":\"es\"},{\"@type\":\"Organization\",\"@id\":\"https:\\\/\\\/twojlekarz.net\\\/#organization\",\"name\":\"Przychodnia NZOZ \\\"Tw\u00f3j Lekarz\\\" sp. z o.o.\",\"url\":\"https:\\\/\\\/twojlekarz.net\\\/\",\"logo\":{\"@type\":\"ImageObject\",\"inLanguage\":\"es\",\"@id\":\"https:\\\/\\\/twojlekarz.net\\\/#\\\/schema\\\/logo\\\/image\\\/\",\"url\":\"https:\\\/\\\/i0.wp.com\\\/twojlekarz.net\\\/wp-content\\\/uploads\\\/twoj-lekarz-logo2-e1448917738554.jpg?fit=200%2C71&ssl=1\",\"contentUrl\":\"https:\\\/\\\/i0.wp.com\\\/twojlekarz.net\\\/wp-content\\\/uploads\\\/twoj-lekarz-logo2-e1448917738554.jpg?fit=200%2C71&ssl=1\",\"width\":200,\"height\":71,\"caption\":\"Przychodnia NZOZ \\\"Tw\u00f3j Lekarz\\\" sp. z o.o.\"},\"image\":{\"@id\":\"https:\\\/\\\/twojlekarz.net\\\/#\\\/schema\\\/logo\\\/image\\\/\"},\"sameAs\":[\"https:\\\/\\\/www.facebook.com\\\/NZOZTwojLekarz\\\/\"]},{\"@type\":\"Person\",\"@id\":\"https:\\\/\\\/twojlekarz.net\\\/#\\\/schema\\\/person\\\/4ebad216f0bd4dc7b07e78042de54022\",\"name\":\"bukos\",\"image\":{\"@type\":\"ImageObject\",\"inLanguage\":\"es\",\"@id\":\"https:\\\/\\\/secure.gravatar.com\\\/avatar\\\/0bedc62c298cdebb64fa5f5a250e2c6c1cb455ae0b45e8095aaf27980e93a7ab?s=96&d=mm&r=g\",\"url\":\"https:\\\/\\\/secure.gravatar.com\\\/avatar\\\/0bedc62c298cdebb64fa5f5a250e2c6c1cb455ae0b45e8095aaf27980e93a7ab?s=96&d=mm&r=g\",\"contentUrl\":\"https:\\\/\\\/secure.gravatar.com\\\/avatar\\\/0bedc62c298cdebb64fa5f5a250e2c6c1cb455ae0b45e8095aaf27980e93a7ab?s=96&d=mm&r=g\",\"caption\":\"bukos\"},\"url\":\"https:\\\/\\\/twojlekarz.net\\\/es\\\/author\\\/bukos\\\/\"}]}<\/script>\n<!-- \/ Yoast SEO plugin. -->","yoast_head_json":{"title":"\u00bfQu\u00e9 datos se necesitan para emitir una baja laboral L-4? - Przychodnia NZOZ &quot;Tw\u00f3j Lekarz&quot; sp. z o. o.","robots":{"index":"index","follow":"follow","max-snippet":"max-snippet:-1","max-image-preview":"max-image-preview:large","max-video-preview":"max-video-preview:-1"},"canonical":"https:\/\/twojlekarz.net\/es\/idac-na-badania-laboratoryjne-mam-byc-na-czczo-czy-oznacza-to-ze-przed-badaniem-nie-moge-przyjac-lekow\/","og_locale":"es_ES","og_type":"article","og_title":"Jakie dane s\u0105 potrzebne do wystawienia zwolnienia L-4? - Przychodnia NZOZ &quot;Tw\u00f3j Lekarz&quot; sp. z o.o.","og_description":"W przypadku konieczno\u015bci usprawiedliwienia czasowej niezdolno\u015bci pracownika do pracy (spowodowanej jego chorob\u0105 czy te\u017c konieczno\u015bci\u0105 zapewnienia opieki choremu cz\u0142onkowi rodziny) zostanie wypisane za\u015bwiadczenie na formularzu ZUS ZLA. Aby takie za\u015bwiadczenie, czyli zwolnienie lekarskie, by\u0142o wa\u017cne, konieczne jest podanie na druku ZUS ZLA nast\u0119puj\u0105cych danych: przez osob\u0119 wypisuj\u0105c\u0105 ZLA : &#8211; imi\u0119 i nazwisko ubezpieczonego, &#8211; [&hellip;]","og_url":"https:\/\/twojlekarz.net\/es\/idac-na-badania-laboratoryjne-mam-byc-na-czczo-czy-oznacza-to-ze-przed-badaniem-nie-moge-przyjac-lekow\/","og_site_name":"Przychodnia NZOZ &quot;Tw\u00f3j Lekarz&quot; sp. z o.o.","article_publisher":"https:\/\/www.facebook.com\/NZOZTwojLekarz\/","article_published_time":"2015-05-09T16:21:21+00:00","article_modified_time":"2019-07-30T13:21:29+00:00","author":"bukos","twitter_card":"summary_large_image","twitter_misc":{"Escrito por":"bukos","Tiempo de lectura":"1 minuto"},"schema":{"@context":"https:\/\/schema.org","@graph":[{"@type":"Article","@id":"https:\/\/twojlekarz.net\/idac-na-badania-laboratoryjne-mam-byc-na-czczo-czy-oznacza-to-ze-przed-badaniem-nie-moge-przyjac-lekow\/#article","isPartOf":{"@id":"https:\/\/twojlekarz.net\/idac-na-badania-laboratoryjne-mam-byc-na-czczo-czy-oznacza-to-ze-przed-badaniem-nie-moge-przyjac-lekow\/"},"author":{"name":"bukos","@id":"https:\/\/twojlekarz.net\/#\/schema\/person\/4ebad216f0bd4dc7b07e78042de54022"},"headline":"Jakie dane s\u0105 potrzebne do wystawienia zwolnienia L-4?","datePublished":"2015-05-09T16:21:21+00:00","dateModified":"2019-07-30T13:21:29+00:00","mainEntityOfPage":{"@id":"https:\/\/twojlekarz.net\/idac-na-badania-laboratoryjne-mam-byc-na-czczo-czy-oznacza-to-ze-przed-badaniem-nie-moge-przyjac-lekow\/"},"wordCount":231,"publisher":{"@id":"https:\/\/twojlekarz.net\/#organization"},"image":{"@id":"https:\/\/twojlekarz.net\/idac-na-badania-laboratoryjne-mam-byc-na-czczo-czy-oznacza-to-ze-przed-badaniem-nie-moge-przyjac-lekow\/#primaryimage"},"thumbnailUrl":"https:\/\/i0.wp.com\/twojlekarz.net\/wp-content\/uploads\/KN0A1278-1-1.jpg?fit=1009%2C757&ssl=1","articleSection":["FAQ"],"inLanguage":"es"},{"@type":"WebPage","@id":"https:\/\/twojlekarz.net\/idac-na-badania-laboratoryjne-mam-byc-na-czczo-czy-oznacza-to-ze-przed-badaniem-nie-moge-przyjac-lekow\/","url":"https:\/\/twojlekarz.net\/idac-na-badania-laboratoryjne-mam-byc-na-czczo-czy-oznacza-to-ze-przed-badaniem-nie-moge-przyjac-lekow\/","name":"\u00bfQu\u00e9 datos se necesitan para emitir una baja laboral L-4? - Przychodnia NZOZ &quot;Tw\u00f3j Lekarz&quot; sp. z o. o.","isPartOf":{"@id":"https:\/\/twojlekarz.net\/#website"},"primaryImageOfPage":{"@id":"https:\/\/twojlekarz.net\/idac-na-badania-laboratoryjne-mam-byc-na-czczo-czy-oznacza-to-ze-przed-badaniem-nie-moge-przyjac-lekow\/#primaryimage"},"image":{"@id":"https:\/\/twojlekarz.net\/idac-na-badania-laboratoryjne-mam-byc-na-czczo-czy-oznacza-to-ze-przed-badaniem-nie-moge-przyjac-lekow\/#primaryimage"},"thumbnailUrl":"https:\/\/i0.wp.com\/twojlekarz.net\/wp-content\/uploads\/KN0A1278-1-1.jpg?fit=1009%2C757&ssl=1","datePublished":"2015-05-09T16:21:21+00:00","dateModified":"2019-07-30T13:21:29+00:00","breadcrumb":{"@id":"https:\/\/twojlekarz.net\/idac-na-badania-laboratoryjne-mam-byc-na-czczo-czy-oznacza-to-ze-przed-badaniem-nie-moge-przyjac-lekow\/#breadcrumb"},"inLanguage":"es","potentialAction":[{"@type":"ReadAction","target":["https:\/\/twojlekarz.net\/idac-na-badania-laboratoryjne-mam-byc-na-czczo-czy-oznacza-to-ze-przed-badaniem-nie-moge-przyjac-lekow\/"]}]},{"@type":"ImageObject","inLanguage":"es","@id":"https:\/\/twojlekarz.net\/idac-na-badania-laboratoryjne-mam-byc-na-czczo-czy-oznacza-to-ze-przed-badaniem-nie-moge-przyjac-lekow\/#primaryimage","url":"https:\/\/i0.wp.com\/twojlekarz.net\/wp-content\/uploads\/KN0A1278-1-1.jpg?fit=1009%2C757&ssl=1","contentUrl":"https:\/\/i0.wp.com\/twojlekarz.net\/wp-content\/uploads\/KN0A1278-1-1.jpg?fit=1009%2C757&ssl=1","width":1009,"height":757},{"@type":"BreadcrumbList","@id":"https:\/\/twojlekarz.net\/idac-na-badania-laboratoryjne-mam-byc-na-czczo-czy-oznacza-to-ze-przed-badaniem-nie-moge-przyjac-lekow\/#breadcrumb","itemListElement":[{"@type":"ListItem","position":1,"name":"Strona g\u0142\u00f3wna","item":"https:\/\/twojlekarz.net\/"},{"@type":"ListItem","position":2,"name":"Jakie dane s\u0105 potrzebne do wystawienia zwolnienia L-4?"}]},{"@type":"WebSite","@id":"https:\/\/twojlekarz.net\/#website","url":"https:\/\/twojlekarz.net\/","name":"Cl\u00ednica NZOZ &quot;Tw\u00f3j Doktor&quot; sp.","description":"","publisher":{"@id":"https:\/\/twojlekarz.net\/#organization"},"potentialAction":[{"@type":"SearchAction","target":{"@type":"EntryPoint","urlTemplate":"https:\/\/twojlekarz.net\/?s={search_term_string}"},"query-input":{"@type":"PropertyValueSpecification","valueRequired":true,"valueName":"search_term_string"}}],"inLanguage":"es"},{"@type":"Organization","@id":"https:\/\/twojlekarz.net\/#organization","name":"Cl\u00ednica NZOZ &quot;Tw\u00f3j Doktor&quot; sp.","url":"https:\/\/twojlekarz.net\/","logo":{"@type":"ImageObject","inLanguage":"es","@id":"https:\/\/twojlekarz.net\/#\/schema\/logo\/image\/","url":"https:\/\/i0.wp.com\/twojlekarz.net\/wp-content\/uploads\/twoj-lekarz-logo2-e1448917738554.jpg?fit=200%2C71&ssl=1","contentUrl":"https:\/\/i0.wp.com\/twojlekarz.net\/wp-content\/uploads\/twoj-lekarz-logo2-e1448917738554.jpg?fit=200%2C71&ssl=1","width":200,"height":71,"caption":"Przychodnia NZOZ \"Tw\u00f3j Lekarz\" sp. z o.o."},"image":{"@id":"https:\/\/twojlekarz.net\/#\/schema\/logo\/image\/"},"sameAs":["https:\/\/www.facebook.com\/NZOZTwojLekarz\/"]},{"@type":"Person","@id":"https:\/\/twojlekarz.net\/#\/schema\/person\/4ebad216f0bd4dc7b07e78042de54022","name":"haya","image":{"@type":"ImageObject","inLanguage":"es","@id":"https:\/\/secure.gravatar.com\/avatar\/0bedc62c298cdebb64fa5f5a250e2c6c1cb455ae0b45e8095aaf27980e93a7ab?s=96&d=mm&r=g","url":"https:\/\/secure.gravatar.com\/avatar\/0bedc62c298cdebb64fa5f5a250e2c6c1cb455ae0b45e8095aaf27980e93a7ab?s=96&d=mm&r=g","contentUrl":"https:\/\/secure.gravatar.com\/avatar\/0bedc62c298cdebb64fa5f5a250e2c6c1cb455ae0b45e8095aaf27980e93a7ab?s=96&d=mm&r=g","caption":"bukos"},"url":"https:\/\/twojlekarz.net\/es\/author\/bukos\/"}]}},"jetpack_featured_media_url":"https:\/\/i0.wp.com\/twojlekarz.net\/wp-content\/uploads\/KN0A1278-1-1.jpg?fit=1009%2C757&ssl=1","jetpack_sharing_enabled":true,"_links":{"self":[{"href":"https:\/\/twojlekarz.net\/es\/wp-json\/wp\/v2\/posts\/180","targetHints":{"allow":["GET"]}}],"collection":[{"href":"https:\/\/twojlekarz.net\/es\/wp-json\/wp\/v2\/posts"}],"about":[{"href":"https:\/\/twojlekarz.net\/es\/wp-json\/wp\/v2\/types\/post"}],"author":[{"embeddable":true,"href":"https:\/\/twojlekarz.net\/es\/wp-json\/wp\/v2\/users\/1"}],"replies":[{"embeddable":true,"href":"https:\/\/twojlekarz.net\/es\/wp-json\/wp\/v2\/comments?post=180"}],"version-history":[{"count":0,"href":"https:\/\/twojlekarz.net\/es\/wp-json\/wp\/v2\/posts\/180\/revisions"}],"wp:featuredmedia":[{"embeddable":true,"href":"https:\/\/twojlekarz.net\/es\/wp-json\/wp\/v2\/media\/9894"}],"wp:attachment":[{"href":"https:\/\/twojlekarz.net\/es\/wp-json\/wp\/v2\/media?parent=180"}],"wp:term":[{"taxonomy":"category","embeddable":true,"href":"https:\/\/twojlekarz.net\/es\/wp-json\/wp\/v2\/categories?post=180"},{"taxonomy":"post_tag","embeddable":true,"href":"https:\/\/twojlekarz.net\/es\/wp-json\/wp\/v2\/tags?post=180"}],"curies":[{"name":"gracias","href":"https:\/\/api.w.org\/{rel}","templated":true}]}}