{"id":5177,"date":"2020-03-15T12:57:00","date_gmt":"2020-03-15T12:57:00","guid":{"rendered":"https:\/\/twojlekarz.net.pl\/?p=5177"},"modified":"2021-08-11T11:18:25","modified_gmt":"2021-08-11T11:18:25","slug":"ostrzezenie-przed-ofertami-dotyczacymi-przeciwwirusowych-produktow-spozywczych","status":"publish","type":"post","link":"https:\/\/twojlekarz.net\/es\/ostrzezenie-przed-ofertami-dotyczacymi-przeciwwirusowych-produktow-spozywczych\/","title":{"rendered":"Advertencia sobre ofertas de productos alimenticios &quot;antivirales&quot;"},"content":{"rendered":"<h2 class=\"wp-block-heading\">En el espacio p\u00fablico, especialmente en Internet, aparecen cada vez m\u00e1s ofertas de productos con supuestas propiedades antivirales o protectoras contra la infecci\u00f3n por SARS-Cov-2. Muchos de ellos se refieren a complementos diet\u00e9ticos. Le advertimos contra el uso de tales ofertas.<\/h2>\n\n\n\n<div style=\"height:32px\" aria-hidden=\"true\" class=\"wp-block-spacer\"><\/div>\n\n\n\n<p>Los suplementos diet\u00e9ticos son una fuente concentrada de vitaminas o minerales u otras sustancias con un efecto nutricional o fisiol\u00f3gico.<\/p>\n\n\n\n<div style=\"height:20px\" aria-hidden=\"true\" class=\"wp-block-spacer\"><\/div>\n\n\n\n<p>Su finalidad es complementar una dieta normal, no pasan por ensayos cl\u00ednicos y no tienen ning\u00fan efecto farmacol\u00f3gico confirmado en estudios.<\/p>\n\n\n\n<div style=\"height:20px\" aria-hidden=\"true\" class=\"wp-block-spacer\"><\/div>\n\n\n\n<p>El Reglamento (UE) n.\u00ba 1169\/2011 del Parlamento Europeo y del Consejo, de 25 de octubre de 2011, sobre la informaci\u00f3n alimentaria facilitada al consumidor, establece que la informaci\u00f3n alimentaria no debe ser enga\u00f1osa, en particular:&nbsp;<strong>sobre las caracter\u00edsticas de un producto alimenticio, en particular sobre su naturaleza, identidad, propiedades, composici\u00f3n, cantidad, durabilidad, pa\u00eds o lugar de origen, m\u00e9todos de producci\u00f3n o de fabricaci\u00f3n<em>.<\/em><\/strong><\/p>\n\n\n\n<div style=\"height:20px\" aria-hidden=\"true\" class=\"wp-block-spacer\"><\/div>\n\n\n\n<p>La informaci\u00f3n alimentaria debe ser precisa, clara y f\u00e1cil de entender para el consumidor. Por tanto, el etiquetado, la presentaci\u00f3n y la publicidad no deber\u00e1n atribuir a ning\u00fan alimento la propiedad de prevenir, tratar o curar una enfermedad humana, ni hacer referencia a dichas propiedades.<\/p>\n\n\n\n<div style=\"height:20px\" aria-hidden=\"true\" class=\"wp-block-spacer\"><\/div>\n\n\n\n<p>S\u00f3lo un medicamento definido en la Ley Farmac\u00e9utica puede demostrar propiedades medicinales:<em>Un medicamento es una sustancia o una mezcla de sustancias que se presentan como poseedoras de propiedades para la prevenci\u00f3n o el tratamiento de enfermedades en seres humanos o animales o que se administran con el fin de hacer un diagn\u00f3stico o con el fin de restablecer, corregir o modificar las funciones fisiol\u00f3gicas del cuerpo mediante una acci\u00f3n farmacol\u00f3gica, inmunol\u00f3gica o metab\u00f3lica.<\/em>&quot; .<\/p>\n\n\n\n<div style=\"height:20px\" aria-hidden=\"true\" class=\"wp-block-spacer\"><\/div>\n\n\n\n<p>De conformidad con lo anterior. Disposiciones, las disposiciones de la Ley de Medicamentos se aplicar\u00e1n a un producto que cumpla los criterios de un medicamento y los criterios de otro tipo de producto, en particular un suplemento diet\u00e9tico, un cosm\u00e9tico o un producto sanitario, especificados en reglamentos separados.<\/p>\n\n\n\n<div style=\"height:20px\" aria-hidden=\"true\" class=\"wp-block-spacer\"><\/div>\n\n\n\n<p><strong>En resumen, indicar en el etiquetado, la presentaci\u00f3n o la publicidad de los productos alimenticios, incluidos los complementos diet\u00e9ticos, sus propiedades medicinales (como efectos antivirales, tratamiento de la gripe, protecci\u00f3n contra la infecci\u00f3n por SARS-Cov-2, tratamiento de la infecci\u00f3n por COVID-19) constituye una violaci\u00f3n de la ley y no est\u00e1 respaldado por la medicina basada en la evidencia.<\/strong><\/p>\n\n\n\n<div style=\"height:20px\" aria-hidden=\"true\" class=\"wp-block-spacer\"><\/div>\n\n\n\n<p>Durante el per\u00edodo de actividad profesional y social limitada, cuarentena y exposici\u00f3n a infecciones, nuestro comportamiento promotor de la salud es importante:&nbsp;<strong>dieta sana, sue\u00f1o adecuado, descanso, recreaci\u00f3n.<\/strong><\/p>\n\n\n\n<div style=\"height:20px\" aria-hidden=\"true\" class=\"wp-block-spacer\"><\/div>\n\n\n\n<p>Es el uso de una dieta equilibrada, variada y&nbsp;<strong>dieta saludable<\/strong>&nbsp;Es uno de los factores importantes para mantener una buena salud.<\/p>\n\n\n\n<div style=\"height:20px\" aria-hidden=\"true\" class=\"wp-block-spacer\"><\/div>\n\n\n\n<p>La suplementaci\u00f3n puede ser utilizada por personas que sufren deficiencias de vitaminas o minerales individuales o cuando la dieta no proporciona cantidades suficientes de vitaminas y minerales, pero no reemplaza una dieta saludable o un tratamiento.<\/p>\n\n\n\n<div style=\"height:20px\" aria-hidden=\"true\" class=\"wp-block-spacer\"><\/div>\n\n\n\n<p>Fuente:  <a href=\"https:\/\/gis.gov.pl\/aktualnosci\/ostrzezenie-przed-ofertami-dotyczacymi-przeciwwirusowych-produktow-spozywczych\/\">https:\/\/gis.gov.pl\/aktualnosci\/ostrzezenie-przed-ofertami-dotyczacymi-przeciwwirusowych-produktow-spozywczych\/<\/a> <\/p>","protected":false},"excerpt":{"rendered":"<p>En el espacio p\u00fablico, especialmente en Internet, aparecen cada vez m\u00e1s ofertas de productos con supuestas propiedades antivirales o protectoras contra la infecci\u00f3n por SARS-Cov-2. Muchos de ellos se refieren a complementos diet\u00e9ticos. Le advertimos contra el uso de tales ofertas.<\/p>","protected":false},"author":9,"featured_media":5178,"comment_status":"closed","ping_status":"closed","sticky":false,"template":"","format":"standard","meta":{"_jetpack_memberships_contains_paid_content":false,"footnotes":"","_wp_rev_ctl_limit":""},"categories":[90],"tags":[],"class_list":["post-5177","post","type-post","status-publish","format-standard","has-post-thumbnail","hentry","category-s1-aktualnoci"],"yoast_head":"<!-- This site is optimized with the Yoast SEO plugin v27.3 - https:\/\/yoast.com\/product\/yoast-seo-wordpress\/ -->\n<title>Ostrze\u017cenie przed ofertami dotycz\u0105cymi \u201eprzeciwwirusowych\u201d produkt\u00f3w spo\u017cywczych - Przychodnia NZOZ &quot;Tw\u00f3j Lekarz&quot; sp. z o.o.<\/title>\n<meta name=\"robots\" content=\"index, follow, max-snippet:-1, max-image-preview:large, max-video-preview:-1\" \/>\n<link rel=\"canonical\" href=\"https:\/\/twojlekarz.net\/es\/ostrzezenie-przed-ofertami-dotyczacymi-przeciwwirusowych-produktow-spozywczych\/\" \/>\n<meta property=\"og:locale\" content=\"es_ES\" \/>\n<meta property=\"og:type\" content=\"article\" \/>\n<meta property=\"og:title\" content=\"Ostrze\u017cenie przed ofertami dotycz\u0105cymi \u201eprzeciwwirusowych\u201d produkt\u00f3w spo\u017cywczych - Przychodnia NZOZ &quot;Tw\u00f3j Lekarz&quot; sp. z o.o.\" \/>\n<meta property=\"og:description\" content=\"W przestrzeni publicznej, w szczeg\u00f3lno\u015bci w Internecie pojawia si\u0119 coraz wi\u0119cej ofert produkt\u00f3w o sugerowanych w\u0142a\u015bciwo\u015bciach przeciwwirusowych lub chroni\u0105cych przed zara\u017ceniem SARS-Cov-2. Wiele z nich dotyczy suplement\u00f3w diety. Ostrzegamy przed korzystaniem z takich ofert.\" \/>\n<meta property=\"og:url\" content=\"https:\/\/twojlekarz.net\/es\/ostrzezenie-przed-ofertami-dotyczacymi-przeciwwirusowych-produktow-spozywczych\/\" \/>\n<meta property=\"og:site_name\" content=\"Przychodnia NZOZ &quot;Tw\u00f3j Lekarz&quot; sp. z o.o.\" \/>\n<meta property=\"article:publisher\" content=\"https:\/\/www.facebook.com\/NZOZTwojLekarz\/\" \/>\n<meta property=\"article:published_time\" content=\"2020-03-15T12:57:00+00:00\" \/>\n<meta property=\"article:modified_time\" content=\"2021-08-11T11:18:25+00:00\" \/>\n<meta property=\"og:image\" content=\"https:\/\/twojlekarz.net\/wp-content\/uploads\/fa\u0142szywki-1024x1024.png\" \/>\n\t<meta property=\"og:image:width\" content=\"1024\" \/>\n\t<meta property=\"og:image:height\" content=\"1024\" \/>\n\t<meta property=\"og:image:type\" content=\"image\/png\" \/>\n<meta name=\"author\" content=\"NZOZ &quot;Tw\u00f3j Lekarz&quot;\" \/>\n<meta name=\"twitter:card\" content=\"summary_large_image\" \/>\n<meta name=\"twitter:label1\" content=\"Escrito por\" \/>\n\t<meta name=\"twitter:data1\" content=\"NZOZ &quot;Tw\u00f3j Lekarz&quot;\" \/>\n\t<meta name=\"twitter:label2\" content=\"Tiempo de lectura\" \/>\n\t<meta name=\"twitter:data2\" content=\"3 minutos\" \/>\n<script type=\"application\/ld+json\" class=\"yoast-schema-graph\">{\"@context\":\"https:\\\/\\\/schema.org\",\"@graph\":[{\"@type\":\"Article\",\"@id\":\"https:\\\/\\\/twojlekarz.net\\\/ostrzezenie-przed-ofertami-dotyczacymi-przeciwwirusowych-produktow-spozywczych\\\/#article\",\"isPartOf\":{\"@id\":\"https:\\\/\\\/twojlekarz.net\\\/ostrzezenie-przed-ofertami-dotyczacymi-przeciwwirusowych-produktow-spozywczych\\\/\"},\"author\":{\"name\":\"NZOZ \\\"Tw\u00f3j Lekarz\\\"\",\"@id\":\"https:\\\/\\\/twojlekarz.net\\\/#\\\/schema\\\/person\\\/4872e4157107aad4013c32ac52a4b9b4\"},\"headline\":\"Ostrze\u017cenie przed ofertami dotycz\u0105cymi \u201eprzeciwwirusowych\u201d produkt\u00f3w spo\u017cywczych\",\"datePublished\":\"2020-03-15T12:57:00+00:00\",\"dateModified\":\"2021-08-11T11:18:25+00:00\",\"mainEntityOfPage\":{\"@id\":\"https:\\\/\\\/twojlekarz.net\\\/ostrzezenie-przed-ofertami-dotyczacymi-przeciwwirusowych-produktow-spozywczych\\\/\"},\"wordCount\":517,\"publisher\":{\"@id\":\"https:\\\/\\\/twojlekarz.net\\\/#organization\"},\"image\":{\"@id\":\"https:\\\/\\\/twojlekarz.net\\\/ostrzezenie-przed-ofertami-dotyczacymi-przeciwwirusowych-produktow-spozywczych\\\/#primaryimage\"},\"thumbnailUrl\":\"https:\\\/\\\/i0.wp.com\\\/twojlekarz.net\\\/wp-content\\\/uploads\\\/fa%C5%82szywki.png?fit=1080%2C1080&ssl=1\",\"articleSection\":[\"Aktualno\u015bci\"],\"inLanguage\":\"es\"},{\"@type\":\"WebPage\",\"@id\":\"https:\\\/\\\/twojlekarz.net\\\/ostrzezenie-przed-ofertami-dotyczacymi-przeciwwirusowych-produktow-spozywczych\\\/\",\"url\":\"https:\\\/\\\/twojlekarz.net\\\/ostrzezenie-przed-ofertami-dotyczacymi-przeciwwirusowych-produktow-spozywczych\\\/\",\"name\":\"Ostrze\u017cenie przed ofertami dotycz\u0105cymi \u201eprzeciwwirusowych\u201d produkt\u00f3w spo\u017cywczych - Przychodnia NZOZ &quot;Tw\u00f3j Lekarz&quot; sp. z o.o.\",\"isPartOf\":{\"@id\":\"https:\\\/\\\/twojlekarz.net\\\/#website\"},\"primaryImageOfPage\":{\"@id\":\"https:\\\/\\\/twojlekarz.net\\\/ostrzezenie-przed-ofertami-dotyczacymi-przeciwwirusowych-produktow-spozywczych\\\/#primaryimage\"},\"image\":{\"@id\":\"https:\\\/\\\/twojlekarz.net\\\/ostrzezenie-przed-ofertami-dotyczacymi-przeciwwirusowych-produktow-spozywczych\\\/#primaryimage\"},\"thumbnailUrl\":\"https:\\\/\\\/i0.wp.com\\\/twojlekarz.net\\\/wp-content\\\/uploads\\\/fa%C5%82szywki.png?fit=1080%2C1080&ssl=1\",\"datePublished\":\"2020-03-15T12:57:00+00:00\",\"dateModified\":\"2021-08-11T11:18:25+00:00\",\"breadcrumb\":{\"@id\":\"https:\\\/\\\/twojlekarz.net\\\/ostrzezenie-przed-ofertami-dotyczacymi-przeciwwirusowych-produktow-spozywczych\\\/#breadcrumb\"},\"inLanguage\":\"es\",\"potentialAction\":[{\"@type\":\"ReadAction\",\"target\":[\"https:\\\/\\\/twojlekarz.net\\\/ostrzezenie-przed-ofertami-dotyczacymi-przeciwwirusowych-produktow-spozywczych\\\/\"]}]},{\"@type\":\"ImageObject\",\"inLanguage\":\"es\",\"@id\":\"https:\\\/\\\/twojlekarz.net\\\/ostrzezenie-przed-ofertami-dotyczacymi-przeciwwirusowych-produktow-spozywczych\\\/#primaryimage\",\"url\":\"https:\\\/\\\/i0.wp.com\\\/twojlekarz.net\\\/wp-content\\\/uploads\\\/fa%C5%82szywki.png?fit=1080%2C1080&ssl=1\",\"contentUrl\":\"https:\\\/\\\/i0.wp.com\\\/twojlekarz.net\\\/wp-content\\\/uploads\\\/fa%C5%82szywki.png?fit=1080%2C1080&ssl=1\",\"width\":1080,\"height\":1080},{\"@type\":\"BreadcrumbList\",\"@id\":\"https:\\\/\\\/twojlekarz.net\\\/ostrzezenie-przed-ofertami-dotyczacymi-przeciwwirusowych-produktow-spozywczych\\\/#breadcrumb\",\"itemListElement\":[{\"@type\":\"ListItem\",\"position\":1,\"name\":\"Strona g\u0142\u00f3wna\",\"item\":\"https:\\\/\\\/twojlekarz.net\\\/\"},{\"@type\":\"ListItem\",\"position\":2,\"name\":\"Ostrze\u017cenie przed ofertami dotycz\u0105cymi \u201eprzeciwwirusowych\u201d produkt\u00f3w spo\u017cywczych\"}]},{\"@type\":\"WebSite\",\"@id\":\"https:\\\/\\\/twojlekarz.net\\\/#website\",\"url\":\"https:\\\/\\\/twojlekarz.net\\\/\",\"name\":\"Przychodnia NZOZ \\\"Tw\u00f3j Lekarz\\\" sp. z o.o.\",\"description\":\"\",\"publisher\":{\"@id\":\"https:\\\/\\\/twojlekarz.net\\\/#organization\"},\"potentialAction\":[{\"@type\":\"SearchAction\",\"target\":{\"@type\":\"EntryPoint\",\"urlTemplate\":\"https:\\\/\\\/twojlekarz.net\\\/?s={search_term_string}\"},\"query-input\":{\"@type\":\"PropertyValueSpecification\",\"valueRequired\":true,\"valueName\":\"search_term_string\"}}],\"inLanguage\":\"es\"},{\"@type\":\"Organization\",\"@id\":\"https:\\\/\\\/twojlekarz.net\\\/#organization\",\"name\":\"Przychodnia NZOZ \\\"Tw\u00f3j Lekarz\\\" sp. z o.o.\",\"url\":\"https:\\\/\\\/twojlekarz.net\\\/\",\"logo\":{\"@type\":\"ImageObject\",\"inLanguage\":\"es\",\"@id\":\"https:\\\/\\\/twojlekarz.net\\\/#\\\/schema\\\/logo\\\/image\\\/\",\"url\":\"https:\\\/\\\/i0.wp.com\\\/twojlekarz.net\\\/wp-content\\\/uploads\\\/twoj-lekarz-logo2-e1448917738554.jpg?fit=200%2C71&ssl=1\",\"contentUrl\":\"https:\\\/\\\/i0.wp.com\\\/twojlekarz.net\\\/wp-content\\\/uploads\\\/twoj-lekarz-logo2-e1448917738554.jpg?fit=200%2C71&ssl=1\",\"width\":200,\"height\":71,\"caption\":\"Przychodnia NZOZ \\\"Tw\u00f3j Lekarz\\\" sp. z o.o.\"},\"image\":{\"@id\":\"https:\\\/\\\/twojlekarz.net\\\/#\\\/schema\\\/logo\\\/image\\\/\"},\"sameAs\":[\"https:\\\/\\\/www.facebook.com\\\/NZOZTwojLekarz\\\/\"]},{\"@type\":\"Person\",\"@id\":\"https:\\\/\\\/twojlekarz.net\\\/#\\\/schema\\\/person\\\/4872e4157107aad4013c32ac52a4b9b4\",\"name\":\"NZOZ \\\"Tw\u00f3j Lekarz\\\"\",\"image\":{\"@type\":\"ImageObject\",\"inLanguage\":\"es\",\"@id\":\"https:\\\/\\\/secure.gravatar.com\\\/avatar\\\/9465837260f6ae13894c21dc64ea0fd37fae2ef5730310619b4823c3909befd4?s=96&d=mm&r=g\",\"url\":\"https:\\\/\\\/secure.gravatar.com\\\/avatar\\\/9465837260f6ae13894c21dc64ea0fd37fae2ef5730310619b4823c3909befd4?s=96&d=mm&r=g\",\"contentUrl\":\"https:\\\/\\\/secure.gravatar.com\\\/avatar\\\/9465837260f6ae13894c21dc64ea0fd37fae2ef5730310619b4823c3909befd4?s=96&d=mm&r=g\",\"caption\":\"NZOZ \\\"Tw\u00f3j Lekarz\\\"\"},\"url\":\"https:\\\/\\\/twojlekarz.net\\\/es\\\/author\\\/twojlekarz\\\/\"}]}<\/script>\n<!-- \/ Yoast SEO plugin. -->","yoast_head_json":{"title":"Advertencia contra ofertas de productos alimenticios &quot;antivirales&quot; - Przychodnia NZOZ &quot;Tw\u00f3j Lekarz&quot; sp. z o. o.","robots":{"index":"index","follow":"follow","max-snippet":"max-snippet:-1","max-image-preview":"max-image-preview:large","max-video-preview":"max-video-preview:-1"},"canonical":"https:\/\/twojlekarz.net\/es\/ostrzezenie-przed-ofertami-dotyczacymi-przeciwwirusowych-produktow-spozywczych\/","og_locale":"es_ES","og_type":"article","og_title":"Ostrze\u017cenie przed ofertami dotycz\u0105cymi \u201eprzeciwwirusowych\u201d produkt\u00f3w spo\u017cywczych - Przychodnia NZOZ &quot;Tw\u00f3j Lekarz&quot; sp. z o.o.","og_description":"W przestrzeni publicznej, w szczeg\u00f3lno\u015bci w Internecie pojawia si\u0119 coraz wi\u0119cej ofert produkt\u00f3w o sugerowanych w\u0142a\u015bciwo\u015bciach przeciwwirusowych lub chroni\u0105cych przed zara\u017ceniem SARS-Cov-2. Wiele z nich dotyczy suplement\u00f3w diety. Ostrzegamy przed korzystaniem z takich ofert.","og_url":"https:\/\/twojlekarz.net\/es\/ostrzezenie-przed-ofertami-dotyczacymi-przeciwwirusowych-produktow-spozywczych\/","og_site_name":"Przychodnia NZOZ &quot;Tw\u00f3j Lekarz&quot; sp. z o.o.","article_publisher":"https:\/\/www.facebook.com\/NZOZTwojLekarz\/","article_published_time":"2020-03-15T12:57:00+00:00","article_modified_time":"2021-08-11T11:18:25+00:00","og_image":[{"width":1024,"height":1024,"url":"https:\/\/twojlekarz.net\/wp-content\/uploads\/fa\u0142szywki-1024x1024.png","type":"image\/png"}],"author":"NZOZ \"Tw\u00f3j Lekarz\"","twitter_card":"summary_large_image","twitter_misc":{"Escrito por":"NZOZ \"Tw\u00f3j Lekarz\"","Tiempo de lectura":"3 minutos"},"schema":{"@context":"https:\/\/schema.org","@graph":[{"@type":"Article","@id":"https:\/\/twojlekarz.net\/ostrzezenie-przed-ofertami-dotyczacymi-przeciwwirusowych-produktow-spozywczych\/#article","isPartOf":{"@id":"https:\/\/twojlekarz.net\/ostrzezenie-przed-ofertami-dotyczacymi-przeciwwirusowych-produktow-spozywczych\/"},"author":{"name":"NZOZ \"Tw\u00f3j Lekarz\"","@id":"https:\/\/twojlekarz.net\/#\/schema\/person\/4872e4157107aad4013c32ac52a4b9b4"},"headline":"Ostrze\u017cenie przed ofertami dotycz\u0105cymi \u201eprzeciwwirusowych\u201d produkt\u00f3w spo\u017cywczych","datePublished":"2020-03-15T12:57:00+00:00","dateModified":"2021-08-11T11:18:25+00:00","mainEntityOfPage":{"@id":"https:\/\/twojlekarz.net\/ostrzezenie-przed-ofertami-dotyczacymi-przeciwwirusowych-produktow-spozywczych\/"},"wordCount":517,"publisher":{"@id":"https:\/\/twojlekarz.net\/#organization"},"image":{"@id":"https:\/\/twojlekarz.net\/ostrzezenie-przed-ofertami-dotyczacymi-przeciwwirusowych-produktow-spozywczych\/#primaryimage"},"thumbnailUrl":"https:\/\/i0.wp.com\/twojlekarz.net\/wp-content\/uploads\/fa%C5%82szywki.png?fit=1080%2C1080&ssl=1","articleSection":["Aktualno\u015bci"],"inLanguage":"es"},{"@type":"WebPage","@id":"https:\/\/twojlekarz.net\/ostrzezenie-przed-ofertami-dotyczacymi-przeciwwirusowych-produktow-spozywczych\/","url":"https:\/\/twojlekarz.net\/ostrzezenie-przed-ofertami-dotyczacymi-przeciwwirusowych-produktow-spozywczych\/","name":"Advertencia contra ofertas de productos alimenticios &quot;antivirales&quot; - Przychodnia NZOZ &quot;Tw\u00f3j Lekarz&quot; sp. z o. o.","isPartOf":{"@id":"https:\/\/twojlekarz.net\/#website"},"primaryImageOfPage":{"@id":"https:\/\/twojlekarz.net\/ostrzezenie-przed-ofertami-dotyczacymi-przeciwwirusowych-produktow-spozywczych\/#primaryimage"},"image":{"@id":"https:\/\/twojlekarz.net\/ostrzezenie-przed-ofertami-dotyczacymi-przeciwwirusowych-produktow-spozywczych\/#primaryimage"},"thumbnailUrl":"https:\/\/i0.wp.com\/twojlekarz.net\/wp-content\/uploads\/fa%C5%82szywki.png?fit=1080%2C1080&ssl=1","datePublished":"2020-03-15T12:57:00+00:00","dateModified":"2021-08-11T11:18:25+00:00","breadcrumb":{"@id":"https:\/\/twojlekarz.net\/ostrzezenie-przed-ofertami-dotyczacymi-przeciwwirusowych-produktow-spozywczych\/#breadcrumb"},"inLanguage":"es","potentialAction":[{"@type":"ReadAction","target":["https:\/\/twojlekarz.net\/ostrzezenie-przed-ofertami-dotyczacymi-przeciwwirusowych-produktow-spozywczych\/"]}]},{"@type":"ImageObject","inLanguage":"es","@id":"https:\/\/twojlekarz.net\/ostrzezenie-przed-ofertami-dotyczacymi-przeciwwirusowych-produktow-spozywczych\/#primaryimage","url":"https:\/\/i0.wp.com\/twojlekarz.net\/wp-content\/uploads\/fa%C5%82szywki.png?fit=1080%2C1080&ssl=1","contentUrl":"https:\/\/i0.wp.com\/twojlekarz.net\/wp-content\/uploads\/fa%C5%82szywki.png?fit=1080%2C1080&ssl=1","width":1080,"height":1080},{"@type":"BreadcrumbList","@id":"https:\/\/twojlekarz.net\/ostrzezenie-przed-ofertami-dotyczacymi-przeciwwirusowych-produktow-spozywczych\/#breadcrumb","itemListElement":[{"@type":"ListItem","position":1,"name":"Strona g\u0142\u00f3wna","item":"https:\/\/twojlekarz.net\/"},{"@type":"ListItem","position":2,"name":"Ostrze\u017cenie przed ofertami dotycz\u0105cymi \u201eprzeciwwirusowych\u201d produkt\u00f3w spo\u017cywczych"}]},{"@type":"WebSite","@id":"https:\/\/twojlekarz.net\/#website","url":"https:\/\/twojlekarz.net\/","name":"Cl\u00ednica NZOZ &quot;Tw\u00f3j Doktor&quot; sp.","description":"","publisher":{"@id":"https:\/\/twojlekarz.net\/#organization"},"potentialAction":[{"@type":"SearchAction","target":{"@type":"EntryPoint","urlTemplate":"https:\/\/twojlekarz.net\/?s={search_term_string}"},"query-input":{"@type":"PropertyValueSpecification","valueRequired":true,"valueName":"search_term_string"}}],"inLanguage":"es"},{"@type":"Organization","@id":"https:\/\/twojlekarz.net\/#organization","name":"Cl\u00ednica NZOZ &quot;Tw\u00f3j Doktor&quot; sp.","url":"https:\/\/twojlekarz.net\/","logo":{"@type":"ImageObject","inLanguage":"es","@id":"https:\/\/twojlekarz.net\/#\/schema\/logo\/image\/","url":"https:\/\/i0.wp.com\/twojlekarz.net\/wp-content\/uploads\/twoj-lekarz-logo2-e1448917738554.jpg?fit=200%2C71&ssl=1","contentUrl":"https:\/\/i0.wp.com\/twojlekarz.net\/wp-content\/uploads\/twoj-lekarz-logo2-e1448917738554.jpg?fit=200%2C71&ssl=1","width":200,"height":71,"caption":"Przychodnia NZOZ \"Tw\u00f3j Lekarz\" sp. z o.o."},"image":{"@id":"https:\/\/twojlekarz.net\/#\/schema\/logo\/image\/"},"sameAs":["https:\/\/www.facebook.com\/NZOZTwojLekarz\/"]},{"@type":"Person","@id":"https:\/\/twojlekarz.net\/#\/schema\/person\/4872e4157107aad4013c32ac52a4b9b4","name":"NZOZ &quot;Su m\u00e9dico&quot;","image":{"@type":"ImageObject","inLanguage":"es","@id":"https:\/\/secure.gravatar.com\/avatar\/9465837260f6ae13894c21dc64ea0fd37fae2ef5730310619b4823c3909befd4?s=96&d=mm&r=g","url":"https:\/\/secure.gravatar.com\/avatar\/9465837260f6ae13894c21dc64ea0fd37fae2ef5730310619b4823c3909befd4?s=96&d=mm&r=g","contentUrl":"https:\/\/secure.gravatar.com\/avatar\/9465837260f6ae13894c21dc64ea0fd37fae2ef5730310619b4823c3909befd4?s=96&d=mm&r=g","caption":"NZOZ \"Tw\u00f3j Lekarz\""},"url":"https:\/\/twojlekarz.net\/es\/author\/twojlekarz\/"}]}},"jetpack_featured_media_url":"https:\/\/i0.wp.com\/twojlekarz.net\/wp-content\/uploads\/fa%C5%82szywki.png?fit=1080%2C1080&ssl=1","jetpack_sharing_enabled":true,"_links":{"self":[{"href":"https:\/\/twojlekarz.net\/es\/wp-json\/wp\/v2\/posts\/5177","targetHints":{"allow":["GET"]}}],"collection":[{"href":"https:\/\/twojlekarz.net\/es\/wp-json\/wp\/v2\/posts"}],"about":[{"href":"https:\/\/twojlekarz.net\/es\/wp-json\/wp\/v2\/types\/post"}],"author":[{"embeddable":true,"href":"https:\/\/twojlekarz.net\/es\/wp-json\/wp\/v2\/users\/9"}],"replies":[{"embeddable":true,"href":"https:\/\/twojlekarz.net\/es\/wp-json\/wp\/v2\/comments?post=5177"}],"version-history":[{"count":0,"href":"https:\/\/twojlekarz.net\/es\/wp-json\/wp\/v2\/posts\/5177\/revisions"}],"wp:featuredmedia":[{"embeddable":true,"href":"https:\/\/twojlekarz.net\/es\/wp-json\/wp\/v2\/media\/5178"}],"wp:attachment":[{"href":"https:\/\/twojlekarz.net\/es\/wp-json\/wp\/v2\/media?parent=5177"}],"wp:term":[{"taxonomy":"category","embeddable":true,"href":"https:\/\/twojlekarz.net\/es\/wp-json\/wp\/v2\/categories?post=5177"},{"taxonomy":"post_tag","embeddable":true,"href":"https:\/\/twojlekarz.net\/es\/wp-json\/wp\/v2\/tags?post=5177"}],"curies":[{"name":"gracias","href":"https:\/\/api.w.org\/{rel}","templated":true}]}}