{"id":5119,"date":"2020-03-18T20:32:15","date_gmt":"2020-03-18T20:32:15","guid":{"rendered":"https:\/\/twojlekarz.net.pl\/?p=5119"},"modified":"2021-08-11T11:18:15","modified_gmt":"2021-08-11T11:18:15","slug":"telefoniczne-wsparcie-psychologiczne-w-okresie-pandemii-covid-19","status":"publish","type":"post","link":"https:\/\/twojlekarz.net\/fr\/telefoniczne-wsparcie-psychologiczne-w-okresie-pandemii-covid-19\/","title":{"rendered":"SOUTIEN PSYCHOLOGIQUE T\u00c9L\u00c9PHONIQUE PENDANT LA PAND\u00c9MIE DE COVID-19."},"content":{"rendered":"<p>Un sentiment croissant de menace li\u00e9e au coronavirus ? Anxi\u00e9t\u00e9 et irritabilit\u00e9 pendant la quarantaine \u00e0 domicile ? Peur concernant la sant\u00e9, le travail et la situation financi\u00e8re ? La pand\u00e9mie de COVID-19 pose un \u00e9norme d\u00e9fi \u00e0 notre sant\u00e9 mentale. Sp\u00e9cialistes<strong> NZOZ Votre M\u00e9decin<\/strong> ils apportent leur aide \u00e0 tous ceux qui ont besoin de soutien.<\/p>\n\n\n\n<p><br> Les conseils t\u00e9l\u00e9phoniques d\u2019un psychiatre et d\u2019un psychologue sont un moyen de soulager le stress et le sentiment d\u2019\u00eatre pi\u00e9g\u00e9 par des informations omnipr\u00e9sentes sur une maladie dangereuse. Si la peur du virus vous emp\u00eache de fonctionner normalement, si vous ne parvenez pas \u00e0 faire face \u00e0 la vie quotidienne et au stress ou si vous vous inqui\u00e9tez pour votre sant\u00e9, appelez <strong>71 311 12 36<\/strong> et profitez de la t\u00e9l\u00e9consultation !<\/p>","protected":false},"excerpt":{"rendered":"<p>Les conseils t\u00e9l\u00e9phoniques d\u2019un psychiatre et d\u2019un psychologue sont un moyen de soulager le stress et le sentiment d\u2019\u00eatre pi\u00e9g\u00e9 par des informations omnipr\u00e9sentes sur une maladie dangereuse. Si la peur du virus vous emp\u00eache de fonctionner normalement, si vous n&#039;arrivez pas \u00e0 faire face au quotidien et au stress ou si vous \u00eates inquiet pour votre sant\u00e9 - appelez le 71 311 12 36 et profitez de la t\u00e9l\u00e9consultation !<\/p>","protected":false},"author":9,"featured_media":5120,"comment_status":"closed","ping_status":"closed","sticky":false,"template":"","format":"standard","meta":{"_jetpack_memberships_contains_paid_content":false,"footnotes":"","_wp_rev_ctl_limit":""},"categories":[90],"tags":[],"class_list":["post-5119","post","type-post","status-publish","format-standard","has-post-thumbnail","hentry","category-s1-aktualnoci"],"yoast_head":"<!-- This site is optimized with the Yoast SEO plugin v27.3 - https:\/\/yoast.com\/product\/yoast-seo-wordpress\/ -->\n<title>TELEFONICZNE WSPARCIE PSYCHOLOGICZNE W OKRESIE PANDEMII COVID-19. - Przychodnia NZOZ &quot;Tw\u00f3j Lekarz&quot; sp. z o.o.<\/title>\n<meta name=\"robots\" content=\"index, follow, max-snippet:-1, max-image-preview:large, max-video-preview:-1\" \/>\n<link rel=\"canonical\" href=\"https:\/\/twojlekarz.net\/fr\/telefoniczne-wsparcie-psychologiczne-w-okresie-pandemii-covid-19\/\" \/>\n<meta property=\"og:locale\" content=\"fr_FR\" \/>\n<meta property=\"og:type\" content=\"article\" \/>\n<meta property=\"og:title\" content=\"TELEFONICZNE WSPARCIE PSYCHOLOGICZNE W OKRESIE PANDEMII COVID-19. - Przychodnia NZOZ &quot;Tw\u00f3j Lekarz&quot; sp. z o.o.\" \/>\n<meta property=\"og:description\" content=\"Telefoniczne porady psychiatry i psychologa, to spos\u00f3b na z\u0142agodzenie stresu i poczucia osaczenia przez wszechobecne informacje o gro\u017anej chorobie. Je\u015bli l\u0119k przed wirusem uniemo\u017cliwia Ci normalne funkcjonowanie, je\u017celi nie dajesz sobie rady z codzienno\u015bci\u0105 i stresem lub zamartwiasz si\u0119 o sw\u00f3j stan zdrowia - zadzwo\u0144 pod 71 311 12 36 i skorzystaj z teleporady!\" \/>\n<meta property=\"og:url\" content=\"https:\/\/twojlekarz.net\/fr\/telefoniczne-wsparcie-psychologiczne-w-okresie-pandemii-covid-19\/\" \/>\n<meta property=\"og:site_name\" content=\"Przychodnia NZOZ &quot;Tw\u00f3j Lekarz&quot; sp. z o.o.\" \/>\n<meta property=\"article:publisher\" content=\"https:\/\/www.facebook.com\/NZOZTwojLekarz\/\" \/>\n<meta property=\"article:published_time\" content=\"2020-03-18T20:32:15+00:00\" \/>\n<meta property=\"article:modified_time\" content=\"2021-08-11T11:18:15+00:00\" \/>\n<meta property=\"og:image\" content=\"https:\/\/twojlekarz.net\/wp-content\/uploads\/psycholog.png\" \/>\n\t<meta property=\"og:image:width\" content=\"1080\" \/>\n\t<meta property=\"og:image:height\" content=\"1080\" \/>\n\t<meta property=\"og:image:type\" content=\"image\/png\" \/>\n<meta name=\"author\" content=\"NZOZ &quot;Tw\u00f3j Lekarz&quot;\" \/>\n<meta name=\"twitter:card\" content=\"summary_large_image\" \/>\n<meta name=\"twitter:label1\" content=\"\u00c9crit par\" \/>\n\t<meta name=\"twitter:data1\" content=\"NZOZ &quot;Tw\u00f3j Lekarz&quot;\" \/>\n\t<meta name=\"twitter:label2\" content=\"Dur\u00e9e de lecture estim\u00e9e\" \/>\n\t<meta name=\"twitter:data2\" content=\"1 minute\" \/>\n<script type=\"application\/ld+json\" class=\"yoast-schema-graph\">{\"@context\":\"https:\\\/\\\/schema.org\",\"@graph\":[{\"@type\":\"Article\",\"@id\":\"https:\\\/\\\/twojlekarz.net\\\/telefoniczne-wsparcie-psychologiczne-w-okresie-pandemii-covid-19\\\/#article\",\"isPartOf\":{\"@id\":\"https:\\\/\\\/twojlekarz.net\\\/telefoniczne-wsparcie-psychologiczne-w-okresie-pandemii-covid-19\\\/\"},\"author\":{\"name\":\"NZOZ \\\"Tw\u00f3j Lekarz\\\"\",\"@id\":\"https:\\\/\\\/twojlekarz.net\\\/#\\\/schema\\\/person\\\/4872e4157107aad4013c32ac52a4b9b4\"},\"headline\":\"TELEFONICZNE WSPARCIE PSYCHOLOGICZNE W OKRESIE PANDEMII COVID-19.\",\"datePublished\":\"2020-03-18T20:32:15+00:00\",\"dateModified\":\"2021-08-11T11:18:15+00:00\",\"mainEntityOfPage\":{\"@id\":\"https:\\\/\\\/twojlekarz.net\\\/telefoniczne-wsparcie-psychologiczne-w-okresie-pandemii-covid-19\\\/\"},\"wordCount\":115,\"publisher\":{\"@id\":\"https:\\\/\\\/twojlekarz.net\\\/#organization\"},\"image\":{\"@id\":\"https:\\\/\\\/twojlekarz.net\\\/telefoniczne-wsparcie-psychologiczne-w-okresie-pandemii-covid-19\\\/#primaryimage\"},\"thumbnailUrl\":\"https:\\\/\\\/i0.wp.com\\\/twojlekarz.net\\\/wp-content\\\/uploads\\\/psycholog.png?fit=1080%2C1080&ssl=1\",\"articleSection\":[\"Aktualno\u015bci\"],\"inLanguage\":\"fr-FR\"},{\"@type\":\"WebPage\",\"@id\":\"https:\\\/\\\/twojlekarz.net\\\/telefoniczne-wsparcie-psychologiczne-w-okresie-pandemii-covid-19\\\/\",\"url\":\"https:\\\/\\\/twojlekarz.net\\\/telefoniczne-wsparcie-psychologiczne-w-okresie-pandemii-covid-19\\\/\",\"name\":\"TELEFONICZNE WSPARCIE PSYCHOLOGICZNE W OKRESIE PANDEMII COVID-19. - Przychodnia NZOZ &quot;Tw\u00f3j Lekarz&quot; sp. z o.o.\",\"isPartOf\":{\"@id\":\"https:\\\/\\\/twojlekarz.net\\\/#website\"},\"primaryImageOfPage\":{\"@id\":\"https:\\\/\\\/twojlekarz.net\\\/telefoniczne-wsparcie-psychologiczne-w-okresie-pandemii-covid-19\\\/#primaryimage\"},\"image\":{\"@id\":\"https:\\\/\\\/twojlekarz.net\\\/telefoniczne-wsparcie-psychologiczne-w-okresie-pandemii-covid-19\\\/#primaryimage\"},\"thumbnailUrl\":\"https:\\\/\\\/i0.wp.com\\\/twojlekarz.net\\\/wp-content\\\/uploads\\\/psycholog.png?fit=1080%2C1080&ssl=1\",\"datePublished\":\"2020-03-18T20:32:15+00:00\",\"dateModified\":\"2021-08-11T11:18:15+00:00\",\"breadcrumb\":{\"@id\":\"https:\\\/\\\/twojlekarz.net\\\/telefoniczne-wsparcie-psychologiczne-w-okresie-pandemii-covid-19\\\/#breadcrumb\"},\"inLanguage\":\"fr-FR\",\"potentialAction\":[{\"@type\":\"ReadAction\",\"target\":[\"https:\\\/\\\/twojlekarz.net\\\/telefoniczne-wsparcie-psychologiczne-w-okresie-pandemii-covid-19\\\/\"]}]},{\"@type\":\"ImageObject\",\"inLanguage\":\"fr-FR\",\"@id\":\"https:\\\/\\\/twojlekarz.net\\\/telefoniczne-wsparcie-psychologiczne-w-okresie-pandemii-covid-19\\\/#primaryimage\",\"url\":\"https:\\\/\\\/i0.wp.com\\\/twojlekarz.net\\\/wp-content\\\/uploads\\\/psycholog.png?fit=1080%2C1080&ssl=1\",\"contentUrl\":\"https:\\\/\\\/i0.wp.com\\\/twojlekarz.net\\\/wp-content\\\/uploads\\\/psycholog.png?fit=1080%2C1080&ssl=1\",\"width\":1080,\"height\":1080},{\"@type\":\"BreadcrumbList\",\"@id\":\"https:\\\/\\\/twojlekarz.net\\\/telefoniczne-wsparcie-psychologiczne-w-okresie-pandemii-covid-19\\\/#breadcrumb\",\"itemListElement\":[{\"@type\":\"ListItem\",\"position\":1,\"name\":\"Strona g\u0142\u00f3wna\",\"item\":\"https:\\\/\\\/twojlekarz.net\\\/\"},{\"@type\":\"ListItem\",\"position\":2,\"name\":\"TELEFONICZNE WSPARCIE PSYCHOLOGICZNE W OKRESIE PANDEMII COVID-19.\"}]},{\"@type\":\"WebSite\",\"@id\":\"https:\\\/\\\/twojlekarz.net\\\/#website\",\"url\":\"https:\\\/\\\/twojlekarz.net\\\/\",\"name\":\"Przychodnia NZOZ \\\"Tw\u00f3j Lekarz\\\" sp. z o.o.\",\"description\":\"\",\"publisher\":{\"@id\":\"https:\\\/\\\/twojlekarz.net\\\/#organization\"},\"potentialAction\":[{\"@type\":\"SearchAction\",\"target\":{\"@type\":\"EntryPoint\",\"urlTemplate\":\"https:\\\/\\\/twojlekarz.net\\\/?s={search_term_string}\"},\"query-input\":{\"@type\":\"PropertyValueSpecification\",\"valueRequired\":true,\"valueName\":\"search_term_string\"}}],\"inLanguage\":\"fr-FR\"},{\"@type\":\"Organization\",\"@id\":\"https:\\\/\\\/twojlekarz.net\\\/#organization\",\"name\":\"Przychodnia NZOZ \\\"Tw\u00f3j Lekarz\\\" sp. z o.o.\",\"url\":\"https:\\\/\\\/twojlekarz.net\\\/\",\"logo\":{\"@type\":\"ImageObject\",\"inLanguage\":\"fr-FR\",\"@id\":\"https:\\\/\\\/twojlekarz.net\\\/#\\\/schema\\\/logo\\\/image\\\/\",\"url\":\"https:\\\/\\\/i0.wp.com\\\/twojlekarz.net\\\/wp-content\\\/uploads\\\/twoj-lekarz-logo2-e1448917738554.jpg?fit=200%2C71&ssl=1\",\"contentUrl\":\"https:\\\/\\\/i0.wp.com\\\/twojlekarz.net\\\/wp-content\\\/uploads\\\/twoj-lekarz-logo2-e1448917738554.jpg?fit=200%2C71&ssl=1\",\"width\":200,\"height\":71,\"caption\":\"Przychodnia NZOZ \\\"Tw\u00f3j Lekarz\\\" sp. z o.o.\"},\"image\":{\"@id\":\"https:\\\/\\\/twojlekarz.net\\\/#\\\/schema\\\/logo\\\/image\\\/\"},\"sameAs\":[\"https:\\\/\\\/www.facebook.com\\\/NZOZTwojLekarz\\\/\"]},{\"@type\":\"Person\",\"@id\":\"https:\\\/\\\/twojlekarz.net\\\/#\\\/schema\\\/person\\\/4872e4157107aad4013c32ac52a4b9b4\",\"name\":\"NZOZ \\\"Tw\u00f3j Lekarz\\\"\",\"image\":{\"@type\":\"ImageObject\",\"inLanguage\":\"fr-FR\",\"@id\":\"https:\\\/\\\/secure.gravatar.com\\\/avatar\\\/9465837260f6ae13894c21dc64ea0fd37fae2ef5730310619b4823c3909befd4?s=96&d=mm&r=g\",\"url\":\"https:\\\/\\\/secure.gravatar.com\\\/avatar\\\/9465837260f6ae13894c21dc64ea0fd37fae2ef5730310619b4823c3909befd4?s=96&d=mm&r=g\",\"contentUrl\":\"https:\\\/\\\/secure.gravatar.com\\\/avatar\\\/9465837260f6ae13894c21dc64ea0fd37fae2ef5730310619b4823c3909befd4?s=96&d=mm&r=g\",\"caption\":\"NZOZ \\\"Tw\u00f3j Lekarz\\\"\"},\"url\":\"https:\\\/\\\/twojlekarz.net\\\/fr\\\/author\\\/twojlekarz\\\/\"}]}<\/script>\n<!-- \/ Yoast SEO plugin. -->","yoast_head_json":{"title":"SOUTIEN PSYCHOLOGIQUE PAR T\u00c9L\u00c9PHONE PENDANT LA PAND\u00c9MIE DE COVID-19. - NZOZ &quot;Tw\u00f3j Lekarz&quot; sp. z o. o. Clinique","robots":{"index":"index","follow":"follow","max-snippet":"max-snippet:-1","max-image-preview":"max-image-preview:large","max-video-preview":"max-video-preview:-1"},"canonical":"https:\/\/twojlekarz.net\/fr\/telefoniczne-wsparcie-psychologiczne-w-okresie-pandemii-covid-19\/","og_locale":"fr_FR","og_type":"article","og_title":"TELEFONICZNE WSPARCIE PSYCHOLOGICZNE W OKRESIE PANDEMII COVID-19. - Przychodnia NZOZ &quot;Tw\u00f3j Lekarz&quot; sp. z o.o.","og_description":"Telefoniczne porady psychiatry i psychologa, to spos\u00f3b na z\u0142agodzenie stresu i poczucia osaczenia przez wszechobecne informacje o gro\u017anej chorobie. Je\u015bli l\u0119k przed wirusem uniemo\u017cliwia Ci normalne funkcjonowanie, je\u017celi nie dajesz sobie rady z codzienno\u015bci\u0105 i stresem lub zamartwiasz si\u0119 o sw\u00f3j stan zdrowia - zadzwo\u0144 pod 71 311 12 36 i skorzystaj z teleporady!","og_url":"https:\/\/twojlekarz.net\/fr\/telefoniczne-wsparcie-psychologiczne-w-okresie-pandemii-covid-19\/","og_site_name":"Przychodnia NZOZ &quot;Tw\u00f3j Lekarz&quot; sp. z o.o.","article_publisher":"https:\/\/www.facebook.com\/NZOZTwojLekarz\/","article_published_time":"2020-03-18T20:32:15+00:00","article_modified_time":"2021-08-11T11:18:15+00:00","og_image":[{"width":1080,"height":1080,"url":"https:\/\/twojlekarz.net\/wp-content\/uploads\/psycholog.png","type":"image\/png"}],"author":"NZOZ \"Tw\u00f3j Lekarz\"","twitter_card":"summary_large_image","twitter_misc":{"\u00c9crit par":"NZOZ \"Tw\u00f3j Lekarz\"","Dur\u00e9e de lecture estim\u00e9e":"1 minute"},"schema":{"@context":"https:\/\/schema.org","@graph":[{"@type":"Article","@id":"https:\/\/twojlekarz.net\/telefoniczne-wsparcie-psychologiczne-w-okresie-pandemii-covid-19\/#article","isPartOf":{"@id":"https:\/\/twojlekarz.net\/telefoniczne-wsparcie-psychologiczne-w-okresie-pandemii-covid-19\/"},"author":{"name":"NZOZ \"Tw\u00f3j Lekarz\"","@id":"https:\/\/twojlekarz.net\/#\/schema\/person\/4872e4157107aad4013c32ac52a4b9b4"},"headline":"TELEFONICZNE WSPARCIE PSYCHOLOGICZNE W OKRESIE PANDEMII COVID-19.","datePublished":"2020-03-18T20:32:15+00:00","dateModified":"2021-08-11T11:18:15+00:00","mainEntityOfPage":{"@id":"https:\/\/twojlekarz.net\/telefoniczne-wsparcie-psychologiczne-w-okresie-pandemii-covid-19\/"},"wordCount":115,"publisher":{"@id":"https:\/\/twojlekarz.net\/#organization"},"image":{"@id":"https:\/\/twojlekarz.net\/telefoniczne-wsparcie-psychologiczne-w-okresie-pandemii-covid-19\/#primaryimage"},"thumbnailUrl":"https:\/\/i0.wp.com\/twojlekarz.net\/wp-content\/uploads\/psycholog.png?fit=1080%2C1080&ssl=1","articleSection":["Aktualno\u015bci"],"inLanguage":"fr-FR"},{"@type":"WebPage","@id":"https:\/\/twojlekarz.net\/telefoniczne-wsparcie-psychologiczne-w-okresie-pandemii-covid-19\/","url":"https:\/\/twojlekarz.net\/telefoniczne-wsparcie-psychologiczne-w-okresie-pandemii-covid-19\/","name":"SOUTIEN PSYCHOLOGIQUE PAR T\u00c9L\u00c9PHONE PENDANT LA PAND\u00c9MIE DE COVID-19. - NZOZ &quot;Tw\u00f3j Lekarz&quot; sp. z o. o. Clinique","isPartOf":{"@id":"https:\/\/twojlekarz.net\/#website"},"primaryImageOfPage":{"@id":"https:\/\/twojlekarz.net\/telefoniczne-wsparcie-psychologiczne-w-okresie-pandemii-covid-19\/#primaryimage"},"image":{"@id":"https:\/\/twojlekarz.net\/telefoniczne-wsparcie-psychologiczne-w-okresie-pandemii-covid-19\/#primaryimage"},"thumbnailUrl":"https:\/\/i0.wp.com\/twojlekarz.net\/wp-content\/uploads\/psycholog.png?fit=1080%2C1080&ssl=1","datePublished":"2020-03-18T20:32:15+00:00","dateModified":"2021-08-11T11:18:15+00:00","breadcrumb":{"@id":"https:\/\/twojlekarz.net\/telefoniczne-wsparcie-psychologiczne-w-okresie-pandemii-covid-19\/#breadcrumb"},"inLanguage":"fr-FR","potentialAction":[{"@type":"ReadAction","target":["https:\/\/twojlekarz.net\/telefoniczne-wsparcie-psychologiczne-w-okresie-pandemii-covid-19\/"]}]},{"@type":"ImageObject","inLanguage":"fr-FR","@id":"https:\/\/twojlekarz.net\/telefoniczne-wsparcie-psychologiczne-w-okresie-pandemii-covid-19\/#primaryimage","url":"https:\/\/i0.wp.com\/twojlekarz.net\/wp-content\/uploads\/psycholog.png?fit=1080%2C1080&ssl=1","contentUrl":"https:\/\/i0.wp.com\/twojlekarz.net\/wp-content\/uploads\/psycholog.png?fit=1080%2C1080&ssl=1","width":1080,"height":1080},{"@type":"BreadcrumbList","@id":"https:\/\/twojlekarz.net\/telefoniczne-wsparcie-psychologiczne-w-okresie-pandemii-covid-19\/#breadcrumb","itemListElement":[{"@type":"ListItem","position":1,"name":"Strona g\u0142\u00f3wna","item":"https:\/\/twojlekarz.net\/"},{"@type":"ListItem","position":2,"name":"TELEFONICZNE WSPARCIE PSYCHOLOGICZNE W OKRESIE PANDEMII COVID-19."}]},{"@type":"WebSite","@id":"https:\/\/twojlekarz.net\/#website","url":"https:\/\/twojlekarz.net\/","name":"Clinique NZOZ &quot;Tw\u00f3j Doktor&quot; z o.","description":"","publisher":{"@id":"https:\/\/twojlekarz.net\/#organization"},"potentialAction":[{"@type":"SearchAction","target":{"@type":"EntryPoint","urlTemplate":"https:\/\/twojlekarz.net\/?s={search_term_string}"},"query-input":{"@type":"PropertyValueSpecification","valueRequired":true,"valueName":"search_term_string"}}],"inLanguage":"fr-FR"},{"@type":"Organization","@id":"https:\/\/twojlekarz.net\/#organization","name":"Clinique NZOZ &quot;Tw\u00f3j Doktor&quot; z o.","url":"https:\/\/twojlekarz.net\/","logo":{"@type":"ImageObject","inLanguage":"fr-FR","@id":"https:\/\/twojlekarz.net\/#\/schema\/logo\/image\/","url":"https:\/\/i0.wp.com\/twojlekarz.net\/wp-content\/uploads\/twoj-lekarz-logo2-e1448917738554.jpg?fit=200%2C71&ssl=1","contentUrl":"https:\/\/i0.wp.com\/twojlekarz.net\/wp-content\/uploads\/twoj-lekarz-logo2-e1448917738554.jpg?fit=200%2C71&ssl=1","width":200,"height":71,"caption":"Przychodnia NZOZ \"Tw\u00f3j Lekarz\" sp. z o.o."},"image":{"@id":"https:\/\/twojlekarz.net\/#\/schema\/logo\/image\/"},"sameAs":["https:\/\/www.facebook.com\/NZOZTwojLekarz\/"]},{"@type":"Person","@id":"https:\/\/twojlekarz.net\/#\/schema\/person\/4872e4157107aad4013c32ac52a4b9b4","name":"NZOZ &quot;Votre m\u00e9decin&quot;","image":{"@type":"ImageObject","inLanguage":"fr-FR","@id":"https:\/\/secure.gravatar.com\/avatar\/9465837260f6ae13894c21dc64ea0fd37fae2ef5730310619b4823c3909befd4?s=96&d=mm&r=g","url":"https:\/\/secure.gravatar.com\/avatar\/9465837260f6ae13894c21dc64ea0fd37fae2ef5730310619b4823c3909befd4?s=96&d=mm&r=g","contentUrl":"https:\/\/secure.gravatar.com\/avatar\/9465837260f6ae13894c21dc64ea0fd37fae2ef5730310619b4823c3909befd4?s=96&d=mm&r=g","caption":"NZOZ \"Tw\u00f3j Lekarz\""},"url":"https:\/\/twojlekarz.net\/fr\/author\/twojlekarz\/"}]}},"jetpack_featured_media_url":"https:\/\/i0.wp.com\/twojlekarz.net\/wp-content\/uploads\/psycholog.png?fit=1080%2C1080&ssl=1","jetpack_sharing_enabled":true,"_links":{"self":[{"href":"https:\/\/twojlekarz.net\/fr\/wp-json\/wp\/v2\/posts\/5119","targetHints":{"allow":["GET"]}}],"collection":[{"href":"https:\/\/twojlekarz.net\/fr\/wp-json\/wp\/v2\/posts"}],"about":[{"href":"https:\/\/twojlekarz.net\/fr\/wp-json\/wp\/v2\/types\/post"}],"author":[{"embeddable":true,"href":"https:\/\/twojlekarz.net\/fr\/wp-json\/wp\/v2\/users\/9"}],"replies":[{"embeddable":true,"href":"https:\/\/twojlekarz.net\/fr\/wp-json\/wp\/v2\/comments?post=5119"}],"version-history":[{"count":0,"href":"https:\/\/twojlekarz.net\/fr\/wp-json\/wp\/v2\/posts\/5119\/revisions"}],"wp:featuredmedia":[{"embeddable":true,"href":"https:\/\/twojlekarz.net\/fr\/wp-json\/wp\/v2\/media\/5120"}],"wp:attachment":[{"href":"https:\/\/twojlekarz.net\/fr\/wp-json\/wp\/v2\/media?parent=5119"}],"wp:term":[{"taxonomy":"category","embeddable":true,"href":"https:\/\/twojlekarz.net\/fr\/wp-json\/wp\/v2\/categories?post=5119"},{"taxonomy":"post_tag","embeddable":true,"href":"https:\/\/twojlekarz.net\/fr\/wp-json\/wp\/v2\/tags?post=5119"}],"curies":[{"name":"wp","href":"https:\/\/api.w.org\/{rel}","templated":true}]}}