{"id":5177,"date":"2020-03-15T12:57:00","date_gmt":"2020-03-15T12:57:00","guid":{"rendered":"https:\/\/twojlekarz.net.pl\/?p=5177"},"modified":"2021-08-11T11:18:25","modified_gmt":"2021-08-11T11:18:25","slug":"ostrzezenie-przed-ofertami-dotyczacymi-przeciwwirusowych-produktow-spozywczych","status":"publish","type":"post","link":"https:\/\/twojlekarz.net\/fr\/ostrzezenie-przed-ofertami-dotyczacymi-przeciwwirusowych-produktow-spozywczych\/","title":{"rendered":"Avertissement concernant les offres de produits alimentaires \u00ab antiviraux \u00bb"},"content":{"rendered":"<h2 class=\"wp-block-heading\">Dans l\u2019espace public, notamment sur Internet, on trouve de plus en plus d\u2019offres de produits pr\u00e9sentant des propri\u00e9t\u00e9s antivirales ou protectrices contre l\u2019infection par le SARS-Cov-2. Beaucoup d\u2019entre eux concernent les compl\u00e9ments alimentaires. Nous vous d\u00e9conseillons d&#039;utiliser de telles offres.<\/h2>\n\n\n\n<div style=\"height:32px\" aria-hidden=\"true\" class=\"wp-block-spacer\"><\/div>\n\n\n\n<p>Les compl\u00e9ments alimentaires sont une source concentr\u00e9e de vitamines ou de min\u00e9raux ou d\u2019autres substances ayant un effet nutritionnel ou physiologique.<\/p>\n\n\n\n<div style=\"height:20px\" aria-hidden=\"true\" class=\"wp-block-spacer\"><\/div>\n\n\n\n<p>Leur but est de compl\u00e9ter une alimentation normale, ils ne font pas l\u2019objet d\u2019essais cliniques et n\u2019ont pas d\u2019effets pharmacologiques confirm\u00e9s dans les \u00e9tudes.<\/p>\n\n\n\n<div style=\"height:20px\" aria-hidden=\"true\" class=\"wp-block-spacer\"><\/div>\n\n\n\n<p>Le r\u00e8glement (UE) n\u00b0 1169\/2011 du Parlement europ\u00e9en et du Conseil du 25 octobre 2011 concernant l&#039;information des consommateurs sur les denr\u00e9es alimentaires pr\u00e9voit que les informations sur les denr\u00e9es alimentaires ne doivent pas \u00eatre trompeuses, notamment :&nbsp;<strong>concernant les caract\u00e9ristiques d&#039;une denr\u00e9e alimentaire, notamment quant \u00e0 sa nature, son identit\u00e9, ses propri\u00e9t\u00e9s, sa composition, sa quantit\u00e9, sa durabilit\u00e9, son pays ou son lieu d&#039;origine, ses m\u00e9thodes de production ou de fabrication<em>.<\/em><\/strong><\/p>\n\n\n\n<div style=\"height:20px\" aria-hidden=\"true\" class=\"wp-block-spacer\"><\/div>\n\n\n\n<p>Les informations sur les aliments doivent \u00eatre exactes, claires et faciles \u00e0 comprendre pour le consommateur. Par cons\u00e9quent, l\u2019\u00e9tiquetage, la pr\u00e9sentation et la publicit\u00e9 ne doivent pas attribuer \u00e0 un aliment quelconque la propri\u00e9t\u00e9 de pr\u00e9venir, de traiter ou de gu\u00e9rir une maladie humaine, ni faire r\u00e9f\u00e9rence \u00e0 de telles propri\u00e9t\u00e9s.<\/p>\n\n\n\n<div style=\"height:20px\" aria-hidden=\"true\" class=\"wp-block-spacer\"><\/div>\n\n\n\n<p>Seul un m\u00e9dicament d\u00e9fini dans la Loi sur le droit pharmaceutique peut d\u00e9montrer des propri\u00e9t\u00e9s m\u00e9dicinales :<em>un m\u00e9dicament est une substance ou un m\u00e9lange de substances pr\u00e9sent\u00e9 comme ayant des propri\u00e9t\u00e9s pour la pr\u00e9vention ou le traitement des maladies chez l&#039;homme ou l&#039;animal ou administr\u00e9 dans le but d&#039;\u00e9tablir un diagnostic ou dans le but de restaurer, de corriger ou de modifier les fonctions physiologiques de l&#039;organisme par une action pharmacologique, immunologique ou m\u00e9tabolique<\/em>&quot; .<\/p>\n\n\n\n<div style=\"height:20px\" aria-hidden=\"true\" class=\"wp-block-spacer\"><\/div>\n\n\n\n<p>Conform\u00e9ment \u00e0 ce qui pr\u00e9c\u00e8de. dispositions, les dispositions de la loi sur le droit pharmaceutique s&#039;appliquent \u00e0 un produit qui r\u00e9pond aux crit\u00e8res d&#039;un m\u00e9dicament et aux crit\u00e8res d&#039;un autre type de produit, notamment un compl\u00e9ment alimentaire, un cosm\u00e9tique ou un dispositif m\u00e9dical, sp\u00e9cifi\u00e9s dans des r\u00e8glements s\u00e9par\u00e9s.<\/p>\n\n\n\n<div style=\"height:20px\" aria-hidden=\"true\" class=\"wp-block-spacer\"><\/div>\n\n\n\n<p><strong>En r\u00e9sum\u00e9, l\u2019indication sur l\u2019\u00e9tiquetage, la pr\u00e9sentation ou la publicit\u00e9 des denr\u00e9es alimentaires, y compris des compl\u00e9ments alimentaires, de leurs propri\u00e9t\u00e9s m\u00e9dicinales (telles que les effets antiviraux, le traitement de la grippe, la protection contre l\u2019infection par le SARS-Cov-2, le traitement de l\u2019infection par le COVID-19) constitue une violation de la loi et n\u2019est pas \u00e9tay\u00e9e par des preuves m\u00e9dicales.<\/strong><\/p>\n\n\n\n<div style=\"height:20px\" aria-hidden=\"true\" class=\"wp-block-spacer\"><\/div>\n\n\n\n<p>Pendant la p\u00e9riode d\u2019activit\u00e9 professionnelle et sociale limit\u00e9e, de quarantaine et d\u2019exposition aux infections, notre comportement favorisant la sant\u00e9 est important \u2013&nbsp;<strong>alimentation saine, sommeil ad\u00e9quat, repos, loisirs.<\/strong><\/p>\n\n\n\n<div style=\"height:20px\" aria-hidden=\"true\" class=\"wp-block-spacer\"><\/div>\n\n\n\n<p>Il s\u2019agit de l\u2019utilisation d\u2019une alimentation \u00e9quilibr\u00e9e, vari\u00e9e et&nbsp;<strong>r\u00e9gime alimentaire sain<\/strong>&nbsp;est l\u2019un des facteurs importants pour maintenir une bonne sant\u00e9.<\/p>\n\n\n\n<div style=\"height:20px\" aria-hidden=\"true\" class=\"wp-block-spacer\"><\/div>\n\n\n\n<p>La suppl\u00e9mentation peut \u00eatre utilis\u00e9e par les personnes souffrant de carences en vitamines ou min\u00e9raux individuels ou lorsque l\u2019alimentation n\u2019apporte pas des quantit\u00e9s suffisantes de vitamines et de min\u00e9raux, mais elle ne remplace pas une alimentation ou un traitement sain.<\/p>\n\n\n\n<div style=\"height:20px\" aria-hidden=\"true\" class=\"wp-block-spacer\"><\/div>\n\n\n\n<p>Source:  <a href=\"https:\/\/gis.gov.pl\/aktualnosci\/ostrzezenie-przed-ofertami-dotyczacymi-przeciwwirusowych-produktow-spozywczych\/\">https:\/\/gis.gov.pl\/aktualnosci\/ostrzezenie-przed-ofertami-dotyczacymi-przeciwwirusowych-produktow-spozywczych\/<\/a> <\/p>","protected":false},"excerpt":{"rendered":"<p>Dans l\u2019espace public, notamment sur Internet, on trouve de plus en plus d\u2019offres de produits pr\u00e9sentant des propri\u00e9t\u00e9s antivirales ou protectrices contre l\u2019infection par le SARS-Cov-2. Beaucoup d\u2019entre eux concernent les compl\u00e9ments alimentaires. Nous vous d\u00e9conseillons d&#039;utiliser de telles offres.<\/p>","protected":false},"author":9,"featured_media":5178,"comment_status":"closed","ping_status":"closed","sticky":false,"template":"","format":"standard","meta":{"_jetpack_memberships_contains_paid_content":false,"footnotes":"","_wp_rev_ctl_limit":""},"categories":[90],"tags":[],"class_list":["post-5177","post","type-post","status-publish","format-standard","has-post-thumbnail","hentry","category-s1-aktualnoci"],"yoast_head":"<!-- This site is optimized with the Yoast SEO plugin v27.3 - https:\/\/yoast.com\/product\/yoast-seo-wordpress\/ -->\n<title>Ostrze\u017cenie przed ofertami dotycz\u0105cymi \u201eprzeciwwirusowych\u201d produkt\u00f3w spo\u017cywczych - Przychodnia NZOZ &quot;Tw\u00f3j Lekarz&quot; sp. z o.o.<\/title>\n<meta name=\"robots\" content=\"index, follow, max-snippet:-1, max-image-preview:large, max-video-preview:-1\" \/>\n<link rel=\"canonical\" href=\"https:\/\/twojlekarz.net\/fr\/ostrzezenie-przed-ofertami-dotyczacymi-przeciwwirusowych-produktow-spozywczych\/\" \/>\n<meta property=\"og:locale\" content=\"fr_FR\" \/>\n<meta property=\"og:type\" content=\"article\" \/>\n<meta property=\"og:title\" content=\"Ostrze\u017cenie przed ofertami dotycz\u0105cymi \u201eprzeciwwirusowych\u201d produkt\u00f3w spo\u017cywczych - Przychodnia NZOZ &quot;Tw\u00f3j Lekarz&quot; sp. z o.o.\" \/>\n<meta property=\"og:description\" content=\"W przestrzeni publicznej, w szczeg\u00f3lno\u015bci w Internecie pojawia si\u0119 coraz wi\u0119cej ofert produkt\u00f3w o sugerowanych w\u0142a\u015bciwo\u015bciach przeciwwirusowych lub chroni\u0105cych przed zara\u017ceniem SARS-Cov-2. Wiele z nich dotyczy suplement\u00f3w diety. Ostrzegamy przed korzystaniem z takich ofert.\" \/>\n<meta property=\"og:url\" content=\"https:\/\/twojlekarz.net\/fr\/ostrzezenie-przed-ofertami-dotyczacymi-przeciwwirusowych-produktow-spozywczych\/\" \/>\n<meta property=\"og:site_name\" content=\"Przychodnia NZOZ &quot;Tw\u00f3j Lekarz&quot; sp. z o.o.\" \/>\n<meta property=\"article:publisher\" content=\"https:\/\/www.facebook.com\/NZOZTwojLekarz\/\" \/>\n<meta property=\"article:published_time\" content=\"2020-03-15T12:57:00+00:00\" \/>\n<meta property=\"article:modified_time\" content=\"2021-08-11T11:18:25+00:00\" \/>\n<meta property=\"og:image\" content=\"https:\/\/twojlekarz.net\/wp-content\/uploads\/fa\u0142szywki-1024x1024.png\" \/>\n\t<meta property=\"og:image:width\" content=\"1024\" \/>\n\t<meta property=\"og:image:height\" content=\"1024\" \/>\n\t<meta property=\"og:image:type\" content=\"image\/png\" \/>\n<meta name=\"author\" content=\"NZOZ &quot;Tw\u00f3j Lekarz&quot;\" \/>\n<meta name=\"twitter:card\" content=\"summary_large_image\" \/>\n<meta name=\"twitter:label1\" content=\"\u00c9crit par\" \/>\n\t<meta name=\"twitter:data1\" content=\"NZOZ &quot;Tw\u00f3j Lekarz&quot;\" \/>\n\t<meta name=\"twitter:label2\" content=\"Dur\u00e9e de lecture estim\u00e9e\" \/>\n\t<meta name=\"twitter:data2\" content=\"3 minutes\" \/>\n<script type=\"application\/ld+json\" class=\"yoast-schema-graph\">{\"@context\":\"https:\\\/\\\/schema.org\",\"@graph\":[{\"@type\":\"Article\",\"@id\":\"https:\\\/\\\/twojlekarz.net\\\/ostrzezenie-przed-ofertami-dotyczacymi-przeciwwirusowych-produktow-spozywczych\\\/#article\",\"isPartOf\":{\"@id\":\"https:\\\/\\\/twojlekarz.net\\\/ostrzezenie-przed-ofertami-dotyczacymi-przeciwwirusowych-produktow-spozywczych\\\/\"},\"author\":{\"name\":\"NZOZ \\\"Tw\u00f3j Lekarz\\\"\",\"@id\":\"https:\\\/\\\/twojlekarz.net\\\/#\\\/schema\\\/person\\\/4872e4157107aad4013c32ac52a4b9b4\"},\"headline\":\"Ostrze\u017cenie przed ofertami dotycz\u0105cymi \u201eprzeciwwirusowych\u201d produkt\u00f3w spo\u017cywczych\",\"datePublished\":\"2020-03-15T12:57:00+00:00\",\"dateModified\":\"2021-08-11T11:18:25+00:00\",\"mainEntityOfPage\":{\"@id\":\"https:\\\/\\\/twojlekarz.net\\\/ostrzezenie-przed-ofertami-dotyczacymi-przeciwwirusowych-produktow-spozywczych\\\/\"},\"wordCount\":517,\"publisher\":{\"@id\":\"https:\\\/\\\/twojlekarz.net\\\/#organization\"},\"image\":{\"@id\":\"https:\\\/\\\/twojlekarz.net\\\/ostrzezenie-przed-ofertami-dotyczacymi-przeciwwirusowych-produktow-spozywczych\\\/#primaryimage\"},\"thumbnailUrl\":\"https:\\\/\\\/i0.wp.com\\\/twojlekarz.net\\\/wp-content\\\/uploads\\\/fa%C5%82szywki.png?fit=1080%2C1080&ssl=1\",\"articleSection\":[\"Aktualno\u015bci\"],\"inLanguage\":\"fr-FR\"},{\"@type\":\"WebPage\",\"@id\":\"https:\\\/\\\/twojlekarz.net\\\/ostrzezenie-przed-ofertami-dotyczacymi-przeciwwirusowych-produktow-spozywczych\\\/\",\"url\":\"https:\\\/\\\/twojlekarz.net\\\/ostrzezenie-przed-ofertami-dotyczacymi-przeciwwirusowych-produktow-spozywczych\\\/\",\"name\":\"Ostrze\u017cenie przed ofertami dotycz\u0105cymi \u201eprzeciwwirusowych\u201d produkt\u00f3w spo\u017cywczych - Przychodnia NZOZ &quot;Tw\u00f3j Lekarz&quot; sp. z o.o.\",\"isPartOf\":{\"@id\":\"https:\\\/\\\/twojlekarz.net\\\/#website\"},\"primaryImageOfPage\":{\"@id\":\"https:\\\/\\\/twojlekarz.net\\\/ostrzezenie-przed-ofertami-dotyczacymi-przeciwwirusowych-produktow-spozywczych\\\/#primaryimage\"},\"image\":{\"@id\":\"https:\\\/\\\/twojlekarz.net\\\/ostrzezenie-przed-ofertami-dotyczacymi-przeciwwirusowych-produktow-spozywczych\\\/#primaryimage\"},\"thumbnailUrl\":\"https:\\\/\\\/i0.wp.com\\\/twojlekarz.net\\\/wp-content\\\/uploads\\\/fa%C5%82szywki.png?fit=1080%2C1080&ssl=1\",\"datePublished\":\"2020-03-15T12:57:00+00:00\",\"dateModified\":\"2021-08-11T11:18:25+00:00\",\"breadcrumb\":{\"@id\":\"https:\\\/\\\/twojlekarz.net\\\/ostrzezenie-przed-ofertami-dotyczacymi-przeciwwirusowych-produktow-spozywczych\\\/#breadcrumb\"},\"inLanguage\":\"fr-FR\",\"potentialAction\":[{\"@type\":\"ReadAction\",\"target\":[\"https:\\\/\\\/twojlekarz.net\\\/ostrzezenie-przed-ofertami-dotyczacymi-przeciwwirusowych-produktow-spozywczych\\\/\"]}]},{\"@type\":\"ImageObject\",\"inLanguage\":\"fr-FR\",\"@id\":\"https:\\\/\\\/twojlekarz.net\\\/ostrzezenie-przed-ofertami-dotyczacymi-przeciwwirusowych-produktow-spozywczych\\\/#primaryimage\",\"url\":\"https:\\\/\\\/i0.wp.com\\\/twojlekarz.net\\\/wp-content\\\/uploads\\\/fa%C5%82szywki.png?fit=1080%2C1080&ssl=1\",\"contentUrl\":\"https:\\\/\\\/i0.wp.com\\\/twojlekarz.net\\\/wp-content\\\/uploads\\\/fa%C5%82szywki.png?fit=1080%2C1080&ssl=1\",\"width\":1080,\"height\":1080},{\"@type\":\"BreadcrumbList\",\"@id\":\"https:\\\/\\\/twojlekarz.net\\\/ostrzezenie-przed-ofertami-dotyczacymi-przeciwwirusowych-produktow-spozywczych\\\/#breadcrumb\",\"itemListElement\":[{\"@type\":\"ListItem\",\"position\":1,\"name\":\"Strona g\u0142\u00f3wna\",\"item\":\"https:\\\/\\\/twojlekarz.net\\\/\"},{\"@type\":\"ListItem\",\"position\":2,\"name\":\"Ostrze\u017cenie przed ofertami dotycz\u0105cymi \u201eprzeciwwirusowych\u201d produkt\u00f3w spo\u017cywczych\"}]},{\"@type\":\"WebSite\",\"@id\":\"https:\\\/\\\/twojlekarz.net\\\/#website\",\"url\":\"https:\\\/\\\/twojlekarz.net\\\/\",\"name\":\"Przychodnia NZOZ \\\"Tw\u00f3j Lekarz\\\" sp. z o.o.\",\"description\":\"\",\"publisher\":{\"@id\":\"https:\\\/\\\/twojlekarz.net\\\/#organization\"},\"potentialAction\":[{\"@type\":\"SearchAction\",\"target\":{\"@type\":\"EntryPoint\",\"urlTemplate\":\"https:\\\/\\\/twojlekarz.net\\\/?s={search_term_string}\"},\"query-input\":{\"@type\":\"PropertyValueSpecification\",\"valueRequired\":true,\"valueName\":\"search_term_string\"}}],\"inLanguage\":\"fr-FR\"},{\"@type\":\"Organization\",\"@id\":\"https:\\\/\\\/twojlekarz.net\\\/#organization\",\"name\":\"Przychodnia NZOZ \\\"Tw\u00f3j Lekarz\\\" sp. z o.o.\",\"url\":\"https:\\\/\\\/twojlekarz.net\\\/\",\"logo\":{\"@type\":\"ImageObject\",\"inLanguage\":\"fr-FR\",\"@id\":\"https:\\\/\\\/twojlekarz.net\\\/#\\\/schema\\\/logo\\\/image\\\/\",\"url\":\"https:\\\/\\\/i0.wp.com\\\/twojlekarz.net\\\/wp-content\\\/uploads\\\/twoj-lekarz-logo2-e1448917738554.jpg?fit=200%2C71&ssl=1\",\"contentUrl\":\"https:\\\/\\\/i0.wp.com\\\/twojlekarz.net\\\/wp-content\\\/uploads\\\/twoj-lekarz-logo2-e1448917738554.jpg?fit=200%2C71&ssl=1\",\"width\":200,\"height\":71,\"caption\":\"Przychodnia NZOZ \\\"Tw\u00f3j Lekarz\\\" sp. z o.o.\"},\"image\":{\"@id\":\"https:\\\/\\\/twojlekarz.net\\\/#\\\/schema\\\/logo\\\/image\\\/\"},\"sameAs\":[\"https:\\\/\\\/www.facebook.com\\\/NZOZTwojLekarz\\\/\"]},{\"@type\":\"Person\",\"@id\":\"https:\\\/\\\/twojlekarz.net\\\/#\\\/schema\\\/person\\\/4872e4157107aad4013c32ac52a4b9b4\",\"name\":\"NZOZ \\\"Tw\u00f3j Lekarz\\\"\",\"image\":{\"@type\":\"ImageObject\",\"inLanguage\":\"fr-FR\",\"@id\":\"https:\\\/\\\/secure.gravatar.com\\\/avatar\\\/9465837260f6ae13894c21dc64ea0fd37fae2ef5730310619b4823c3909befd4?s=96&d=mm&r=g\",\"url\":\"https:\\\/\\\/secure.gravatar.com\\\/avatar\\\/9465837260f6ae13894c21dc64ea0fd37fae2ef5730310619b4823c3909befd4?s=96&d=mm&r=g\",\"contentUrl\":\"https:\\\/\\\/secure.gravatar.com\\\/avatar\\\/9465837260f6ae13894c21dc64ea0fd37fae2ef5730310619b4823c3909befd4?s=96&d=mm&r=g\",\"caption\":\"NZOZ \\\"Tw\u00f3j Lekarz\\\"\"},\"url\":\"https:\\\/\\\/twojlekarz.net\\\/fr\\\/author\\\/twojlekarz\\\/\"}]}<\/script>\n<!-- \/ Yoast SEO plugin. -->","yoast_head_json":{"title":"Avertissement contre les offres de produits alimentaires &quot;antiviraux&quot; - Przychodnia NZOZ &quot;Tw\u00f3j Lekarz&quot; sp. z o. o.","robots":{"index":"index","follow":"follow","max-snippet":"max-snippet:-1","max-image-preview":"max-image-preview:large","max-video-preview":"max-video-preview:-1"},"canonical":"https:\/\/twojlekarz.net\/fr\/ostrzezenie-przed-ofertami-dotyczacymi-przeciwwirusowych-produktow-spozywczych\/","og_locale":"fr_FR","og_type":"article","og_title":"Ostrze\u017cenie przed ofertami dotycz\u0105cymi \u201eprzeciwwirusowych\u201d produkt\u00f3w spo\u017cywczych - Przychodnia NZOZ &quot;Tw\u00f3j Lekarz&quot; sp. z o.o.","og_description":"W przestrzeni publicznej, w szczeg\u00f3lno\u015bci w Internecie pojawia si\u0119 coraz wi\u0119cej ofert produkt\u00f3w o sugerowanych w\u0142a\u015bciwo\u015bciach przeciwwirusowych lub chroni\u0105cych przed zara\u017ceniem SARS-Cov-2. Wiele z nich dotyczy suplement\u00f3w diety. Ostrzegamy przed korzystaniem z takich ofert.","og_url":"https:\/\/twojlekarz.net\/fr\/ostrzezenie-przed-ofertami-dotyczacymi-przeciwwirusowych-produktow-spozywczych\/","og_site_name":"Przychodnia NZOZ &quot;Tw\u00f3j Lekarz&quot; sp. z o.o.","article_publisher":"https:\/\/www.facebook.com\/NZOZTwojLekarz\/","article_published_time":"2020-03-15T12:57:00+00:00","article_modified_time":"2021-08-11T11:18:25+00:00","og_image":[{"width":1024,"height":1024,"url":"https:\/\/twojlekarz.net\/wp-content\/uploads\/fa\u0142szywki-1024x1024.png","type":"image\/png"}],"author":"NZOZ \"Tw\u00f3j Lekarz\"","twitter_card":"summary_large_image","twitter_misc":{"\u00c9crit par":"NZOZ \"Tw\u00f3j Lekarz\"","Dur\u00e9e de lecture estim\u00e9e":"3 minutes"},"schema":{"@context":"https:\/\/schema.org","@graph":[{"@type":"Article","@id":"https:\/\/twojlekarz.net\/ostrzezenie-przed-ofertami-dotyczacymi-przeciwwirusowych-produktow-spozywczych\/#article","isPartOf":{"@id":"https:\/\/twojlekarz.net\/ostrzezenie-przed-ofertami-dotyczacymi-przeciwwirusowych-produktow-spozywczych\/"},"author":{"name":"NZOZ \"Tw\u00f3j Lekarz\"","@id":"https:\/\/twojlekarz.net\/#\/schema\/person\/4872e4157107aad4013c32ac52a4b9b4"},"headline":"Ostrze\u017cenie przed ofertami dotycz\u0105cymi \u201eprzeciwwirusowych\u201d produkt\u00f3w spo\u017cywczych","datePublished":"2020-03-15T12:57:00+00:00","dateModified":"2021-08-11T11:18:25+00:00","mainEntityOfPage":{"@id":"https:\/\/twojlekarz.net\/ostrzezenie-przed-ofertami-dotyczacymi-przeciwwirusowych-produktow-spozywczych\/"},"wordCount":517,"publisher":{"@id":"https:\/\/twojlekarz.net\/#organization"},"image":{"@id":"https:\/\/twojlekarz.net\/ostrzezenie-przed-ofertami-dotyczacymi-przeciwwirusowych-produktow-spozywczych\/#primaryimage"},"thumbnailUrl":"https:\/\/i0.wp.com\/twojlekarz.net\/wp-content\/uploads\/fa%C5%82szywki.png?fit=1080%2C1080&ssl=1","articleSection":["Aktualno\u015bci"],"inLanguage":"fr-FR"},{"@type":"WebPage","@id":"https:\/\/twojlekarz.net\/ostrzezenie-przed-ofertami-dotyczacymi-przeciwwirusowych-produktow-spozywczych\/","url":"https:\/\/twojlekarz.net\/ostrzezenie-przed-ofertami-dotyczacymi-przeciwwirusowych-produktow-spozywczych\/","name":"Avertissement contre les offres de produits alimentaires &quot;antiviraux&quot; - Przychodnia NZOZ &quot;Tw\u00f3j Lekarz&quot; sp. z o. o.","isPartOf":{"@id":"https:\/\/twojlekarz.net\/#website"},"primaryImageOfPage":{"@id":"https:\/\/twojlekarz.net\/ostrzezenie-przed-ofertami-dotyczacymi-przeciwwirusowych-produktow-spozywczych\/#primaryimage"},"image":{"@id":"https:\/\/twojlekarz.net\/ostrzezenie-przed-ofertami-dotyczacymi-przeciwwirusowych-produktow-spozywczych\/#primaryimage"},"thumbnailUrl":"https:\/\/i0.wp.com\/twojlekarz.net\/wp-content\/uploads\/fa%C5%82szywki.png?fit=1080%2C1080&ssl=1","datePublished":"2020-03-15T12:57:00+00:00","dateModified":"2021-08-11T11:18:25+00:00","breadcrumb":{"@id":"https:\/\/twojlekarz.net\/ostrzezenie-przed-ofertami-dotyczacymi-przeciwwirusowych-produktow-spozywczych\/#breadcrumb"},"inLanguage":"fr-FR","potentialAction":[{"@type":"ReadAction","target":["https:\/\/twojlekarz.net\/ostrzezenie-przed-ofertami-dotyczacymi-przeciwwirusowych-produktow-spozywczych\/"]}]},{"@type":"ImageObject","inLanguage":"fr-FR","@id":"https:\/\/twojlekarz.net\/ostrzezenie-przed-ofertami-dotyczacymi-przeciwwirusowych-produktow-spozywczych\/#primaryimage","url":"https:\/\/i0.wp.com\/twojlekarz.net\/wp-content\/uploads\/fa%C5%82szywki.png?fit=1080%2C1080&ssl=1","contentUrl":"https:\/\/i0.wp.com\/twojlekarz.net\/wp-content\/uploads\/fa%C5%82szywki.png?fit=1080%2C1080&ssl=1","width":1080,"height":1080},{"@type":"BreadcrumbList","@id":"https:\/\/twojlekarz.net\/ostrzezenie-przed-ofertami-dotyczacymi-przeciwwirusowych-produktow-spozywczych\/#breadcrumb","itemListElement":[{"@type":"ListItem","position":1,"name":"Strona g\u0142\u00f3wna","item":"https:\/\/twojlekarz.net\/"},{"@type":"ListItem","position":2,"name":"Ostrze\u017cenie przed ofertami dotycz\u0105cymi \u201eprzeciwwirusowych\u201d produkt\u00f3w spo\u017cywczych"}]},{"@type":"WebSite","@id":"https:\/\/twojlekarz.net\/#website","url":"https:\/\/twojlekarz.net\/","name":"Clinique NZOZ &quot;Tw\u00f3j Doktor&quot; z o.","description":"","publisher":{"@id":"https:\/\/twojlekarz.net\/#organization"},"potentialAction":[{"@type":"SearchAction","target":{"@type":"EntryPoint","urlTemplate":"https:\/\/twojlekarz.net\/?s={search_term_string}"},"query-input":{"@type":"PropertyValueSpecification","valueRequired":true,"valueName":"search_term_string"}}],"inLanguage":"fr-FR"},{"@type":"Organization","@id":"https:\/\/twojlekarz.net\/#organization","name":"Clinique NZOZ &quot;Tw\u00f3j Doktor&quot; z o.","url":"https:\/\/twojlekarz.net\/","logo":{"@type":"ImageObject","inLanguage":"fr-FR","@id":"https:\/\/twojlekarz.net\/#\/schema\/logo\/image\/","url":"https:\/\/i0.wp.com\/twojlekarz.net\/wp-content\/uploads\/twoj-lekarz-logo2-e1448917738554.jpg?fit=200%2C71&ssl=1","contentUrl":"https:\/\/i0.wp.com\/twojlekarz.net\/wp-content\/uploads\/twoj-lekarz-logo2-e1448917738554.jpg?fit=200%2C71&ssl=1","width":200,"height":71,"caption":"Przychodnia NZOZ \"Tw\u00f3j Lekarz\" sp. z o.o."},"image":{"@id":"https:\/\/twojlekarz.net\/#\/schema\/logo\/image\/"},"sameAs":["https:\/\/www.facebook.com\/NZOZTwojLekarz\/"]},{"@type":"Person","@id":"https:\/\/twojlekarz.net\/#\/schema\/person\/4872e4157107aad4013c32ac52a4b9b4","name":"NZOZ &quot;Votre m\u00e9decin&quot;","image":{"@type":"ImageObject","inLanguage":"fr-FR","@id":"https:\/\/secure.gravatar.com\/avatar\/9465837260f6ae13894c21dc64ea0fd37fae2ef5730310619b4823c3909befd4?s=96&d=mm&r=g","url":"https:\/\/secure.gravatar.com\/avatar\/9465837260f6ae13894c21dc64ea0fd37fae2ef5730310619b4823c3909befd4?s=96&d=mm&r=g","contentUrl":"https:\/\/secure.gravatar.com\/avatar\/9465837260f6ae13894c21dc64ea0fd37fae2ef5730310619b4823c3909befd4?s=96&d=mm&r=g","caption":"NZOZ \"Tw\u00f3j Lekarz\""},"url":"https:\/\/twojlekarz.net\/fr\/author\/twojlekarz\/"}]}},"jetpack_featured_media_url":"https:\/\/i0.wp.com\/twojlekarz.net\/wp-content\/uploads\/fa%C5%82szywki.png?fit=1080%2C1080&ssl=1","jetpack_sharing_enabled":true,"_links":{"self":[{"href":"https:\/\/twojlekarz.net\/fr\/wp-json\/wp\/v2\/posts\/5177","targetHints":{"allow":["GET"]}}],"collection":[{"href":"https:\/\/twojlekarz.net\/fr\/wp-json\/wp\/v2\/posts"}],"about":[{"href":"https:\/\/twojlekarz.net\/fr\/wp-json\/wp\/v2\/types\/post"}],"author":[{"embeddable":true,"href":"https:\/\/twojlekarz.net\/fr\/wp-json\/wp\/v2\/users\/9"}],"replies":[{"embeddable":true,"href":"https:\/\/twojlekarz.net\/fr\/wp-json\/wp\/v2\/comments?post=5177"}],"version-history":[{"count":0,"href":"https:\/\/twojlekarz.net\/fr\/wp-json\/wp\/v2\/posts\/5177\/revisions"}],"wp:featuredmedia":[{"embeddable":true,"href":"https:\/\/twojlekarz.net\/fr\/wp-json\/wp\/v2\/media\/5178"}],"wp:attachment":[{"href":"https:\/\/twojlekarz.net\/fr\/wp-json\/wp\/v2\/media?parent=5177"}],"wp:term":[{"taxonomy":"category","embeddable":true,"href":"https:\/\/twojlekarz.net\/fr\/wp-json\/wp\/v2\/categories?post=5177"},{"taxonomy":"post_tag","embeddable":true,"href":"https:\/\/twojlekarz.net\/fr\/wp-json\/wp\/v2\/tags?post=5177"}],"curies":[{"name":"wp","href":"https:\/\/api.w.org\/{rel}","templated":true}]}}