{"id":5871,"date":"2021-02-03T11:57:10","date_gmt":"2021-02-03T11:57:10","guid":{"rendered":"https:\/\/twojlekarz.net.pl\/?p=5871"},"modified":"2021-08-11T11:14:55","modified_gmt":"2021-08-11T11:14:55","slug":"wolne-terminy-do-poradni-specjalistycznych-z-refundacja-nfz","status":"publish","type":"post","link":"https:\/\/twojlekarz.net\/fr\/wolne-terminy-do-poradni-specjalistycznych-z-refundacja-nfz\/","title":{"rendered":"Dates gratuites pour les cliniques sp\u00e9cialis\u00e9es avec remboursement NFZ"},"content":{"rendered":"<p>Tout ce dont vous avez besoin est une recommandation de votre m\u00e9decin traitant pour utiliser les services des cliniques sp\u00e9cialis\u00e9es NZOZ Tw\u00f3j Lekarz. En vertu du contrat avec la Caisse nationale de sant\u00e9, les personnes suivantes b\u00e9n\u00e9ficient actuellement de dates libres :<\/p>\n\n\n\n<h2 class=\"wp-block-heading\"><strong>CLINIQUE CHIRURGICALE<\/strong><\/h2>\n\n\n\n<ul class=\"wp-block-list\"><li>consultation de chirurgie g\u00e9n\u00e9rale <\/li><li>\u00e9valuation et \u00e9limination des l\u00e9sions cutan\u00e9es <\/li><li>consultation chirurgie thyro\u00efdienne :<ul><li>\u00c9chographie thyro\u00efdienne<\/li><\/ul><ul><li>biopsie de la thyro\u00efde<\/li><\/ul><\/li><li>consultation sur les maladies anales : <ul><li>rectoscopie<\/li><\/ul><\/li><\/ul>\n\n\n\n<h2 class=\"wp-block-heading\"><strong>CLINIQUE DE RHUMATOLOGIE<\/strong><\/h2>\n\n\n\n<ul class=\"wp-block-list\"><li>diagnostic et traitement des troubles non traumatiques de l&#039;appareil locomoteur :<ul><li>changements d\u00e9g\u00e9n\u00e9ratifs dans les articulations<\/li><li>goutte<\/li><li>polyarthrite rhumato\u00efde<\/li><li>spondylarthrite ankylosante<\/li><\/ul><\/li><\/ul>\n\n\n\n<p><strong>Pour plus d&#039;informations et pour vous inscrire \u00e0 une visite, veuillez appeler la hotline au 71 311 12 36.<\/strong><\/p>","protected":false},"excerpt":{"rendered":"<p>Tout ce dont vous avez besoin est une recommandation de votre m\u00e9decin traitant pour utiliser les services des cliniques sp\u00e9cialis\u00e9es NZOZ Tw\u00f3j Lekarz. <\/p>","protected":false},"author":9,"featured_media":5872,"comment_status":"closed","ping_status":"closed","sticky":false,"template":"","format":"standard","meta":{"_jetpack_memberships_contains_paid_content":false,"footnotes":"","_wp_rev_ctl_limit":""},"categories":[90],"tags":[],"class_list":["post-5871","post","type-post","status-publish","format-standard","has-post-thumbnail","hentry","category-s1-aktualnoci"],"yoast_head":"<!-- This site is optimized with the Yoast SEO plugin v27.3 - https:\/\/yoast.com\/product\/yoast-seo-wordpress\/ -->\n<title>Wolne terminy do poradni specjalistycznych z refundacj\u0105 NFZ - Przychodnia NZOZ &quot;Tw\u00f3j Lekarz&quot; sp. z o.o.<\/title>\n<meta name=\"robots\" content=\"index, follow, max-snippet:-1, max-image-preview:large, max-video-preview:-1\" \/>\n<link rel=\"canonical\" href=\"https:\/\/twojlekarz.net\/fr\/wolne-terminy-do-poradni-specjalistycznych-z-refundacja-nfz\/\" \/>\n<meta property=\"og:locale\" content=\"fr_FR\" \/>\n<meta property=\"og:type\" content=\"article\" \/>\n<meta property=\"og:title\" content=\"Wolne terminy do poradni specjalistycznych z refundacj\u0105 NFZ - Przychodnia NZOZ &quot;Tw\u00f3j Lekarz&quot; sp. z o.o.\" \/>\n<meta property=\"og:description\" content=\"Wystarczy skierowanie od lekarza pierwszego kontaktu, by skorzysta\u0107 z us\u0142ug Poradni Specjalistycznych NZOZ Tw\u00f3j Lekarz.\" \/>\n<meta property=\"og:url\" content=\"https:\/\/twojlekarz.net\/fr\/wolne-terminy-do-poradni-specjalistycznych-z-refundacja-nfz\/\" \/>\n<meta property=\"og:site_name\" content=\"Przychodnia NZOZ &quot;Tw\u00f3j Lekarz&quot; sp. z o.o.\" \/>\n<meta property=\"article:publisher\" content=\"https:\/\/www.facebook.com\/NZOZTwojLekarz\/\" \/>\n<meta property=\"article:published_time\" content=\"2021-02-03T11:57:10+00:00\" \/>\n<meta property=\"article:modified_time\" content=\"2021-08-11T11:14:55+00:00\" \/>\n<meta property=\"og:image\" content=\"https:\/\/twojlekarz.net\/wp-content\/uploads\/TL_FB_wolne_terminy_styczen_www.png\" \/>\n\t<meta property=\"og:image:width\" content=\"1080\" \/>\n\t<meta property=\"og:image:height\" content=\"1080\" \/>\n\t<meta property=\"og:image:type\" content=\"image\/png\" \/>\n<meta name=\"author\" content=\"NZOZ &quot;Tw\u00f3j Lekarz&quot;\" \/>\n<meta name=\"twitter:card\" content=\"summary_large_image\" \/>\n<meta name=\"twitter:label1\" content=\"\u00c9crit par\" \/>\n\t<meta name=\"twitter:data1\" content=\"NZOZ &quot;Tw\u00f3j Lekarz&quot;\" \/>\n<script type=\"application\/ld+json\" class=\"yoast-schema-graph\">{\"@context\":\"https:\\\/\\\/schema.org\",\"@graph\":[{\"@type\":\"Article\",\"@id\":\"https:\\\/\\\/twojlekarz.net\\\/wolne-terminy-do-poradni-specjalistycznych-z-refundacja-nfz\\\/#article\",\"isPartOf\":{\"@id\":\"https:\\\/\\\/twojlekarz.net\\\/wolne-terminy-do-poradni-specjalistycznych-z-refundacja-nfz\\\/\"},\"author\":{\"name\":\"NZOZ \\\"Tw\u00f3j Lekarz\\\"\",\"@id\":\"https:\\\/\\\/twojlekarz.net\\\/#\\\/schema\\\/person\\\/4872e4157107aad4013c32ac52a4b9b4\"},\"headline\":\"Wolne terminy do poradni specjalistycznych z refundacj\u0105 NFZ\",\"datePublished\":\"2021-02-03T11:57:10+00:00\",\"dateModified\":\"2021-08-11T11:14:55+00:00\",\"mainEntityOfPage\":{\"@id\":\"https:\\\/\\\/twojlekarz.net\\\/wolne-terminy-do-poradni-specjalistycznych-z-refundacja-nfz\\\/\"},\"wordCount\":104,\"publisher\":{\"@id\":\"https:\\\/\\\/twojlekarz.net\\\/#organization\"},\"image\":{\"@id\":\"https:\\\/\\\/twojlekarz.net\\\/wolne-terminy-do-poradni-specjalistycznych-z-refundacja-nfz\\\/#primaryimage\"},\"thumbnailUrl\":\"https:\\\/\\\/i0.wp.com\\\/twojlekarz.net\\\/wp-content\\\/uploads\\\/TL_FB_wolne_terminy_styczen_www.png?fit=1080%2C1080&ssl=1\",\"articleSection\":[\"Aktualno\u015bci\"],\"inLanguage\":\"fr-FR\"},{\"@type\":\"WebPage\",\"@id\":\"https:\\\/\\\/twojlekarz.net\\\/wolne-terminy-do-poradni-specjalistycznych-z-refundacja-nfz\\\/\",\"url\":\"https:\\\/\\\/twojlekarz.net\\\/wolne-terminy-do-poradni-specjalistycznych-z-refundacja-nfz\\\/\",\"name\":\"Wolne terminy do poradni specjalistycznych z refundacj\u0105 NFZ - Przychodnia NZOZ &quot;Tw\u00f3j Lekarz&quot; sp. z o.o.\",\"isPartOf\":{\"@id\":\"https:\\\/\\\/twojlekarz.net\\\/#website\"},\"primaryImageOfPage\":{\"@id\":\"https:\\\/\\\/twojlekarz.net\\\/wolne-terminy-do-poradni-specjalistycznych-z-refundacja-nfz\\\/#primaryimage\"},\"image\":{\"@id\":\"https:\\\/\\\/twojlekarz.net\\\/wolne-terminy-do-poradni-specjalistycznych-z-refundacja-nfz\\\/#primaryimage\"},\"thumbnailUrl\":\"https:\\\/\\\/i0.wp.com\\\/twojlekarz.net\\\/wp-content\\\/uploads\\\/TL_FB_wolne_terminy_styczen_www.png?fit=1080%2C1080&ssl=1\",\"datePublished\":\"2021-02-03T11:57:10+00:00\",\"dateModified\":\"2021-08-11T11:14:55+00:00\",\"breadcrumb\":{\"@id\":\"https:\\\/\\\/twojlekarz.net\\\/wolne-terminy-do-poradni-specjalistycznych-z-refundacja-nfz\\\/#breadcrumb\"},\"inLanguage\":\"fr-FR\",\"potentialAction\":[{\"@type\":\"ReadAction\",\"target\":[\"https:\\\/\\\/twojlekarz.net\\\/wolne-terminy-do-poradni-specjalistycznych-z-refundacja-nfz\\\/\"]}]},{\"@type\":\"ImageObject\",\"inLanguage\":\"fr-FR\",\"@id\":\"https:\\\/\\\/twojlekarz.net\\\/wolne-terminy-do-poradni-specjalistycznych-z-refundacja-nfz\\\/#primaryimage\",\"url\":\"https:\\\/\\\/i0.wp.com\\\/twojlekarz.net\\\/wp-content\\\/uploads\\\/TL_FB_wolne_terminy_styczen_www.png?fit=1080%2C1080&ssl=1\",\"contentUrl\":\"https:\\\/\\\/i0.wp.com\\\/twojlekarz.net\\\/wp-content\\\/uploads\\\/TL_FB_wolne_terminy_styczen_www.png?fit=1080%2C1080&ssl=1\",\"width\":1080,\"height\":1080,\"caption\":\"TL_FB_wolne_terminy_stycze\u0144_www\"},{\"@type\":\"BreadcrumbList\",\"@id\":\"https:\\\/\\\/twojlekarz.net\\\/wolne-terminy-do-poradni-specjalistycznych-z-refundacja-nfz\\\/#breadcrumb\",\"itemListElement\":[{\"@type\":\"ListItem\",\"position\":1,\"name\":\"Strona g\u0142\u00f3wna\",\"item\":\"https:\\\/\\\/twojlekarz.net\\\/\"},{\"@type\":\"ListItem\",\"position\":2,\"name\":\"Wolne terminy do poradni specjalistycznych z refundacj\u0105 NFZ\"}]},{\"@type\":\"WebSite\",\"@id\":\"https:\\\/\\\/twojlekarz.net\\\/#website\",\"url\":\"https:\\\/\\\/twojlekarz.net\\\/\",\"name\":\"Przychodnia NZOZ \\\"Tw\u00f3j Lekarz\\\" sp. z o.o.\",\"description\":\"\",\"publisher\":{\"@id\":\"https:\\\/\\\/twojlekarz.net\\\/#organization\"},\"potentialAction\":[{\"@type\":\"SearchAction\",\"target\":{\"@type\":\"EntryPoint\",\"urlTemplate\":\"https:\\\/\\\/twojlekarz.net\\\/?s={search_term_string}\"},\"query-input\":{\"@type\":\"PropertyValueSpecification\",\"valueRequired\":true,\"valueName\":\"search_term_string\"}}],\"inLanguage\":\"fr-FR\"},{\"@type\":\"Organization\",\"@id\":\"https:\\\/\\\/twojlekarz.net\\\/#organization\",\"name\":\"Przychodnia NZOZ \\\"Tw\u00f3j Lekarz\\\" sp. z o.o.\",\"url\":\"https:\\\/\\\/twojlekarz.net\\\/\",\"logo\":{\"@type\":\"ImageObject\",\"inLanguage\":\"fr-FR\",\"@id\":\"https:\\\/\\\/twojlekarz.net\\\/#\\\/schema\\\/logo\\\/image\\\/\",\"url\":\"https:\\\/\\\/i0.wp.com\\\/twojlekarz.net\\\/wp-content\\\/uploads\\\/twoj-lekarz-logo2-e1448917738554.jpg?fit=200%2C71&ssl=1\",\"contentUrl\":\"https:\\\/\\\/i0.wp.com\\\/twojlekarz.net\\\/wp-content\\\/uploads\\\/twoj-lekarz-logo2-e1448917738554.jpg?fit=200%2C71&ssl=1\",\"width\":200,\"height\":71,\"caption\":\"Przychodnia NZOZ \\\"Tw\u00f3j Lekarz\\\" sp. z o.o.\"},\"image\":{\"@id\":\"https:\\\/\\\/twojlekarz.net\\\/#\\\/schema\\\/logo\\\/image\\\/\"},\"sameAs\":[\"https:\\\/\\\/www.facebook.com\\\/NZOZTwojLekarz\\\/\"]},{\"@type\":\"Person\",\"@id\":\"https:\\\/\\\/twojlekarz.net\\\/#\\\/schema\\\/person\\\/4872e4157107aad4013c32ac52a4b9b4\",\"name\":\"NZOZ \\\"Tw\u00f3j Lekarz\\\"\",\"image\":{\"@type\":\"ImageObject\",\"inLanguage\":\"fr-FR\",\"@id\":\"https:\\\/\\\/secure.gravatar.com\\\/avatar\\\/9465837260f6ae13894c21dc64ea0fd37fae2ef5730310619b4823c3909befd4?s=96&d=mm&r=g\",\"url\":\"https:\\\/\\\/secure.gravatar.com\\\/avatar\\\/9465837260f6ae13894c21dc64ea0fd37fae2ef5730310619b4823c3909befd4?s=96&d=mm&r=g\",\"contentUrl\":\"https:\\\/\\\/secure.gravatar.com\\\/avatar\\\/9465837260f6ae13894c21dc64ea0fd37fae2ef5730310619b4823c3909befd4?s=96&d=mm&r=g\",\"caption\":\"NZOZ \\\"Tw\u00f3j Lekarz\\\"\"},\"url\":\"https:\\\/\\\/twojlekarz.net\\\/fr\\\/author\\\/twojlekarz\\\/\"}]}<\/script>\n<!-- \/ Yoast SEO plugin. -->","yoast_head_json":{"title":"Rendez-vous disponibles dans les cliniques sp\u00e9cialis\u00e9es avec remboursement NFZ - Przychodnia NZOZ &quot;Tw\u00f3j Lekarz&quot; sp. z o. o.","robots":{"index":"index","follow":"follow","max-snippet":"max-snippet:-1","max-image-preview":"max-image-preview:large","max-video-preview":"max-video-preview:-1"},"canonical":"https:\/\/twojlekarz.net\/fr\/wolne-terminy-do-poradni-specjalistycznych-z-refundacja-nfz\/","og_locale":"fr_FR","og_type":"article","og_title":"Wolne terminy do poradni specjalistycznych z refundacj\u0105 NFZ - Przychodnia NZOZ &quot;Tw\u00f3j Lekarz&quot; sp. z o.o.","og_description":"Wystarczy skierowanie od lekarza pierwszego kontaktu, by skorzysta\u0107 z us\u0142ug Poradni Specjalistycznych NZOZ Tw\u00f3j Lekarz.","og_url":"https:\/\/twojlekarz.net\/fr\/wolne-terminy-do-poradni-specjalistycznych-z-refundacja-nfz\/","og_site_name":"Przychodnia NZOZ &quot;Tw\u00f3j Lekarz&quot; sp. z o.o.","article_publisher":"https:\/\/www.facebook.com\/NZOZTwojLekarz\/","article_published_time":"2021-02-03T11:57:10+00:00","article_modified_time":"2021-08-11T11:14:55+00:00","og_image":[{"width":1080,"height":1080,"url":"https:\/\/twojlekarz.net\/wp-content\/uploads\/TL_FB_wolne_terminy_styczen_www.png","type":"image\/png"}],"author":"NZOZ \"Tw\u00f3j Lekarz\"","twitter_card":"summary_large_image","twitter_misc":{"\u00c9crit par":"NZOZ \"Tw\u00f3j Lekarz\""},"schema":{"@context":"https:\/\/schema.org","@graph":[{"@type":"Article","@id":"https:\/\/twojlekarz.net\/wolne-terminy-do-poradni-specjalistycznych-z-refundacja-nfz\/#article","isPartOf":{"@id":"https:\/\/twojlekarz.net\/wolne-terminy-do-poradni-specjalistycznych-z-refundacja-nfz\/"},"author":{"name":"NZOZ \"Tw\u00f3j Lekarz\"","@id":"https:\/\/twojlekarz.net\/#\/schema\/person\/4872e4157107aad4013c32ac52a4b9b4"},"headline":"Wolne terminy do poradni specjalistycznych z refundacj\u0105 NFZ","datePublished":"2021-02-03T11:57:10+00:00","dateModified":"2021-08-11T11:14:55+00:00","mainEntityOfPage":{"@id":"https:\/\/twojlekarz.net\/wolne-terminy-do-poradni-specjalistycznych-z-refundacja-nfz\/"},"wordCount":104,"publisher":{"@id":"https:\/\/twojlekarz.net\/#organization"},"image":{"@id":"https:\/\/twojlekarz.net\/wolne-terminy-do-poradni-specjalistycznych-z-refundacja-nfz\/#primaryimage"},"thumbnailUrl":"https:\/\/i0.wp.com\/twojlekarz.net\/wp-content\/uploads\/TL_FB_wolne_terminy_styczen_www.png?fit=1080%2C1080&ssl=1","articleSection":["Aktualno\u015bci"],"inLanguage":"fr-FR"},{"@type":"WebPage","@id":"https:\/\/twojlekarz.net\/wolne-terminy-do-poradni-specjalistycznych-z-refundacja-nfz\/","url":"https:\/\/twojlekarz.net\/wolne-terminy-do-poradni-specjalistycznych-z-refundacja-nfz\/","name":"Rendez-vous disponibles dans les cliniques sp\u00e9cialis\u00e9es avec remboursement NFZ - Przychodnia NZOZ &quot;Tw\u00f3j Lekarz&quot; sp. z o. o.","isPartOf":{"@id":"https:\/\/twojlekarz.net\/#website"},"primaryImageOfPage":{"@id":"https:\/\/twojlekarz.net\/wolne-terminy-do-poradni-specjalistycznych-z-refundacja-nfz\/#primaryimage"},"image":{"@id":"https:\/\/twojlekarz.net\/wolne-terminy-do-poradni-specjalistycznych-z-refundacja-nfz\/#primaryimage"},"thumbnailUrl":"https:\/\/i0.wp.com\/twojlekarz.net\/wp-content\/uploads\/TL_FB_wolne_terminy_styczen_www.png?fit=1080%2C1080&ssl=1","datePublished":"2021-02-03T11:57:10+00:00","dateModified":"2021-08-11T11:14:55+00:00","breadcrumb":{"@id":"https:\/\/twojlekarz.net\/wolne-terminy-do-poradni-specjalistycznych-z-refundacja-nfz\/#breadcrumb"},"inLanguage":"fr-FR","potentialAction":[{"@type":"ReadAction","target":["https:\/\/twojlekarz.net\/wolne-terminy-do-poradni-specjalistycznych-z-refundacja-nfz\/"]}]},{"@type":"ImageObject","inLanguage":"fr-FR","@id":"https:\/\/twojlekarz.net\/wolne-terminy-do-poradni-specjalistycznych-z-refundacja-nfz\/#primaryimage","url":"https:\/\/i0.wp.com\/twojlekarz.net\/wp-content\/uploads\/TL_FB_wolne_terminy_styczen_www.png?fit=1080%2C1080&ssl=1","contentUrl":"https:\/\/i0.wp.com\/twojlekarz.net\/wp-content\/uploads\/TL_FB_wolne_terminy_styczen_www.png?fit=1080%2C1080&ssl=1","width":1080,"height":1080,"caption":"TL_FB_wolne_terminy_stycze\u0144_www"},{"@type":"BreadcrumbList","@id":"https:\/\/twojlekarz.net\/wolne-terminy-do-poradni-specjalistycznych-z-refundacja-nfz\/#breadcrumb","itemListElement":[{"@type":"ListItem","position":1,"name":"Strona g\u0142\u00f3wna","item":"https:\/\/twojlekarz.net\/"},{"@type":"ListItem","position":2,"name":"Wolne terminy do poradni specjalistycznych z refundacj\u0105 NFZ"}]},{"@type":"WebSite","@id":"https:\/\/twojlekarz.net\/#website","url":"https:\/\/twojlekarz.net\/","name":"Clinique NZOZ &quot;Tw\u00f3j Doktor&quot; z o.","description":"","publisher":{"@id":"https:\/\/twojlekarz.net\/#organization"},"potentialAction":[{"@type":"SearchAction","target":{"@type":"EntryPoint","urlTemplate":"https:\/\/twojlekarz.net\/?s={search_term_string}"},"query-input":{"@type":"PropertyValueSpecification","valueRequired":true,"valueName":"search_term_string"}}],"inLanguage":"fr-FR"},{"@type":"Organization","@id":"https:\/\/twojlekarz.net\/#organization","name":"Clinique NZOZ &quot;Tw\u00f3j Doktor&quot; z o.","url":"https:\/\/twojlekarz.net\/","logo":{"@type":"ImageObject","inLanguage":"fr-FR","@id":"https:\/\/twojlekarz.net\/#\/schema\/logo\/image\/","url":"https:\/\/i0.wp.com\/twojlekarz.net\/wp-content\/uploads\/twoj-lekarz-logo2-e1448917738554.jpg?fit=200%2C71&ssl=1","contentUrl":"https:\/\/i0.wp.com\/twojlekarz.net\/wp-content\/uploads\/twoj-lekarz-logo2-e1448917738554.jpg?fit=200%2C71&ssl=1","width":200,"height":71,"caption":"Przychodnia NZOZ \"Tw\u00f3j Lekarz\" sp. z o.o."},"image":{"@id":"https:\/\/twojlekarz.net\/#\/schema\/logo\/image\/"},"sameAs":["https:\/\/www.facebook.com\/NZOZTwojLekarz\/"]},{"@type":"Person","@id":"https:\/\/twojlekarz.net\/#\/schema\/person\/4872e4157107aad4013c32ac52a4b9b4","name":"NZOZ &quot;Votre m\u00e9decin&quot;","image":{"@type":"ImageObject","inLanguage":"fr-FR","@id":"https:\/\/secure.gravatar.com\/avatar\/9465837260f6ae13894c21dc64ea0fd37fae2ef5730310619b4823c3909befd4?s=96&d=mm&r=g","url":"https:\/\/secure.gravatar.com\/avatar\/9465837260f6ae13894c21dc64ea0fd37fae2ef5730310619b4823c3909befd4?s=96&d=mm&r=g","contentUrl":"https:\/\/secure.gravatar.com\/avatar\/9465837260f6ae13894c21dc64ea0fd37fae2ef5730310619b4823c3909befd4?s=96&d=mm&r=g","caption":"NZOZ \"Tw\u00f3j Lekarz\""},"url":"https:\/\/twojlekarz.net\/fr\/author\/twojlekarz\/"}]}},"jetpack_featured_media_url":"https:\/\/i0.wp.com\/twojlekarz.net\/wp-content\/uploads\/TL_FB_wolne_terminy_styczen_www.png?fit=1080%2C1080&ssl=1","jetpack_sharing_enabled":true,"_links":{"self":[{"href":"https:\/\/twojlekarz.net\/fr\/wp-json\/wp\/v2\/posts\/5871","targetHints":{"allow":["GET"]}}],"collection":[{"href":"https:\/\/twojlekarz.net\/fr\/wp-json\/wp\/v2\/posts"}],"about":[{"href":"https:\/\/twojlekarz.net\/fr\/wp-json\/wp\/v2\/types\/post"}],"author":[{"embeddable":true,"href":"https:\/\/twojlekarz.net\/fr\/wp-json\/wp\/v2\/users\/9"}],"replies":[{"embeddable":true,"href":"https:\/\/twojlekarz.net\/fr\/wp-json\/wp\/v2\/comments?post=5871"}],"version-history":[{"count":0,"href":"https:\/\/twojlekarz.net\/fr\/wp-json\/wp\/v2\/posts\/5871\/revisions"}],"wp:featuredmedia":[{"embeddable":true,"href":"https:\/\/twojlekarz.net\/fr\/wp-json\/wp\/v2\/media\/5872"}],"wp:attachment":[{"href":"https:\/\/twojlekarz.net\/fr\/wp-json\/wp\/v2\/media?parent=5871"}],"wp:term":[{"taxonomy":"category","embeddable":true,"href":"https:\/\/twojlekarz.net\/fr\/wp-json\/wp\/v2\/categories?post=5871"},{"taxonomy":"post_tag","embeddable":true,"href":"https:\/\/twojlekarz.net\/fr\/wp-json\/wp\/v2\/tags?post=5871"}],"curies":[{"name":"wp","href":"https:\/\/api.w.org\/{rel}","templated":true}]}}