{"id":5880,"date":"2021-02-02T16:45:57","date_gmt":"2021-02-02T16:45:57","guid":{"rendered":"https:\/\/twojlekarz.net.pl\/?p=5880"},"modified":"2021-12-23T18:23:21","modified_gmt":"2021-12-23T18:23:21","slug":"wznawiamy-akcje-szczepien-po-opoznionych-dostawach-preparatu","status":"publish","type":"post","link":"https:\/\/twojlekarz.net\/fr\/wznawiamy-akcje-szczepien-po-opoznionych-dostawach-preparatu\/","title":{"rendered":"Nous reprenons la campagne de vaccination apr\u00e8s des livraisons retard\u00e9es du vaccin"},"content":{"rendered":"<p>Livraison retard\u00e9e des vaccins contre <strong>COVID 19<\/strong> atteint d\u00e9sormais les points de vaccination NZOZ Your Doctor\u00a0! Cela signifie qu&#039;\u00e0 partir de <strong>Mercredi 3 f\u00e9vrier<\/strong> la campagne de vaccination pr\u00e9vue cette semaine se poursuivra.<em>Les patients inscrits pour lundi et mardi ont d\u00e9j\u00e0 re\u00e7u des informations sur la nouvelle date&quot;<\/em> - il assure <strong>Kamila Kosinska<\/strong> Coordonnateur de l&#039;\u00e9quipe d&#039;inscription de NZOZ Your Physician.<\/p>\n\n\n\n<p>Six points de vaccination Your Doctor vaccineront 180 personnes cette semaine. Les personnes inscrites sont pri\u00e9es de se pr\u00e9senter au point de vaccination pr\u00e9vu, au jour et \u00e0 l&#039;heure convenus. Munissez-vous d&#039;une pi\u00e8ce d&#039;identit\u00e9, de pr\u00e9f\u00e9rence une carte d&#039;identit\u00e9. Sur place, vous devrez remplir un questionnaire, premi\u00e8re \u00e9tape pour \u00eatre \u00e9ligible \u00e0 la vaccination.<\/p>\n\n\n\n<figure class=\"wp-block-image size-large is-resized\"><img data-recalc-dims=\"1\" loading=\"lazy\" decoding=\"async\" src=\"https:\/\/i0.wp.com\/twojlekarz.net\/wp-content\/uploads\/tl_fb_infografika_szczepienia_c19.png?resize=371%2C464&#038;ssl=1\" alt=\"tl_fb_infografika_szczepienia_c19\" class=\"wp-image-5851\" width=\"371\" height=\"464\" srcset=\"https:\/\/i0.wp.com\/twojlekarz.net\/wp-content\/uploads\/tl_fb_infografika_szczepienia_c19.png?w=800&amp;ssl=1 800w, https:\/\/i0.wp.com\/twojlekarz.net\/wp-content\/uploads\/tl_fb_infografika_szczepienia_c19.png?resize=240%2C300&amp;ssl=1 240w, https:\/\/i0.wp.com\/twojlekarz.net\/wp-content\/uploads\/tl_fb_infografika_szczepienia_c19.png?resize=768%2C960&amp;ssl=1 768w\" sizes=\"auto, (max-width: 371px) 100vw, 371px\" \/><\/figure>","protected":false},"excerpt":{"rendered":"<p>Les vaccins contre la COVID-19, dont la livraison a \u00e9t\u00e9 retard\u00e9e, arrivent d\u00e9sormais aux points de vaccination de NZOZ Tw\u00f3j Lekarz\u00a0! La campagne de vaccination pr\u00e9vue cette semaine se poursuivra donc \u00e0 partir du mercredi 3\u00a0f\u00e9vrier. \u00ab\u00a0Les patients inscrits lundi et mardi ont d\u00e9j\u00e0 \u00e9t\u00e9 inform\u00e9s de la nouvelle date\u00a0\u00bb, assure Kamila Kosi\u0144ska, coordinatrice de l&#039;\u00e9quipe d&#039;inscription de NZOZ Tw\u00f3j Lekarz.<\/p>","protected":false},"author":9,"featured_media":5878,"comment_status":"closed","ping_status":"closed","sticky":false,"template":"","format":"standard","meta":{"_jetpack_memberships_contains_paid_content":false,"footnotes":"","_wp_rev_ctl_limit":""},"categories":[90],"tags":[],"class_list":["post-5880","post","type-post","status-publish","format-standard","has-post-thumbnail","hentry","category-s1-aktualnoci"],"yoast_head":"<!-- This site is optimized with the Yoast SEO plugin v27.3 - https:\/\/yoast.com\/product\/yoast-seo-wordpress\/ -->\n<title>Wznawiamy akcj\u0119 szczepie\u0144 po op\u00f3\u017anionych dostawach preparatu - Przychodnia NZOZ &quot;Tw\u00f3j Lekarz&quot; sp. z o.o.<\/title>\n<meta name=\"robots\" content=\"index, follow, max-snippet:-1, max-image-preview:large, max-video-preview:-1\" \/>\n<link rel=\"canonical\" href=\"https:\/\/twojlekarz.net\/fr\/wznawiamy-akcje-szczepien-po-opoznionych-dostawach-preparatu\/\" \/>\n<meta property=\"og:locale\" content=\"fr_FR\" \/>\n<meta property=\"og:type\" content=\"article\" \/>\n<meta property=\"og:title\" content=\"Wznawiamy akcj\u0119 szczepie\u0144 po op\u00f3\u017anionych dostawach preparatu - Przychodnia NZOZ &quot;Tw\u00f3j Lekarz&quot; sp. z o.o.\" \/>\n<meta property=\"og:description\" content=\"Op\u00f3\u017aniona dostawa szczepionek przeciw COVID-19 dociera w\u0142a\u015bnie do punkt\u00f3w szczepie\u0144 NZOZ Tw\u00f3j Lekarz! Oznacza to, \u017ce od \u015brody 3 lutego trwa\u0107 b\u0119dzie zaplanowana na ten tydzie\u0144 akcja szczepie\u0144. \u201ePacjenci, kt\u00f3rzy byli zarejestrowani na poniedzia\u0142ek i wtorek otrzymali ju\u017c informacje o nowym terminie\u201d \u2013 zapewnia Kamila Kosi\u0144ska Koordynatorka Zespo\u0142u Rejestracji NZOZ Tw\u00f3j Lekarz.\" \/>\n<meta property=\"og:url\" content=\"https:\/\/twojlekarz.net\/fr\/wznawiamy-akcje-szczepien-po-opoznionych-dostawach-preparatu\/\" \/>\n<meta property=\"og:site_name\" content=\"Przychodnia NZOZ &quot;Tw\u00f3j Lekarz&quot; sp. z o.o.\" \/>\n<meta property=\"article:publisher\" content=\"https:\/\/www.facebook.com\/NZOZTwojLekarz\/\" \/>\n<meta property=\"article:published_time\" content=\"2021-02-02T16:45:57+00:00\" \/>\n<meta property=\"article:modified_time\" content=\"2021-12-23T18:23:21+00:00\" \/>\n<meta property=\"og:image\" content=\"https:\/\/twojlekarz.net\/wp-content\/uploads\/Tl_pierwszy-dzien-szczepien-6-1.jpg\" \/>\n\t<meta property=\"og:image:width\" content=\"1498\" \/>\n\t<meta property=\"og:image:height\" content=\"1000\" \/>\n\t<meta property=\"og:image:type\" content=\"image\/jpeg\" \/>\n<meta name=\"author\" content=\"NZOZ &quot;Tw\u00f3j Lekarz&quot;\" \/>\n<meta name=\"twitter:card\" content=\"summary_large_image\" \/>\n<meta name=\"twitter:label1\" content=\"\u00c9crit par\" \/>\n\t<meta name=\"twitter:data1\" content=\"NZOZ &quot;Tw\u00f3j Lekarz&quot;\" \/>\n\t<meta name=\"twitter:label2\" content=\"Dur\u00e9e de lecture estim\u00e9e\" \/>\n\t<meta name=\"twitter:data2\" content=\"1 minute\" \/>\n<script type=\"application\/ld+json\" class=\"yoast-schema-graph\">{\"@context\":\"https:\\\/\\\/schema.org\",\"@graph\":[{\"@type\":\"Article\",\"@id\":\"https:\\\/\\\/twojlekarz.net\\\/wznawiamy-akcje-szczepien-po-opoznionych-dostawach-preparatu\\\/#article\",\"isPartOf\":{\"@id\":\"https:\\\/\\\/twojlekarz.net\\\/wznawiamy-akcje-szczepien-po-opoznionych-dostawach-preparatu\\\/\"},\"author\":{\"name\":\"NZOZ \\\"Tw\u00f3j Lekarz\\\"\",\"@id\":\"https:\\\/\\\/twojlekarz.net\\\/#\\\/schema\\\/person\\\/4872e4157107aad4013c32ac52a4b9b4\"},\"headline\":\"Wznawiamy akcj\u0119 szczepie\u0144 po op\u00f3\u017anionych dostawach preparatu\",\"datePublished\":\"2021-02-02T16:45:57+00:00\",\"dateModified\":\"2021-12-23T18:23:21+00:00\",\"mainEntityOfPage\":{\"@id\":\"https:\\\/\\\/twojlekarz.net\\\/wznawiamy-akcje-szczepien-po-opoznionych-dostawach-preparatu\\\/\"},\"wordCount\":129,\"publisher\":{\"@id\":\"https:\\\/\\\/twojlekarz.net\\\/#organization\"},\"image\":{\"@id\":\"https:\\\/\\\/twojlekarz.net\\\/wznawiamy-akcje-szczepien-po-opoznionych-dostawach-preparatu\\\/#primaryimage\"},\"thumbnailUrl\":\"https:\\\/\\\/i0.wp.com\\\/twojlekarz.net\\\/wp-content\\\/uploads\\\/Tl_pierwszy-dzien-szczepien-6-1.jpg?fit=1498%2C1000&ssl=1\",\"articleSection\":[\"Aktualno\u015bci\"],\"inLanguage\":\"fr-FR\"},{\"@type\":\"WebPage\",\"@id\":\"https:\\\/\\\/twojlekarz.net\\\/wznawiamy-akcje-szczepien-po-opoznionych-dostawach-preparatu\\\/\",\"url\":\"https:\\\/\\\/twojlekarz.net\\\/wznawiamy-akcje-szczepien-po-opoznionych-dostawach-preparatu\\\/\",\"name\":\"Wznawiamy akcj\u0119 szczepie\u0144 po op\u00f3\u017anionych dostawach preparatu - Przychodnia NZOZ &quot;Tw\u00f3j Lekarz&quot; sp. z o.o.\",\"isPartOf\":{\"@id\":\"https:\\\/\\\/twojlekarz.net\\\/#website\"},\"primaryImageOfPage\":{\"@id\":\"https:\\\/\\\/twojlekarz.net\\\/wznawiamy-akcje-szczepien-po-opoznionych-dostawach-preparatu\\\/#primaryimage\"},\"image\":{\"@id\":\"https:\\\/\\\/twojlekarz.net\\\/wznawiamy-akcje-szczepien-po-opoznionych-dostawach-preparatu\\\/#primaryimage\"},\"thumbnailUrl\":\"https:\\\/\\\/i0.wp.com\\\/twojlekarz.net\\\/wp-content\\\/uploads\\\/Tl_pierwszy-dzien-szczepien-6-1.jpg?fit=1498%2C1000&ssl=1\",\"datePublished\":\"2021-02-02T16:45:57+00:00\",\"dateModified\":\"2021-12-23T18:23:21+00:00\",\"breadcrumb\":{\"@id\":\"https:\\\/\\\/twojlekarz.net\\\/wznawiamy-akcje-szczepien-po-opoznionych-dostawach-preparatu\\\/#breadcrumb\"},\"inLanguage\":\"fr-FR\",\"potentialAction\":[{\"@type\":\"ReadAction\",\"target\":[\"https:\\\/\\\/twojlekarz.net\\\/wznawiamy-akcje-szczepien-po-opoznionych-dostawach-preparatu\\\/\"]}]},{\"@type\":\"ImageObject\",\"inLanguage\":\"fr-FR\",\"@id\":\"https:\\\/\\\/twojlekarz.net\\\/wznawiamy-akcje-szczepien-po-opoznionych-dostawach-preparatu\\\/#primaryimage\",\"url\":\"https:\\\/\\\/i0.wp.com\\\/twojlekarz.net\\\/wp-content\\\/uploads\\\/Tl_pierwszy-dzien-szczepien-6-1.jpg?fit=1498%2C1000&ssl=1\",\"contentUrl\":\"https:\\\/\\\/i0.wp.com\\\/twojlekarz.net\\\/wp-content\\\/uploads\\\/Tl_pierwszy-dzien-szczepien-6-1.jpg?fit=1498%2C1000&ssl=1\",\"width\":1498,\"height\":1000,\"caption\":\"Tl_pierwszy dzien szczepien-6 (1)\"},{\"@type\":\"BreadcrumbList\",\"@id\":\"https:\\\/\\\/twojlekarz.net\\\/wznawiamy-akcje-szczepien-po-opoznionych-dostawach-preparatu\\\/#breadcrumb\",\"itemListElement\":[{\"@type\":\"ListItem\",\"position\":1,\"name\":\"Strona g\u0142\u00f3wna\",\"item\":\"https:\\\/\\\/twojlekarz.net\\\/\"},{\"@type\":\"ListItem\",\"position\":2,\"name\":\"Wznawiamy akcj\u0119 szczepie\u0144 po op\u00f3\u017anionych dostawach preparatu\"}]},{\"@type\":\"WebSite\",\"@id\":\"https:\\\/\\\/twojlekarz.net\\\/#website\",\"url\":\"https:\\\/\\\/twojlekarz.net\\\/\",\"name\":\"Przychodnia NZOZ \\\"Tw\u00f3j Lekarz\\\" sp. z o.o.\",\"description\":\"\",\"publisher\":{\"@id\":\"https:\\\/\\\/twojlekarz.net\\\/#organization\"},\"potentialAction\":[{\"@type\":\"SearchAction\",\"target\":{\"@type\":\"EntryPoint\",\"urlTemplate\":\"https:\\\/\\\/twojlekarz.net\\\/?s={search_term_string}\"},\"query-input\":{\"@type\":\"PropertyValueSpecification\",\"valueRequired\":true,\"valueName\":\"search_term_string\"}}],\"inLanguage\":\"fr-FR\"},{\"@type\":\"Organization\",\"@id\":\"https:\\\/\\\/twojlekarz.net\\\/#organization\",\"name\":\"Przychodnia NZOZ \\\"Tw\u00f3j Lekarz\\\" sp. z o.o.\",\"url\":\"https:\\\/\\\/twojlekarz.net\\\/\",\"logo\":{\"@type\":\"ImageObject\",\"inLanguage\":\"fr-FR\",\"@id\":\"https:\\\/\\\/twojlekarz.net\\\/#\\\/schema\\\/logo\\\/image\\\/\",\"url\":\"https:\\\/\\\/i0.wp.com\\\/twojlekarz.net\\\/wp-content\\\/uploads\\\/twoj-lekarz-logo2-e1448917738554.jpg?fit=200%2C71&ssl=1\",\"contentUrl\":\"https:\\\/\\\/i0.wp.com\\\/twojlekarz.net\\\/wp-content\\\/uploads\\\/twoj-lekarz-logo2-e1448917738554.jpg?fit=200%2C71&ssl=1\",\"width\":200,\"height\":71,\"caption\":\"Przychodnia NZOZ \\\"Tw\u00f3j Lekarz\\\" sp. z o.o.\"},\"image\":{\"@id\":\"https:\\\/\\\/twojlekarz.net\\\/#\\\/schema\\\/logo\\\/image\\\/\"},\"sameAs\":[\"https:\\\/\\\/www.facebook.com\\\/NZOZTwojLekarz\\\/\"]},{\"@type\":\"Person\",\"@id\":\"https:\\\/\\\/twojlekarz.net\\\/#\\\/schema\\\/person\\\/4872e4157107aad4013c32ac52a4b9b4\",\"name\":\"NZOZ \\\"Tw\u00f3j Lekarz\\\"\",\"image\":{\"@type\":\"ImageObject\",\"inLanguage\":\"fr-FR\",\"@id\":\"https:\\\/\\\/secure.gravatar.com\\\/avatar\\\/9465837260f6ae13894c21dc64ea0fd37fae2ef5730310619b4823c3909befd4?s=96&d=mm&r=g\",\"url\":\"https:\\\/\\\/secure.gravatar.com\\\/avatar\\\/9465837260f6ae13894c21dc64ea0fd37fae2ef5730310619b4823c3909befd4?s=96&d=mm&r=g\",\"contentUrl\":\"https:\\\/\\\/secure.gravatar.com\\\/avatar\\\/9465837260f6ae13894c21dc64ea0fd37fae2ef5730310619b4823c3909befd4?s=96&d=mm&r=g\",\"caption\":\"NZOZ \\\"Tw\u00f3j Lekarz\\\"\"},\"url\":\"https:\\\/\\\/twojlekarz.net\\\/fr\\\/author\\\/twojlekarz\\\/\"}]}<\/script>\n<!-- \/ Yoast SEO plugin. -->","yoast_head_json":{"title":"Nous reprenons la campagne de vaccination apr\u00e8s des retards de livraison de la pr\u00e9paration - Przychodnia NZOZ &quot;Tw\u00f3j Lekarz&quot; sp. z o. o.","robots":{"index":"index","follow":"follow","max-snippet":"max-snippet:-1","max-image-preview":"max-image-preview:large","max-video-preview":"max-video-preview:-1"},"canonical":"https:\/\/twojlekarz.net\/fr\/wznawiamy-akcje-szczepien-po-opoznionych-dostawach-preparatu\/","og_locale":"fr_FR","og_type":"article","og_title":"Wznawiamy akcj\u0119 szczepie\u0144 po op\u00f3\u017anionych dostawach preparatu - Przychodnia NZOZ &quot;Tw\u00f3j Lekarz&quot; sp. z o.o.","og_description":"Op\u00f3\u017aniona dostawa szczepionek przeciw COVID-19 dociera w\u0142a\u015bnie do punkt\u00f3w szczepie\u0144 NZOZ Tw\u00f3j Lekarz! Oznacza to, \u017ce od \u015brody 3 lutego trwa\u0107 b\u0119dzie zaplanowana na ten tydzie\u0144 akcja szczepie\u0144. \u201ePacjenci, kt\u00f3rzy byli zarejestrowani na poniedzia\u0142ek i wtorek otrzymali ju\u017c informacje o nowym terminie\u201d \u2013 zapewnia Kamila Kosi\u0144ska Koordynatorka Zespo\u0142u Rejestracji NZOZ Tw\u00f3j Lekarz.","og_url":"https:\/\/twojlekarz.net\/fr\/wznawiamy-akcje-szczepien-po-opoznionych-dostawach-preparatu\/","og_site_name":"Przychodnia NZOZ &quot;Tw\u00f3j Lekarz&quot; sp. z o.o.","article_publisher":"https:\/\/www.facebook.com\/NZOZTwojLekarz\/","article_published_time":"2021-02-02T16:45:57+00:00","article_modified_time":"2021-12-23T18:23:21+00:00","og_image":[{"width":1498,"height":1000,"url":"https:\/\/twojlekarz.net\/wp-content\/uploads\/Tl_pierwszy-dzien-szczepien-6-1.jpg","type":"image\/jpeg"}],"author":"NZOZ \"Tw\u00f3j Lekarz\"","twitter_card":"summary_large_image","twitter_misc":{"\u00c9crit par":"NZOZ \"Tw\u00f3j Lekarz\"","Dur\u00e9e de lecture estim\u00e9e":"1 minute"},"schema":{"@context":"https:\/\/schema.org","@graph":[{"@type":"Article","@id":"https:\/\/twojlekarz.net\/wznawiamy-akcje-szczepien-po-opoznionych-dostawach-preparatu\/#article","isPartOf":{"@id":"https:\/\/twojlekarz.net\/wznawiamy-akcje-szczepien-po-opoznionych-dostawach-preparatu\/"},"author":{"name":"NZOZ \"Tw\u00f3j Lekarz\"","@id":"https:\/\/twojlekarz.net\/#\/schema\/person\/4872e4157107aad4013c32ac52a4b9b4"},"headline":"Wznawiamy akcj\u0119 szczepie\u0144 po op\u00f3\u017anionych dostawach preparatu","datePublished":"2021-02-02T16:45:57+00:00","dateModified":"2021-12-23T18:23:21+00:00","mainEntityOfPage":{"@id":"https:\/\/twojlekarz.net\/wznawiamy-akcje-szczepien-po-opoznionych-dostawach-preparatu\/"},"wordCount":129,"publisher":{"@id":"https:\/\/twojlekarz.net\/#organization"},"image":{"@id":"https:\/\/twojlekarz.net\/wznawiamy-akcje-szczepien-po-opoznionych-dostawach-preparatu\/#primaryimage"},"thumbnailUrl":"https:\/\/i0.wp.com\/twojlekarz.net\/wp-content\/uploads\/Tl_pierwszy-dzien-szczepien-6-1.jpg?fit=1498%2C1000&ssl=1","articleSection":["Aktualno\u015bci"],"inLanguage":"fr-FR"},{"@type":"WebPage","@id":"https:\/\/twojlekarz.net\/wznawiamy-akcje-szczepien-po-opoznionych-dostawach-preparatu\/","url":"https:\/\/twojlekarz.net\/wznawiamy-akcje-szczepien-po-opoznionych-dostawach-preparatu\/","name":"Nous reprenons la campagne de vaccination apr\u00e8s des retards de livraison de la pr\u00e9paration - Przychodnia NZOZ &quot;Tw\u00f3j Lekarz&quot; sp. z o. o.","isPartOf":{"@id":"https:\/\/twojlekarz.net\/#website"},"primaryImageOfPage":{"@id":"https:\/\/twojlekarz.net\/wznawiamy-akcje-szczepien-po-opoznionych-dostawach-preparatu\/#primaryimage"},"image":{"@id":"https:\/\/twojlekarz.net\/wznawiamy-akcje-szczepien-po-opoznionych-dostawach-preparatu\/#primaryimage"},"thumbnailUrl":"https:\/\/i0.wp.com\/twojlekarz.net\/wp-content\/uploads\/Tl_pierwszy-dzien-szczepien-6-1.jpg?fit=1498%2C1000&ssl=1","datePublished":"2021-02-02T16:45:57+00:00","dateModified":"2021-12-23T18:23:21+00:00","breadcrumb":{"@id":"https:\/\/twojlekarz.net\/wznawiamy-akcje-szczepien-po-opoznionych-dostawach-preparatu\/#breadcrumb"},"inLanguage":"fr-FR","potentialAction":[{"@type":"ReadAction","target":["https:\/\/twojlekarz.net\/wznawiamy-akcje-szczepien-po-opoznionych-dostawach-preparatu\/"]}]},{"@type":"ImageObject","inLanguage":"fr-FR","@id":"https:\/\/twojlekarz.net\/wznawiamy-akcje-szczepien-po-opoznionych-dostawach-preparatu\/#primaryimage","url":"https:\/\/i0.wp.com\/twojlekarz.net\/wp-content\/uploads\/Tl_pierwszy-dzien-szczepien-6-1.jpg?fit=1498%2C1000&ssl=1","contentUrl":"https:\/\/i0.wp.com\/twojlekarz.net\/wp-content\/uploads\/Tl_pierwszy-dzien-szczepien-6-1.jpg?fit=1498%2C1000&ssl=1","width":1498,"height":1000,"caption":"Tl_pierwszy dzien szczepien-6 (1)"},{"@type":"BreadcrumbList","@id":"https:\/\/twojlekarz.net\/wznawiamy-akcje-szczepien-po-opoznionych-dostawach-preparatu\/#breadcrumb","itemListElement":[{"@type":"ListItem","position":1,"name":"Strona g\u0142\u00f3wna","item":"https:\/\/twojlekarz.net\/"},{"@type":"ListItem","position":2,"name":"Wznawiamy akcj\u0119 szczepie\u0144 po op\u00f3\u017anionych dostawach preparatu"}]},{"@type":"WebSite","@id":"https:\/\/twojlekarz.net\/#website","url":"https:\/\/twojlekarz.net\/","name":"Clinique NZOZ &quot;Tw\u00f3j Doktor&quot; z o.","description":"","publisher":{"@id":"https:\/\/twojlekarz.net\/#organization"},"potentialAction":[{"@type":"SearchAction","target":{"@type":"EntryPoint","urlTemplate":"https:\/\/twojlekarz.net\/?s={search_term_string}"},"query-input":{"@type":"PropertyValueSpecification","valueRequired":true,"valueName":"search_term_string"}}],"inLanguage":"fr-FR"},{"@type":"Organization","@id":"https:\/\/twojlekarz.net\/#organization","name":"Clinique NZOZ &quot;Tw\u00f3j Doktor&quot; z o.","url":"https:\/\/twojlekarz.net\/","logo":{"@type":"ImageObject","inLanguage":"fr-FR","@id":"https:\/\/twojlekarz.net\/#\/schema\/logo\/image\/","url":"https:\/\/i0.wp.com\/twojlekarz.net\/wp-content\/uploads\/twoj-lekarz-logo2-e1448917738554.jpg?fit=200%2C71&ssl=1","contentUrl":"https:\/\/i0.wp.com\/twojlekarz.net\/wp-content\/uploads\/twoj-lekarz-logo2-e1448917738554.jpg?fit=200%2C71&ssl=1","width":200,"height":71,"caption":"Przychodnia NZOZ \"Tw\u00f3j Lekarz\" sp. z o.o."},"image":{"@id":"https:\/\/twojlekarz.net\/#\/schema\/logo\/image\/"},"sameAs":["https:\/\/www.facebook.com\/NZOZTwojLekarz\/"]},{"@type":"Person","@id":"https:\/\/twojlekarz.net\/#\/schema\/person\/4872e4157107aad4013c32ac52a4b9b4","name":"NZOZ &quot;Votre m\u00e9decin&quot;","image":{"@type":"ImageObject","inLanguage":"fr-FR","@id":"https:\/\/secure.gravatar.com\/avatar\/9465837260f6ae13894c21dc64ea0fd37fae2ef5730310619b4823c3909befd4?s=96&d=mm&r=g","url":"https:\/\/secure.gravatar.com\/avatar\/9465837260f6ae13894c21dc64ea0fd37fae2ef5730310619b4823c3909befd4?s=96&d=mm&r=g","contentUrl":"https:\/\/secure.gravatar.com\/avatar\/9465837260f6ae13894c21dc64ea0fd37fae2ef5730310619b4823c3909befd4?s=96&d=mm&r=g","caption":"NZOZ \"Tw\u00f3j Lekarz\""},"url":"https:\/\/twojlekarz.net\/fr\/author\/twojlekarz\/"}]}},"jetpack_featured_media_url":"https:\/\/i0.wp.com\/twojlekarz.net\/wp-content\/uploads\/Tl_pierwszy-dzien-szczepien-6-1.jpg?fit=1498%2C1000&ssl=1","jetpack_sharing_enabled":true,"_links":{"self":[{"href":"https:\/\/twojlekarz.net\/fr\/wp-json\/wp\/v2\/posts\/5880","targetHints":{"allow":["GET"]}}],"collection":[{"href":"https:\/\/twojlekarz.net\/fr\/wp-json\/wp\/v2\/posts"}],"about":[{"href":"https:\/\/twojlekarz.net\/fr\/wp-json\/wp\/v2\/types\/post"}],"author":[{"embeddable":true,"href":"https:\/\/twojlekarz.net\/fr\/wp-json\/wp\/v2\/users\/9"}],"replies":[{"embeddable":true,"href":"https:\/\/twojlekarz.net\/fr\/wp-json\/wp\/v2\/comments?post=5880"}],"version-history":[{"count":0,"href":"https:\/\/twojlekarz.net\/fr\/wp-json\/wp\/v2\/posts\/5880\/revisions"}],"wp:featuredmedia":[{"embeddable":true,"href":"https:\/\/twojlekarz.net\/fr\/wp-json\/wp\/v2\/media\/5878"}],"wp:attachment":[{"href":"https:\/\/twojlekarz.net\/fr\/wp-json\/wp\/v2\/media?parent=5880"}],"wp:term":[{"taxonomy":"category","embeddable":true,"href":"https:\/\/twojlekarz.net\/fr\/wp-json\/wp\/v2\/categories?post=5880"},{"taxonomy":"post_tag","embeddable":true,"href":"https:\/\/twojlekarz.net\/fr\/wp-json\/wp\/v2\/tags?post=5880"}],"curies":[{"name":"wp","href":"https:\/\/api.w.org\/{rel}","templated":true}]}}