{"id":11602,"date":"2026-04-29T04:41:00","date_gmt":"2026-04-29T03:41:00","guid":{"rendered":"https:\/\/twojlekarz.net\/?p=11602"},"modified":"2026-04-14T16:45:17","modified_gmt":"2026-04-14T15:45:17","slug":"29-04-2026-jak-sobie-radzic-z-infekcja-u-dziecka","status":"publish","type":"post","link":"https:\/\/twojlekarz.net\/ko\/29-04-2026-jak-sobie-radzic-z-infekcja-u-dziecka\/","title":{"rendered":"2026\ub144 4\uc6d4 29\uc77c | \uc544\uc774\uc758 \uac10\uc5fc\uc744 \uc5b4\ub5bb\uac8c \uce58\ub8cc\ud574\uc57c \ud560\uae4c\uc694?"},"content":{"rendered":"\n<p><strong>Podcast:<\/strong> CO NA TO TW\u00d3J LEKARZ<\/p>\n\n\n\n<p><strong>Odcinek:<\/strong> Jak sobie radzi\u0107 z infekcj\u0105 u dziecka?<\/p>\n\n\n\n<p><strong>Prowadz\u0105cy:<\/strong> Dariusz Litera<\/p>\n\n\n\n<p><strong>Go\u015b\u0107:<\/strong> dr n. med. Kamil Bar, specjalista pediatrii<\/p>\n\n\n\n<p><strong>Czas trwania:<\/strong> 19 minut<\/p>\n\n\n\n<p>Infekcje u dzieci s\u0105 bardzo cz\u0119stym powodem niepokoju rodzic\u00f3w i wizyt w gabinetach lekarskich. Objawy takie jak gor\u0105czka, kaszel, katar czy os\u0142abienie mog\u0105 mie\u0107 r\u00f3\u017cne przyczyny i przebieg, co cz\u0119sto utrudnia ich w\u0142a\u015bciw\u0105 ocen\u0119 w warunkach domowych.<\/p>\n\n\n\n<p>W tej rozmowie poruszane s\u0105 kluczowe kwestie zwi\u0105zane z rozpoznawaniem infekcji, interpretacj\u0105 objaw\u00f3w oraz zasadami post\u0119powania w przypadku choroby dziecka. Szczeg\u00f3ln\u0105 uwag\u0119 zwr\u00f3cono na praktyczne aspekty opieki nad dzieckiem oraz sytuacje wymagaj\u0105ce konsultacji lekarskiej.<\/p>\n\n\n\n<p><strong>Pe\u0142na transkrypcja podcastu<\/strong><\/p>\n\n\n\n<p><strong>[00:00:00] Wprowadzenie<\/strong><\/p>\n\n\n\n<p><strong>Dariusz Litera:<\/strong><\/p>\n\n\n\n<p>Zatkany nos, podwy\u017cszona temperatura, b\u00f3l gard\u0142a, a do tego brak apetytu i ci\u0105g\u0142e marudzenie. Taki scenariusz znaj\u0105 na pami\u0119\u0107 niemal wszyscy rodzice. Infekcja u dziecka zawsze budzi niepok\u00f3j. Jak j\u0105 rozpozna\u0107 i oceni\u0107? W jaki spos\u00f3b reagowa\u0107, by szybko si\u0119 z ni\u0105 upora\u0107?<\/p>\n\n\n\n<p>A dzisiaj Twoim lekarzem jest doktor nauk medycznych Kamil Bar. Witamy, panie doktorze. Jak rozpozna\u0107, czy to przezi\u0119bienie, grypa, czy mo\u017ce co\u015b powa\u017cniejszego? Rodzice bardzo cz\u0119sto chc\u0105 wiedzie\u0107, jakie s\u0105 kluczowe objawy r\u00f3\u017cnych infekcji, aby m\u00f3c odpowiednio zareagowa\u0107.<\/p>\n\n\n\n<p><strong>dr Kamil Bar:<\/strong><\/p>\n\n\n\n<p>Je\u017celi m\u00f3wimy o infekcjach dotycz\u0105cych uk\u0142adu oddechowego, to tak naprawd\u0119 nie ma jednego, \u015bci\u015ble okre\u015blonego objawu, kt\u00f3ry jednoznacznie wskazuje: to grypa, to przezi\u0119bienie, a to co\u015b innego. Pacjenci bardzo r\u00f3\u017cnie choruj\u0105 i nie ma jednego zestawu objaw\u00f3w ani bada\u0144 dla wszystkich.<\/p>\n\n\n\n<p>Mo\u017cemy przechodzi\u0107 t\u0119 sam\u0105 infekcj\u0119 w r\u00f3\u017cny spos\u00f3b. G\u0142\u00f3wnym wyr\u00f3\u017cnikiem przezi\u0119bienia, czyli infekcji wirusowej, np. wywo\u0142anej przez rhinowirusy, jest og\u00f3lny stan pacjenta i intensywno\u015b\u0107 objaw\u00f3w. Przy przezi\u0119bieniu pacjent zazwyczaj czuje si\u0119 stosunkowo dobrze \u2013 mo\u017ce by\u0107 lekko os\u0142abiony, ale funkcjonuje.<\/p>\n\n\n\n<p>Cz\u0119sto pojawia si\u0119 zatkany nos lub katar. Co wa\u017cne \u2013 katar nie zawsze jest widoczny na zewn\u0105trz, mo\u017ce sp\u0142ywa\u0107 po tylnej \u015bcianie gard\u0142a.<\/p>\n\n\n\n<p><strong>[00:01:35] Katar i kaszel \u2013 czy zawsze s\u0105 gro\u017ane?<\/strong><\/p>\n\n\n\n<p><strong>Dariusz Litera:<\/strong><\/p>\n\n\n\n<p>Wszystkie te wydzieliny powoduj\u0105 kaszel, dyskomfort i marudzenie u dziecka.<\/p>\n\n\n\n<p><strong>dr Kamil Bar:<\/strong><\/p>\n\n\n\n<p>To r\u00f3wnie\u017c jest cz\u0119sty pow\u00f3d niepokoju rodzic\u00f3w. Je\u015bli nie widzimy kataru z przodu, a s\u0142yszymy go \u201ez ty\u0142u\u201d, budzi to l\u0119k. Szczeg\u00f3lnie kaszel, kt\u00f3ry nasila si\u0119 w nocy i przed snem \u2013 cz\u0119sto jest odrywaj\u0105cy.<\/p>\n\n\n\n<p>Rano dziecko mo\u017ce kaszle\u0107 bardzo intensywnie, co bywa niepokoj\u0105ce. Jednak nawet bardzo nasilony kaszel nie musi oznacza\u0107 powa\u017cnej choroby. Kluczowe jest zawsze odniesienie do stanu og\u00f3lnego dziecka.<\/p>\n\n\n\n<p>Natomiast niepok\u00f3j powinny wzbudzi\u0107 infekcje przebiegaj\u0105ce z gor\u0105czk\u0105, szczeg\u00f3lnie je\u015bli utrzymuje si\u0119 ona d\u0142u\u017cej.<\/p>\n\n\n\n<p><strong>[00:02:35] Gor\u0105czka u dziecka \u2013 kiedy zaczyna si\u0119 problem?<\/strong><\/p>\n\n\n\n<p><strong>Dariusz Litera:<\/strong><\/p>\n\n\n\n<p>Od jakiego momentu m\u00f3wimy o gor\u0105czce? Rodzice cz\u0119sto widz\u0105 37,9 i ju\u017c si\u0119 martwi\u0105.<\/p>\n\n\n\n<p><strong>dr Kamil Bar:<\/strong><\/p>\n\n\n\n<p>To warto\u015b\u0107 graniczna. Wymaga oceny, czy to jeszcze stan podgor\u0105czkowy, czy ju\u017c gor\u0105czka.<\/p>\n\n\n\n<p>Wed\u0142ug wi\u0119kszo\u015bci zalece\u0144 gor\u0105czka to temperatura powy\u017cej 38\u00b0C. Trzeba jednak pami\u0119ta\u0107 o metodzie pomiaru.<\/p>\n\n\n\n<p>U dzieci do 3. roku \u017cycia najdok\u0142adniejszy jest pomiar w odbycie, poniewa\u017c najlepiej odzwierciedla temperatur\u0119 wewn\u0119trzn\u0105. U starszych dzieci \u2013 pomiar w jamie ustnej.<\/p>\n\n\n\n<p>Obecnie cz\u0119sto u\u017cywa si\u0119 termometr\u00f3w na podczerwie\u0144, np. na czo\u0142o. W takich przypadkach nale\u017cy dok\u0142adnie zapozna\u0107 si\u0119 z instrukcj\u0105 producenta, poniewa\u017c spos\u00f3b pomiaru mo\u017ce si\u0119 r\u00f3\u017cni\u0107 i wp\u0142ywa\u0107 na wynik.<\/p>\n\n\n\n<p><strong>[00:04:15] Jak prawid\u0142owo mierzy\u0107 temperatur\u0119?<\/strong><\/p>\n\n\n\n<p><strong>Dariusz Litera:<\/strong><\/p>\n\n\n\n<p>Czyli urz\u0105dzenia s\u0105 skalibrowane w okre\u015blony spos\u00f3b?<\/p>\n\n\n\n<p><strong>dr Kamil Bar:<\/strong><\/p>\n\n\n\n<p>Tak. W zale\u017cno\u015bci od modelu pomiar mo\u017ce by\u0107 wykonywany w r\u00f3\u017cny spos\u00f3b \u2013 np. w okre\u015blonej odleg\u0142o\u015bci od czo\u0142a lub przesuwaj\u0105c urz\u0105dzenie w kierunku skroni.<\/p>\n\n\n\n<p>Najmniej b\u0142\u0119d\u00f3w daj\u0105 pomiary w odbycie i jamie ustnej. Metody peryferyjne, jak pomiar z czo\u0142a czy pachy, s\u0105 bardziej podatne na b\u0142\u0119dy.<\/p>\n\n\n\n<p>W przypadku warto\u015bci granicznych mo\u017cna po prostu poczeka\u0107 i obserwowa\u0107. Wyj\u0105tkiem s\u0105 dzieci z histori\u0105 drgawek gor\u0105czkowych \u2013 wtedy reagujemy szybciej.<\/p>\n\n\n\n<p>Temperatura powy\u017cej 38\u00b0C, a nawet lekko powy\u017cej 39\u00b0C, jest naturalnym mechanizmem obronnym organizmu.<\/p>\n\n\n\n<p><strong>[00:05:40] Kiedy podawa\u0107 leki przeciwgor\u0105czkowe?<\/strong><\/p>\n\n\n\n<p><strong>Dariusz Litera:<\/strong><\/p>\n\n\n\n<p>Gor\u0105czka powoduje du\u017cy dyskomfort.<\/p>\n\n\n\n<p><strong>dr Kamil Bar:<\/strong><\/p>\n\n\n\n<p>Tak, dlatego cz\u0119sto leczymy j\u0105 ze wzgl\u0119du na samopoczucie.<\/p>\n\n\n\n<p>S\u0105 osoby, kt\u00f3re bardzo \u017ale znosz\u0105 nawet niewielki wzrost temperatury, ale s\u0105 te\u017c takie, kt\u00f3re funkcjonuj\u0105 dobrze przy wy\u017cszych warto\u015bciach.<\/p>\n\n\n\n<p>Je\u017celi czujemy si\u0119 \u017ale, mo\u017cemy zastosowa\u0107 leki przeciwgor\u0105czkowe. Je\u015bli samopoczucie jest dobre \u2013 mo\u017cna poczeka\u0107 i obserwowa\u0107.<\/p>\n\n\n\n<p><strong>[00:06:20] Jak prawid\u0142owo pomaga\u0107 dziecku?<\/strong><\/p>\n\n\n\n<p><strong>Dariusz Litera:<\/strong><\/p>\n\n\n\n<p>Jak reagowa\u0107 w domu?<\/p>\n\n\n\n<p><strong>dr Kamil Bar:<\/strong><\/p>\n\n\n\n<p>Stosujemy dost\u0119pne bez recepty leki przeciwgor\u0105czkowe, ale kluczowe jest dobranie w\u0142a\u015bciwej dawki do masy cia\u0142a dziecka.<\/p>\n\n\n\n<p>Ulotki zawieraj\u0105 warto\u015bci u\u015brednione, dlatego znajomo\u015b\u0107 rzeczywistej masy cia\u0142a jest bardzo wa\u017cna.<\/p>\n\n\n\n<p>Przy wysokiej gor\u0105czce stosujemy dawki z g\u00f3rnego zakresu. Je\u015bli efekt jest s\u0142aby, mo\u017ce to \u015bwiadczy\u0107 o ci\u0119\u017cszym przebiegu choroby lub nadka\u017ceniu bakteryjnym.<\/p>\n\n\n\n<p><strong>[00:07:50] Kiedy dzia\u0142a lek przeciwgor\u0105czkowy?<\/strong><\/p>\n\n\n\n<p><strong>Dariusz Litera:<\/strong><\/p>\n\n\n\n<p>Jak d\u0142ugo czeka\u0107 na efekt?<\/p>\n\n\n\n<p><strong>dr Kamil Bar:<\/strong><\/p>\n\n\n\n<p>Pierwsze dzia\u0142anie mo\u017ce pojawi\u0107 si\u0119 po oko\u0142o 15 minutach, a pe\u0142ny efekt do dw\u00f3ch godzin.<\/p>\n\n\n\n<p>Temperatura zwykle spada o 1\u20131,5\u00b0C. Nie zawsze wraca do normy.<\/p>\n\n\n\n<p>Mo\u017cna stosowa\u0107 metody dodatkowe, jak ch\u0142odne ok\u0142ady czy letnia k\u0105piel, ale nie zast\u0119puj\u0105 one leczenia farmakologicznego.<\/p>\n\n\n\n<p><strong>[00:08:45] Inne objawy infekcji \u2013 jak je \u0142agodzi\u0107?<\/strong><\/p>\n\n\n\n<p><strong>Dariusz Litera:<\/strong><\/p>\n\n\n\n<p>A co z b\u00f3lem gard\u0142a, mi\u0119\u015bni?<\/p>\n\n\n\n<p><strong>dr Kamil Bar:<\/strong><\/p>\n\n\n\n<p>Leki przeciwgor\u0105czkowe dzia\u0142aj\u0105 r\u00f3wnie\u017c przeciwb\u00f3lowo.<\/p>\n\n\n\n<p>Wi\u0119kszo\u015b\u0107 infekcji ma pod\u0142o\u017ce wirusowe i leczymy je objawowo. Leczenie nie skraca znacz\u0105co czasu choroby, a poprawia komfort.<\/p>\n\n\n\n<p>Antybiotyki stosujemy wy\u0142\u0105cznie w infekcjach bakteryjnych.<\/p>\n\n\n\n<p><strong>[00:10:10] Czy \u201eleczy czas\u201d?<\/strong><\/p>\n\n\n\n<p><strong>Dariusz Litera:<\/strong><\/p>\n\n\n\n<p>Czyli odpoczynek i nawadnianie?<\/p>\n\n\n\n<p><strong>dr Kamil Bar:<\/strong><\/p>\n\n\n\n<p>Najbardziej leczy czas. Leczenie objawowe poprawia komfort.<\/p>\n\n\n\n<p>Dob\u00f3r preparat\u00f3w zale\u017cy od objaw\u00f3w. W razie w\u0105tpliwo\u015bci warto skonsultowa\u0107 si\u0119 z lekarzem.<\/p>\n\n\n\n<p><strong>[00:11:00] Kiedy i\u015b\u0107 do lekarza?<\/strong><\/p>\n\n\n\n<p><strong>Dariusz Litera:<\/strong><\/p>\n\n\n\n<p>Co powinno nas zaniepokoi\u0107?<\/p>\n\n\n\n<p><strong>dr Kamil Bar:<\/strong><\/p>\n\n\n\n<p>Typowa infekcja trwa 7\u201314 dni.<\/p>\n\n\n\n<p>Niepokoj\u0105ce jest pogorszenie po kilku dniach lub pojawienie si\u0119 gor\u0105czki w p\u00f3\u017aniejszym etapie.<\/p>\n\n\n\n<p>Gor\u0105czka powy\u017cej 3 dni wymaga kontroli. U niemowl\u0105t \u2013 ka\u017cda gor\u0105czka wymaga konsultacji.<\/p>\n\n\n\n<p><strong>[00:12:35] Objawy alarmowe u dziecka<\/strong><\/p>\n\n\n\n<p><strong>dr Kamil Bar:<\/strong><\/p>\n\n\n\n<p>Niepokoj\u0105ce s\u0105: zmiana zachowania, brak picia, znaczne os\u0142abienie.<\/p>\n\n\n\n<p>Odwodnienie to objaw alarmowy.<\/p>\n\n\n\n<p>Nasilone wymioty lub brak mo\u017cliwo\u015bci przyjmowania p\u0142yn\u00f3w wymagaj\u0105 pilnej konsultacji.<\/p>\n\n\n\n<p><strong>[00:13:55] Powr\u00f3t do przedszkola \u2013 kiedy?<\/strong><\/p>\n\n\n\n<p><strong>Dariusz Litera:<\/strong><\/p>\n\n\n\n<p>Czy potrzebna jest kontrola po infekcji?<\/p>\n\n\n\n<p><strong>dr Kamil Bar:<\/strong><\/p>\n\n\n\n<p>Zazwyczaj nie.<\/p>\n\n\n\n<p>Je\u015bli dziecko czuje si\u0119 dobrze i objawy ust\u0105pi\u0142y \u2013 mo\u017ce wr\u00f3ci\u0107 do aktywno\u015bci.<\/p>\n\n\n\n<p>Kaszel mo\u017ce utrzymywa\u0107 si\u0119 jeszcze przez kilka tygodni.<\/p>\n\n\n\n<p><strong>[00:16:15] Cz\u0119ste infekcje \u2013 czy to problem z odporno\u015bci\u0105?<\/strong><\/p>\n\n\n\n<p>Dariusz Litera:<\/p>\n\n\n\n<p>Czy cz\u0119ste choroby oznaczaj\u0105 s\u0142ab\u0105 odporno\u015b\u0107?<\/p>\n\n\n\n<p><strong>dr Kamil Bar:<\/strong><\/p>\n\n\n\n<p>Nie. To naturalne w wieku przedszkolnym.<\/p>\n\n\n\n<p>Dzieci mog\u0105 chorowa\u0107 nawet kilkana\u015bcie razy w roku.<\/p>\n\n\n\n<p>Niepok\u00f3j powinny budzi\u0107 ci\u0119\u017ckie, nawracaj\u0105ce infekcje bakteryjne.<\/p>\n\n\n\n<p><strong>[00:18:20] Zako\u0144czenie<\/strong><\/p>\n\n\n\n<p><strong>Dariusz Litera:<\/strong><\/p>\n\n\n\n<p>Powiedzia\u0142 w podca\u015bcie \u201eCo na to Tw\u00f3j Lekarz\u201d doktor nauk medycznych Kamil Bar. Dzi\u0119kuj\u0119 bardzo za rozmow\u0119.<\/p>\n\n\n\n<p><strong>Najwa\u017cniejsze wnioski dla pacjent\u00f3w<\/strong><\/p>\n\n\n\n<ul class=\"wp-block-list\">\n<li>Nie ma jednego objawu, kt\u00f3ry pozwala jednoznacznie odr\u00f3\u017cni\u0107 rodzaj infekcji.<\/li>\n\n\n\n<li>Gor\u0105czka zaczyna si\u0119 powy\u017cej 38\u00b0C, ale wa\u017cna jest metoda pomiaru.<\/li>\n\n\n\n<li>Leczenie gor\u0105czki s\u0142u\u017cy g\u0142\u00f3wnie poprawie samopoczucia.<\/li>\n\n\n\n<li>Wi\u0119kszo\u015b\u0107 infekcji u dzieci jest wirusowa i leczona objawowo.<\/li>\n\n\n\n<li>Gor\u0105czka powy\u017cej 3 dni wymaga konsultacji lekarskiej.<\/li>\n\n\n\n<li>U najm\u0142odszych dzieci ka\u017cda gor\u0105czka powinna by\u0107 oceniona przez lekarza.<\/li>\n\n\n\n<li>Objawy odwodnienia i zmiana zachowania dziecka wymagaj\u0105 pilnej reakcji.<\/li>\n\n\n\n<li>Cz\u0119ste infekcje w wieku przedszkolnym s\u0105 fizjologiczne.<\/li>\n<\/ul>\n\n\n\n<p><strong>Informacja o uczestnikach:<\/strong><\/p>\n\n\n\n<p><strong>Go\u015b\u0107: dr n. med. Kamil Bar<\/strong>, lekarz, doktor nauk medycznych, specjalista pediatrii w trakcie specjalizacji z alergologii, zajmuj\u0105cy si\u0119 diagnostyk\u0105 i leczeniem chor\u00f3b alergicznych u dzieci i doros\u0142ych.<\/p>\n\n\n\n<p><strong>Prowadz\u0105cy: Dariusz Litera<\/strong>, redaktor medyczny, specjalista komunikacji zdrowotnej i tw\u00f3rca podcastu CO NA TO TW\u00d3J LEKARZ. Od lat zajmuje si\u0119 edukacj\u0105 pacjent\u00f3w prowadz\u0105c rozmowy ze specjalistami r\u00f3\u017cnych dziedzin medycyny.<\/p>\n\n\n\n<p><strong>UWAGA!<\/strong><\/p>\n\n\n\n<p>Materia\u0142 ma charakter edukacyjny. Nie zast\u0119puje konsultacji lekarskiej. Je\u017celi masz niepokoj\u0105ce objawy zg\u0142o\u015b si\u0119 do lekarza.<\/p>\n","protected":false},"excerpt":{"rendered":"<p>\uc774 \ub17c\uc758\uc5d0\uc11c\ub294 \uac10\uc5fc\uc744 \uc778\uc9c0\ud558\uace0, \uc99d\uc0c1\uc744 \ud574\uc11d\ud558\uba70, \uc544\uc774\uc758 \uc9c8\ubcd1\uc744 \uad00\ub9ac\ud558\ub294 \ubc29\ubc95\uacfc \uad00\ub828\ub41c \uc8fc\uc694 \ubb38\uc81c\ub4e4\uc744 \ub2e4\ub8f9\ub2c8\ub2e4. \ud2b9\ud788, \uc721\uc544\uc758 \uc2e4\uc9c8\uc801\uc778 \uce21\uba74\uacfc \uc758\ub8cc \uc0c1\ub2f4\uc774 \ud544\uc694\ud55c \uc0c1\ud669\uc5d0 \uc911\uc810\uc744 \ub461\ub2c8\ub2e4.<\/p>","protected":false},"author":9,"featured_media":11326,"comment_status":"closed","ping_status":"closed","sticky":false,"template":"","format":"standard","meta":{"_jetpack_memberships_contains_paid_content":false,"footnotes":"","_wp_rev_ctl_limit":""},"categories":[524],"tags":[641,642,639,638,640,542,637],"class_list":["post-11602","post","type-post","status-publish","format-standard","has-post-thumbnail","hentry","category-transkrypty-podcastow","tag-goraczkadziiecka","tag-infekcjadziecka","tag-objawyinfekcji","tag-pediatra-promocjazdrowia","tag-przeziebieniedziecka","tag-twojlekarz","tag-zdrowiedziecka"],"yoast_head":"<!-- This site is optimized with the Yoast SEO plugin v27.3 - https:\/\/yoast.com\/product\/yoast-seo-wordpress\/ -->\n<title>29.04.2026 | Jak sobie radzi\u0107 z infekcj\u0105 u dziecka? - Przychodnia NZOZ &quot;Tw\u00f3j Lekarz&quot; sp. z o.o.<\/title>\n<meta name=\"robots\" content=\"index, follow, max-snippet:-1, max-image-preview:large, max-video-preview:-1\" \/>\n<link rel=\"canonical\" href=\"https:\/\/twojlekarz.net\/ko\/29-04-2026-jak-sobie-radzic-z-infekcja-u-dziecka\/\" \/>\n<meta property=\"og:locale\" content=\"ko_KR\" \/>\n<meta property=\"og:type\" content=\"article\" \/>\n<meta property=\"og:title\" content=\"29.04.2026 | Jak sobie radzi\u0107 z infekcj\u0105 u dziecka? - Przychodnia NZOZ &quot;Tw\u00f3j Lekarz&quot; sp. z o.o.\" \/>\n<meta property=\"og:description\" content=\"W tej rozmowie poruszane s\u0105 kluczowe kwestie zwi\u0105zane z rozpoznawaniem infekcji, interpretacj\u0105 objaw\u00f3w oraz zasadami post\u0119powania w przypadku choroby dziecka. Szczeg\u00f3ln\u0105 uwag\u0119 zwr\u00f3cono na praktyczne aspekty opieki nad dzieckiem oraz sytuacje wymagaj\u0105ce konsultacji lekarskiej.\" \/>\n<meta property=\"og:url\" content=\"https:\/\/twojlekarz.net\/ko\/29-04-2026-jak-sobie-radzic-z-infekcja-u-dziecka\/\" \/>\n<meta property=\"og:site_name\" content=\"Przychodnia NZOZ &quot;Tw\u00f3j Lekarz&quot; sp. z o.o.\" \/>\n<meta property=\"article:publisher\" content=\"https:\/\/www.facebook.com\/NZOZTwojLekarz\/\" \/>\n<meta property=\"article:published_time\" content=\"2026-04-29T03:41:00+00:00\" \/>\n<meta property=\"og:image\" content=\"https:\/\/i0.wp.com\/twojlekarz.net\/wp-content\/uploads\/sasun-bughdaryan-VCDY9pS7B20-unsplash-scaled.jpg?fit=2560%2C1707&ssl=1\" \/>\n\t<meta property=\"og:image:width\" content=\"2560\" \/>\n\t<meta property=\"og:image:height\" content=\"1707\" \/>\n\t<meta property=\"og:image:type\" content=\"image\/jpeg\" \/>\n<meta name=\"author\" content=\"NZOZ &quot;Tw\u00f3j Lekarz&quot;\" \/>\n<meta name=\"twitter:card\" content=\"summary_large_image\" \/>\n<meta name=\"twitter:label1\" content=\"\uae00\uc4f4\uc774\" \/>\n\t<meta name=\"twitter:data1\" content=\"NZOZ &quot;Tw\u00f3j Lekarz&quot;\" \/>\n\t<meta name=\"twitter:label2\" content=\"\uc608\uc0c1 \ub418\ub294 \ud310\ub3c5 \uc2dc\uac04\" \/>\n\t<meta name=\"twitter:data2\" content=\"8\ubd84\" \/>\n<script type=\"application\/ld+json\" class=\"yoast-schema-graph\">{\"@context\":\"https:\\\/\\\/schema.org\",\"@graph\":[{\"@type\":\"Article\",\"@id\":\"https:\\\/\\\/twojlekarz.net\\\/29-04-2026-jak-sobie-radzic-z-infekcja-u-dziecka\\\/#article\",\"isPartOf\":{\"@id\":\"https:\\\/\\\/twojlekarz.net\\\/29-04-2026-jak-sobie-radzic-z-infekcja-u-dziecka\\\/\"},\"author\":{\"name\":\"NZOZ \\\"Tw\u00f3j Lekarz\\\"\",\"@id\":\"https:\\\/\\\/twojlekarz.net\\\/#\\\/schema\\\/person\\\/4872e4157107aad4013c32ac52a4b9b4\"},\"headline\":\"29.04.2026 | Jak sobie radzi\u0107 z infekcj\u0105 u dziecka?\",\"datePublished\":\"2026-04-29T03:41:00+00:00\",\"mainEntityOfPage\":{\"@id\":\"https:\\\/\\\/twojlekarz.net\\\/29-04-2026-jak-sobie-radzic-z-infekcja-u-dziecka\\\/\"},\"wordCount\":1419,\"publisher\":{\"@id\":\"https:\\\/\\\/twojlekarz.net\\\/#organization\"},\"image\":{\"@id\":\"https:\\\/\\\/twojlekarz.net\\\/29-04-2026-jak-sobie-radzic-z-infekcja-u-dziecka\\\/#primaryimage\"},\"thumbnailUrl\":\"https:\\\/\\\/i0.wp.com\\\/twojlekarz.net\\\/wp-content\\\/uploads\\\/sasun-bughdaryan-VCDY9pS7B20-unsplash-scaled.jpg?fit=2560%2C1707&ssl=1\",\"keywords\":[\"#gor\u0105czkadziiecka\",\"#infekcjadziecka\",\"#objawyinfekcji\",\"#pediatra #promocjazdrowia\",\"#przezi\u0119bieniedziecka\",\"#Tw\u00f3jLekarz\",\"#zdrowiedziecka\"],\"articleSection\":[\"Transkrypty podcast\u00f3w\"],\"inLanguage\":\"ko-KR\"},{\"@type\":\"WebPage\",\"@id\":\"https:\\\/\\\/twojlekarz.net\\\/29-04-2026-jak-sobie-radzic-z-infekcja-u-dziecka\\\/\",\"url\":\"https:\\\/\\\/twojlekarz.net\\\/29-04-2026-jak-sobie-radzic-z-infekcja-u-dziecka\\\/\",\"name\":\"29.04.2026 | Jak sobie radzi\u0107 z infekcj\u0105 u dziecka? - Przychodnia NZOZ &quot;Tw\u00f3j Lekarz&quot; sp. z o.o.\",\"isPartOf\":{\"@id\":\"https:\\\/\\\/twojlekarz.net\\\/#website\"},\"primaryImageOfPage\":{\"@id\":\"https:\\\/\\\/twojlekarz.net\\\/29-04-2026-jak-sobie-radzic-z-infekcja-u-dziecka\\\/#primaryimage\"},\"image\":{\"@id\":\"https:\\\/\\\/twojlekarz.net\\\/29-04-2026-jak-sobie-radzic-z-infekcja-u-dziecka\\\/#primaryimage\"},\"thumbnailUrl\":\"https:\\\/\\\/i0.wp.com\\\/twojlekarz.net\\\/wp-content\\\/uploads\\\/sasun-bughdaryan-VCDY9pS7B20-unsplash-scaled.jpg?fit=2560%2C1707&ssl=1\",\"datePublished\":\"2026-04-29T03:41:00+00:00\",\"breadcrumb\":{\"@id\":\"https:\\\/\\\/twojlekarz.net\\\/29-04-2026-jak-sobie-radzic-z-infekcja-u-dziecka\\\/#breadcrumb\"},\"inLanguage\":\"ko-KR\",\"potentialAction\":[{\"@type\":\"ReadAction\",\"target\":[\"https:\\\/\\\/twojlekarz.net\\\/29-04-2026-jak-sobie-radzic-z-infekcja-u-dziecka\\\/\"]}]},{\"@type\":\"ImageObject\",\"inLanguage\":\"ko-KR\",\"@id\":\"https:\\\/\\\/twojlekarz.net\\\/29-04-2026-jak-sobie-radzic-z-infekcja-u-dziecka\\\/#primaryimage\",\"url\":\"https:\\\/\\\/i0.wp.com\\\/twojlekarz.net\\\/wp-content\\\/uploads\\\/sasun-bughdaryan-VCDY9pS7B20-unsplash-scaled.jpg?fit=2560%2C1707&ssl=1\",\"contentUrl\":\"https:\\\/\\\/i0.wp.com\\\/twojlekarz.net\\\/wp-content\\\/uploads\\\/sasun-bughdaryan-VCDY9pS7B20-unsplash-scaled.jpg?fit=2560%2C1707&ssl=1\",\"width\":2560,\"height\":1707,\"caption\":\"podcast\"},{\"@type\":\"BreadcrumbList\",\"@id\":\"https:\\\/\\\/twojlekarz.net\\\/29-04-2026-jak-sobie-radzic-z-infekcja-u-dziecka\\\/#breadcrumb\",\"itemListElement\":[{\"@type\":\"ListItem\",\"position\":1,\"name\":\"Strona g\u0142\u00f3wna\",\"item\":\"https:\\\/\\\/twojlekarz.net\\\/\"},{\"@type\":\"ListItem\",\"position\":2,\"name\":\"29.04.2026 | Jak sobie radzi\u0107 z infekcj\u0105 u dziecka?\"}]},{\"@type\":\"WebSite\",\"@id\":\"https:\\\/\\\/twojlekarz.net\\\/#website\",\"url\":\"https:\\\/\\\/twojlekarz.net\\\/\",\"name\":\"Przychodnia NZOZ \\\"Tw\u00f3j Lekarz\\\" sp. z o.o.\",\"description\":\"\",\"publisher\":{\"@id\":\"https:\\\/\\\/twojlekarz.net\\\/#organization\"},\"potentialAction\":[{\"@type\":\"SearchAction\",\"target\":{\"@type\":\"EntryPoint\",\"urlTemplate\":\"https:\\\/\\\/twojlekarz.net\\\/?s={search_term_string}\"},\"query-input\":{\"@type\":\"PropertyValueSpecification\",\"valueRequired\":true,\"valueName\":\"search_term_string\"}}],\"inLanguage\":\"ko-KR\"},{\"@type\":\"Organization\",\"@id\":\"https:\\\/\\\/twojlekarz.net\\\/#organization\",\"name\":\"Przychodnia NZOZ \\\"Tw\u00f3j Lekarz\\\" sp. z o.o.\",\"url\":\"https:\\\/\\\/twojlekarz.net\\\/\",\"logo\":{\"@type\":\"ImageObject\",\"inLanguage\":\"ko-KR\",\"@id\":\"https:\\\/\\\/twojlekarz.net\\\/#\\\/schema\\\/logo\\\/image\\\/\",\"url\":\"https:\\\/\\\/i0.wp.com\\\/twojlekarz.net\\\/wp-content\\\/uploads\\\/twoj-lekarz-logo2-e1448917738554.jpg?fit=200%2C71&ssl=1\",\"contentUrl\":\"https:\\\/\\\/i0.wp.com\\\/twojlekarz.net\\\/wp-content\\\/uploads\\\/twoj-lekarz-logo2-e1448917738554.jpg?fit=200%2C71&ssl=1\",\"width\":200,\"height\":71,\"caption\":\"Przychodnia NZOZ \\\"Tw\u00f3j Lekarz\\\" sp. z o.o.\"},\"image\":{\"@id\":\"https:\\\/\\\/twojlekarz.net\\\/#\\\/schema\\\/logo\\\/image\\\/\"},\"sameAs\":[\"https:\\\/\\\/www.facebook.com\\\/NZOZTwojLekarz\\\/\"]},{\"@type\":\"Person\",\"@id\":\"https:\\\/\\\/twojlekarz.net\\\/#\\\/schema\\\/person\\\/4872e4157107aad4013c32ac52a4b9b4\",\"name\":\"NZOZ \\\"Tw\u00f3j Lekarz\\\"\",\"image\":{\"@type\":\"ImageObject\",\"inLanguage\":\"ko-KR\",\"@id\":\"https:\\\/\\\/secure.gravatar.com\\\/avatar\\\/9465837260f6ae13894c21dc64ea0fd37fae2ef5730310619b4823c3909befd4?s=96&d=mm&r=g\",\"url\":\"https:\\\/\\\/secure.gravatar.com\\\/avatar\\\/9465837260f6ae13894c21dc64ea0fd37fae2ef5730310619b4823c3909befd4?s=96&d=mm&r=g\",\"contentUrl\":\"https:\\\/\\\/secure.gravatar.com\\\/avatar\\\/9465837260f6ae13894c21dc64ea0fd37fae2ef5730310619b4823c3909befd4?s=96&d=mm&r=g\",\"caption\":\"NZOZ \\\"Tw\u00f3j Lekarz\\\"\"},\"url\":\"https:\\\/\\\/twojlekarz.net\\\/ko\\\/author\\\/twojlekarz\\\/\"}]}<\/script>\n<!-- \/ Yoast SEO plugin. -->","yoast_head_json":{"title":"29.04.2026 | Jak sobie radzi\u0107 z infekcj\u0105 u dziecka? - Przychodnia NZOZ &quot;Tw\u00f3j Lekarz&quot; sp. z o.o.","robots":{"index":"index","follow":"follow","max-snippet":"max-snippet:-1","max-image-preview":"max-image-preview:large","max-video-preview":"max-video-preview:-1"},"canonical":"https:\/\/twojlekarz.net\/ko\/29-04-2026-jak-sobie-radzic-z-infekcja-u-dziecka\/","og_locale":"ko_KR","og_type":"article","og_title":"29.04.2026 | Jak sobie radzi\u0107 z infekcj\u0105 u dziecka? - Przychodnia NZOZ &quot;Tw\u00f3j Lekarz&quot; sp. z o.o.","og_description":"W tej rozmowie poruszane s\u0105 kluczowe kwestie zwi\u0105zane z rozpoznawaniem infekcji, interpretacj\u0105 objaw\u00f3w oraz zasadami post\u0119powania w przypadku choroby dziecka. Szczeg\u00f3ln\u0105 uwag\u0119 zwr\u00f3cono na praktyczne aspekty opieki nad dzieckiem oraz sytuacje wymagaj\u0105ce konsultacji lekarskiej.","og_url":"https:\/\/twojlekarz.net\/ko\/29-04-2026-jak-sobie-radzic-z-infekcja-u-dziecka\/","og_site_name":"Przychodnia NZOZ &quot;Tw\u00f3j Lekarz&quot; sp. z o.o.","article_publisher":"https:\/\/www.facebook.com\/NZOZTwojLekarz\/","article_published_time":"2026-04-29T03:41:00+00:00","og_image":[{"width":2560,"height":1707,"url":"https:\/\/i0.wp.com\/twojlekarz.net\/wp-content\/uploads\/sasun-bughdaryan-VCDY9pS7B20-unsplash-scaled.jpg?fit=2560%2C1707&ssl=1","type":"image\/jpeg"}],"author":"NZOZ \"Tw\u00f3j Lekarz\"","twitter_card":"summary_large_image","twitter_misc":{"\uae00\uc4f4\uc774":"NZOZ \"Tw\u00f3j Lekarz\"","\uc608\uc0c1 \ub418\ub294 \ud310\ub3c5 \uc2dc\uac04":"8\ubd84"},"schema":{"@context":"https:\/\/schema.org","@graph":[{"@type":"Article","@id":"https:\/\/twojlekarz.net\/29-04-2026-jak-sobie-radzic-z-infekcja-u-dziecka\/#article","isPartOf":{"@id":"https:\/\/twojlekarz.net\/29-04-2026-jak-sobie-radzic-z-infekcja-u-dziecka\/"},"author":{"name":"NZOZ \"Tw\u00f3j Lekarz\"","@id":"https:\/\/twojlekarz.net\/#\/schema\/person\/4872e4157107aad4013c32ac52a4b9b4"},"headline":"29.04.2026 | Jak sobie radzi\u0107 z infekcj\u0105 u dziecka?","datePublished":"2026-04-29T03:41:00+00:00","mainEntityOfPage":{"@id":"https:\/\/twojlekarz.net\/29-04-2026-jak-sobie-radzic-z-infekcja-u-dziecka\/"},"wordCount":1419,"publisher":{"@id":"https:\/\/twojlekarz.net\/#organization"},"image":{"@id":"https:\/\/twojlekarz.net\/29-04-2026-jak-sobie-radzic-z-infekcja-u-dziecka\/#primaryimage"},"thumbnailUrl":"https:\/\/i0.wp.com\/twojlekarz.net\/wp-content\/uploads\/sasun-bughdaryan-VCDY9pS7B20-unsplash-scaled.jpg?fit=2560%2C1707&ssl=1","keywords":["#gor\u0105czkadziiecka","#infekcjadziecka","#objawyinfekcji","#pediatra #promocjazdrowia","#przezi\u0119bieniedziecka","#Tw\u00f3jLekarz","#zdrowiedziecka"],"articleSection":["Transkrypty podcast\u00f3w"],"inLanguage":"ko-KR"},{"@type":"WebPage","@id":"https:\/\/twojlekarz.net\/29-04-2026-jak-sobie-radzic-z-infekcja-u-dziecka\/","url":"https:\/\/twojlekarz.net\/29-04-2026-jak-sobie-radzic-z-infekcja-u-dziecka\/","name":"29.04.2026 | Jak sobie radzi\u0107 z infekcj\u0105 u dziecka? - Przychodnia NZOZ &quot;Tw\u00f3j Lekarz&quot; sp. z o.o.","isPartOf":{"@id":"https:\/\/twojlekarz.net\/#website"},"primaryImageOfPage":{"@id":"https:\/\/twojlekarz.net\/29-04-2026-jak-sobie-radzic-z-infekcja-u-dziecka\/#primaryimage"},"image":{"@id":"https:\/\/twojlekarz.net\/29-04-2026-jak-sobie-radzic-z-infekcja-u-dziecka\/#primaryimage"},"thumbnailUrl":"https:\/\/i0.wp.com\/twojlekarz.net\/wp-content\/uploads\/sasun-bughdaryan-VCDY9pS7B20-unsplash-scaled.jpg?fit=2560%2C1707&ssl=1","datePublished":"2026-04-29T03:41:00+00:00","breadcrumb":{"@id":"https:\/\/twojlekarz.net\/29-04-2026-jak-sobie-radzic-z-infekcja-u-dziecka\/#breadcrumb"},"inLanguage":"ko-KR","potentialAction":[{"@type":"ReadAction","target":["https:\/\/twojlekarz.net\/29-04-2026-jak-sobie-radzic-z-infekcja-u-dziecka\/"]}]},{"@type":"ImageObject","inLanguage":"ko-KR","@id":"https:\/\/twojlekarz.net\/29-04-2026-jak-sobie-radzic-z-infekcja-u-dziecka\/#primaryimage","url":"https:\/\/i0.wp.com\/twojlekarz.net\/wp-content\/uploads\/sasun-bughdaryan-VCDY9pS7B20-unsplash-scaled.jpg?fit=2560%2C1707&ssl=1","contentUrl":"https:\/\/i0.wp.com\/twojlekarz.net\/wp-content\/uploads\/sasun-bughdaryan-VCDY9pS7B20-unsplash-scaled.jpg?fit=2560%2C1707&ssl=1","width":2560,"height":1707,"caption":"podcast"},{"@type":"BreadcrumbList","@id":"https:\/\/twojlekarz.net\/29-04-2026-jak-sobie-radzic-z-infekcja-u-dziecka\/#breadcrumb","itemListElement":[{"@type":"ListItem","position":1,"name":"Strona g\u0142\u00f3wna","item":"https:\/\/twojlekarz.net\/"},{"@type":"ListItem","position":2,"name":"29.04.2026 | Jak sobie radzi\u0107 z infekcj\u0105 u dziecka?"}]},{"@type":"WebSite","@id":"https:\/\/twojlekarz.net\/#website","url":"https:\/\/twojlekarz.net\/","name":"NZOZ \ud074\ub9ac\ub2c9 &quot;Tw\u00f3j Doktor&quot; z o.","description":"","publisher":{"@id":"https:\/\/twojlekarz.net\/#organization"},"potentialAction":[{"@type":"SearchAction","target":{"@type":"EntryPoint","urlTemplate":"https:\/\/twojlekarz.net\/?s={search_term_string}"},"query-input":{"@type":"PropertyValueSpecification","valueRequired":true,"valueName":"search_term_string"}}],"inLanguage":"ko-KR"},{"@type":"Organization","@id":"https:\/\/twojlekarz.net\/#organization","name":"NZOZ \ud074\ub9ac\ub2c9 &quot;Tw\u00f3j Doktor&quot; z o.","url":"https:\/\/twojlekarz.net\/","logo":{"@type":"ImageObject","inLanguage":"ko-KR","@id":"https:\/\/twojlekarz.net\/#\/schema\/logo\/image\/","url":"https:\/\/i0.wp.com\/twojlekarz.net\/wp-content\/uploads\/twoj-lekarz-logo2-e1448917738554.jpg?fit=200%2C71&ssl=1","contentUrl":"https:\/\/i0.wp.com\/twojlekarz.net\/wp-content\/uploads\/twoj-lekarz-logo2-e1448917738554.jpg?fit=200%2C71&ssl=1","width":200,"height":71,"caption":"Przychodnia NZOZ \"Tw\u00f3j Lekarz\" sp. z o.o."},"image":{"@id":"https:\/\/twojlekarz.net\/#\/schema\/logo\/image\/"},"sameAs":["https:\/\/www.facebook.com\/NZOZTwojLekarz\/"]},{"@type":"Person","@id":"https:\/\/twojlekarz.net\/#\/schema\/person\/4872e4157107aad4013c32ac52a4b9b4","name":"NZOZ &quot;\ub2f9\uc2e0\uc758 \uc758\uc0ac&quot;","image":{"@type":"ImageObject","inLanguage":"ko-KR","@id":"https:\/\/secure.gravatar.com\/avatar\/9465837260f6ae13894c21dc64ea0fd37fae2ef5730310619b4823c3909befd4?s=96&d=mm&r=g","url":"https:\/\/secure.gravatar.com\/avatar\/9465837260f6ae13894c21dc64ea0fd37fae2ef5730310619b4823c3909befd4?s=96&d=mm&r=g","contentUrl":"https:\/\/secure.gravatar.com\/avatar\/9465837260f6ae13894c21dc64ea0fd37fae2ef5730310619b4823c3909befd4?s=96&d=mm&r=g","caption":"NZOZ \"Tw\u00f3j Lekarz\""},"url":"https:\/\/twojlekarz.net\/ko\/author\/twojlekarz\/"}]}},"jetpack_featured_media_url":"https:\/\/i0.wp.com\/twojlekarz.net\/wp-content\/uploads\/sasun-bughdaryan-VCDY9pS7B20-unsplash-scaled.jpg?fit=2560%2C1707&ssl=1","jetpack_sharing_enabled":true,"_links":{"self":[{"href":"https:\/\/twojlekarz.net\/ko\/wp-json\/wp\/v2\/posts\/11602","targetHints":{"allow":["GET"]}}],"collection":[{"href":"https:\/\/twojlekarz.net\/ko\/wp-json\/wp\/v2\/posts"}],"about":[{"href":"https:\/\/twojlekarz.net\/ko\/wp-json\/wp\/v2\/types\/post"}],"author":[{"embeddable":true,"href":"https:\/\/twojlekarz.net\/ko\/wp-json\/wp\/v2\/users\/9"}],"replies":[{"embeddable":true,"href":"https:\/\/twojlekarz.net\/ko\/wp-json\/wp\/v2\/comments?post=11602"}],"version-history":[{"count":1,"href":"https:\/\/twojlekarz.net\/ko\/wp-json\/wp\/v2\/posts\/11602\/revisions"}],"predecessor-version":[{"id":11604,"href":"https:\/\/twojlekarz.net\/ko\/wp-json\/wp\/v2\/posts\/11602\/revisions\/11604"}],"wp:featuredmedia":[{"embeddable":true,"href":"https:\/\/twojlekarz.net\/ko\/wp-json\/wp\/v2\/media\/11326"}],"wp:attachment":[{"href":"https:\/\/twojlekarz.net\/ko\/wp-json\/wp\/v2\/media?parent=11602"}],"wp:term":[{"taxonomy":"category","embeddable":true,"href":"https:\/\/twojlekarz.net\/ko\/wp-json\/wp\/v2\/categories?post=11602"},{"taxonomy":"post_tag","embeddable":true,"href":"https:\/\/twojlekarz.net\/ko\/wp-json\/wp\/v2\/tags?post=11602"}],"curies":[{"name":"\uc6cc\ub4dc\ud504\ub808\uc2a4","href":"https:\/\/api.w.org\/{rel}","templated":true}]}}