{"id":5871,"date":"2021-02-03T11:57:10","date_gmt":"2021-02-03T11:57:10","guid":{"rendered":"https:\/\/twojlekarz.net.pl\/?p=5871"},"modified":"2021-08-11T11:14:55","modified_gmt":"2021-08-11T11:14:55","slug":"wolne-terminy-do-poradni-specjalistycznych-z-refundacja-nfz","status":"publish","type":"post","link":"https:\/\/twojlekarz.net\/ko\/wolne-terminy-do-poradni-specjalistycznych-z-refundacja-nfz\/","title":{"rendered":"NFZ \ud658\ubd88\uc774 \uac00\ub2a5\ud55c \uc804\ubb38 \ubcd1\uc6d0\uc758 \ubb34\ub8cc \ub0a0\uc9dc"},"content":{"rendered":"<p>NZOZ Tw\u00f3j Lekarz \uc804\ubb38 \ud074\ub9ac\ub2c9\uc758 \uc11c\ube44\uc2a4\ub97c \uc774\uc6a9\ud558\ub824\uba74 \ub2f4\ub2f9 \uc758\uc0ac\uc758 \ucd94\ucc9c\uc11c\ub9cc \uc788\uc73c\uba74 \ub429\ub2c8\ub2e4. \uad6d\ubbfc\uac74\uac15\uae30\uae08\uacfc\uc758 \uacc4\uc57d\uc5d0 \ub530\ub77c \ud604\uc7ac \ubb34\ub8cc \uc9c4\ub8cc\ub97c \uc81c\uacf5\ud558\ub294 \ud074\ub9ac\ub2c9\uc740 \ub2e4\uc74c\uacfc \uac19\uc2b5\ub2c8\ub2e4.<\/p>\n\n\n\n<h2 class=\"wp-block-heading\"><strong>\uc678\uacfc \uc9c4\ub8cc\uc18c<\/strong><\/h2>\n\n\n\n<ul class=\"wp-block-list\"><li>\uc77c\ubc18\uc678\uacfc \uc0c1\ub2f4 <\/li><li>\ud53c\ubd80 \ubcd1\ubcc0\uc758 \ud3c9\uac00 \ubc0f \uc81c\uac70 <\/li><li>\uac11\uc0c1\uc120 \uc218\uc220 \uc0c1\ub2f4:<ul><li>\uac11\uc0c1\uc120 \ucd08\uc74c\ud30c<\/li><\/ul><ul><li>\uac11\uc0c1\uc120 \uc0dd\uac80<\/li><\/ul><\/li><li>\ud56d\ubb38 \uc9c8\ud658\uc5d0 \ub300\ud55c \uc0c1\ub2f4: <ul><li>\uc9c1\uc7a5\uacbd \uac80\uc0ac<\/li><\/ul><\/li><\/ul>\n\n\n\n<h2 class=\"wp-block-heading\"><strong>\ub958\ub9c8\ud2f0\uc2a4\ub0b4\uacfc \ud074\ub9ac\ub2c9<\/strong><\/h2>\n\n\n\n<ul class=\"wp-block-list\"><li>\uadfc\uace8\uaca9\uacc4\uc758 \ube44\uc678\uc0c1\uc131 \uc9c8\ud658\uc758 \uc9c4\ub2e8 \ubc0f \uce58\ub8cc:<ul><li>\uad00\uc808\uc758 \ud1f4\ud589\uc131 \ubcc0\ud654<\/li><li>\ud1b5\ud48d<\/li><li>\ub958\uba38\ud2f0\uc2a4\uc131 \uad00\uc808\uc5fc<\/li><li>\uac15\uc9c1\uc131 \ucc99\ucd94\uc5fc<\/li><\/ul><\/li><\/ul>\n\n\n\n<p><strong>\uc790\uc138\ud55c \uc815\ubcf4\ub97c \uc54c\uc544\ubcf4\uac70\ub098 \ubc29\ubb38 \ub4f1\ub85d\uc744 \uc6d0\ud558\uc2dc\uba74 71 311 12 36\uc73c\ub85c \uc804\ud654\ud574 \uc8fc\uc138\uc694.<\/strong><\/p>","protected":false},"excerpt":{"rendered":"<p>NZOZ Tw\u00f3j Lekarz \uc804\ubb38 \ud074\ub9ac\ub2c9\uc758 \uc11c\ube44\uc2a4\ub97c \uc774\uc6a9\ud558\ub824\uba74 \uc8fc\uce58\uc758\uc758 \ucd94\ucc9c\ub9cc \uc788\uc73c\uba74 \ub429\ub2c8\ub2e4. <\/p>","protected":false},"author":9,"featured_media":5872,"comment_status":"closed","ping_status":"closed","sticky":false,"template":"","format":"standard","meta":{"_jetpack_memberships_contains_paid_content":false,"footnotes":"","_wp_rev_ctl_limit":""},"categories":[90],"tags":[],"class_list":["post-5871","post","type-post","status-publish","format-standard","has-post-thumbnail","hentry","category-s1-aktualnoci"],"yoast_head":"<!-- This site is optimized with the Yoast SEO plugin v27.3 - https:\/\/yoast.com\/product\/yoast-seo-wordpress\/ -->\n<title>Wolne terminy do poradni specjalistycznych z refundacj\u0105 NFZ - Przychodnia NZOZ &quot;Tw\u00f3j Lekarz&quot; sp. z o.o.<\/title>\n<meta name=\"robots\" content=\"index, follow, max-snippet:-1, max-image-preview:large, max-video-preview:-1\" \/>\n<link rel=\"canonical\" href=\"https:\/\/twojlekarz.net\/ko\/wolne-terminy-do-poradni-specjalistycznych-z-refundacja-nfz\/\" \/>\n<meta property=\"og:locale\" content=\"ko_KR\" \/>\n<meta property=\"og:type\" content=\"article\" \/>\n<meta property=\"og:title\" content=\"Wolne terminy do poradni specjalistycznych z refundacj\u0105 NFZ - Przychodnia NZOZ &quot;Tw\u00f3j Lekarz&quot; sp. z o.o.\" \/>\n<meta property=\"og:description\" content=\"Wystarczy skierowanie od lekarza pierwszego kontaktu, by skorzysta\u0107 z us\u0142ug Poradni Specjalistycznych NZOZ Tw\u00f3j Lekarz.\" \/>\n<meta property=\"og:url\" content=\"https:\/\/twojlekarz.net\/ko\/wolne-terminy-do-poradni-specjalistycznych-z-refundacja-nfz\/\" \/>\n<meta property=\"og:site_name\" content=\"Przychodnia NZOZ &quot;Tw\u00f3j Lekarz&quot; sp. z o.o.\" \/>\n<meta property=\"article:publisher\" content=\"https:\/\/www.facebook.com\/NZOZTwojLekarz\/\" \/>\n<meta property=\"article:published_time\" content=\"2021-02-03T11:57:10+00:00\" \/>\n<meta property=\"article:modified_time\" content=\"2021-08-11T11:14:55+00:00\" \/>\n<meta property=\"og:image\" content=\"https:\/\/twojlekarz.net\/wp-content\/uploads\/TL_FB_wolne_terminy_styczen_www.png\" \/>\n\t<meta property=\"og:image:width\" content=\"1080\" \/>\n\t<meta property=\"og:image:height\" content=\"1080\" \/>\n\t<meta property=\"og:image:type\" content=\"image\/png\" \/>\n<meta name=\"author\" content=\"NZOZ &quot;Tw\u00f3j Lekarz&quot;\" \/>\n<meta name=\"twitter:card\" content=\"summary_large_image\" \/>\n<meta name=\"twitter:label1\" content=\"\uae00\uc4f4\uc774\" \/>\n\t<meta name=\"twitter:data1\" content=\"NZOZ &quot;Tw\u00f3j Lekarz&quot;\" \/>\n<script type=\"application\/ld+json\" class=\"yoast-schema-graph\">{\"@context\":\"https:\\\/\\\/schema.org\",\"@graph\":[{\"@type\":\"Article\",\"@id\":\"https:\\\/\\\/twojlekarz.net\\\/wolne-terminy-do-poradni-specjalistycznych-z-refundacja-nfz\\\/#article\",\"isPartOf\":{\"@id\":\"https:\\\/\\\/twojlekarz.net\\\/wolne-terminy-do-poradni-specjalistycznych-z-refundacja-nfz\\\/\"},\"author\":{\"name\":\"NZOZ \\\"Tw\u00f3j Lekarz\\\"\",\"@id\":\"https:\\\/\\\/twojlekarz.net\\\/#\\\/schema\\\/person\\\/4872e4157107aad4013c32ac52a4b9b4\"},\"headline\":\"Wolne terminy do poradni specjalistycznych z refundacj\u0105 NFZ\",\"datePublished\":\"2021-02-03T11:57:10+00:00\",\"dateModified\":\"2021-08-11T11:14:55+00:00\",\"mainEntityOfPage\":{\"@id\":\"https:\\\/\\\/twojlekarz.net\\\/wolne-terminy-do-poradni-specjalistycznych-z-refundacja-nfz\\\/\"},\"wordCount\":104,\"publisher\":{\"@id\":\"https:\\\/\\\/twojlekarz.net\\\/#organization\"},\"image\":{\"@id\":\"https:\\\/\\\/twojlekarz.net\\\/wolne-terminy-do-poradni-specjalistycznych-z-refundacja-nfz\\\/#primaryimage\"},\"thumbnailUrl\":\"https:\\\/\\\/i0.wp.com\\\/twojlekarz.net\\\/wp-content\\\/uploads\\\/TL_FB_wolne_terminy_styczen_www.png?fit=1080%2C1080&ssl=1\",\"articleSection\":[\"Aktualno\u015bci\"],\"inLanguage\":\"ko-KR\"},{\"@type\":\"WebPage\",\"@id\":\"https:\\\/\\\/twojlekarz.net\\\/wolne-terminy-do-poradni-specjalistycznych-z-refundacja-nfz\\\/\",\"url\":\"https:\\\/\\\/twojlekarz.net\\\/wolne-terminy-do-poradni-specjalistycznych-z-refundacja-nfz\\\/\",\"name\":\"Wolne terminy do poradni specjalistycznych z refundacj\u0105 NFZ - Przychodnia NZOZ &quot;Tw\u00f3j Lekarz&quot; sp. z o.o.\",\"isPartOf\":{\"@id\":\"https:\\\/\\\/twojlekarz.net\\\/#website\"},\"primaryImageOfPage\":{\"@id\":\"https:\\\/\\\/twojlekarz.net\\\/wolne-terminy-do-poradni-specjalistycznych-z-refundacja-nfz\\\/#primaryimage\"},\"image\":{\"@id\":\"https:\\\/\\\/twojlekarz.net\\\/wolne-terminy-do-poradni-specjalistycznych-z-refundacja-nfz\\\/#primaryimage\"},\"thumbnailUrl\":\"https:\\\/\\\/i0.wp.com\\\/twojlekarz.net\\\/wp-content\\\/uploads\\\/TL_FB_wolne_terminy_styczen_www.png?fit=1080%2C1080&ssl=1\",\"datePublished\":\"2021-02-03T11:57:10+00:00\",\"dateModified\":\"2021-08-11T11:14:55+00:00\",\"breadcrumb\":{\"@id\":\"https:\\\/\\\/twojlekarz.net\\\/wolne-terminy-do-poradni-specjalistycznych-z-refundacja-nfz\\\/#breadcrumb\"},\"inLanguage\":\"ko-KR\",\"potentialAction\":[{\"@type\":\"ReadAction\",\"target\":[\"https:\\\/\\\/twojlekarz.net\\\/wolne-terminy-do-poradni-specjalistycznych-z-refundacja-nfz\\\/\"]}]},{\"@type\":\"ImageObject\",\"inLanguage\":\"ko-KR\",\"@id\":\"https:\\\/\\\/twojlekarz.net\\\/wolne-terminy-do-poradni-specjalistycznych-z-refundacja-nfz\\\/#primaryimage\",\"url\":\"https:\\\/\\\/i0.wp.com\\\/twojlekarz.net\\\/wp-content\\\/uploads\\\/TL_FB_wolne_terminy_styczen_www.png?fit=1080%2C1080&ssl=1\",\"contentUrl\":\"https:\\\/\\\/i0.wp.com\\\/twojlekarz.net\\\/wp-content\\\/uploads\\\/TL_FB_wolne_terminy_styczen_www.png?fit=1080%2C1080&ssl=1\",\"width\":1080,\"height\":1080,\"caption\":\"TL_FB_wolne_terminy_stycze\u0144_www\"},{\"@type\":\"BreadcrumbList\",\"@id\":\"https:\\\/\\\/twojlekarz.net\\\/wolne-terminy-do-poradni-specjalistycznych-z-refundacja-nfz\\\/#breadcrumb\",\"itemListElement\":[{\"@type\":\"ListItem\",\"position\":1,\"name\":\"Strona g\u0142\u00f3wna\",\"item\":\"https:\\\/\\\/twojlekarz.net\\\/\"},{\"@type\":\"ListItem\",\"position\":2,\"name\":\"Wolne terminy do poradni specjalistycznych z refundacj\u0105 NFZ\"}]},{\"@type\":\"WebSite\",\"@id\":\"https:\\\/\\\/twojlekarz.net\\\/#website\",\"url\":\"https:\\\/\\\/twojlekarz.net\\\/\",\"name\":\"Przychodnia NZOZ \\\"Tw\u00f3j Lekarz\\\" sp. z o.o.\",\"description\":\"\",\"publisher\":{\"@id\":\"https:\\\/\\\/twojlekarz.net\\\/#organization\"},\"potentialAction\":[{\"@type\":\"SearchAction\",\"target\":{\"@type\":\"EntryPoint\",\"urlTemplate\":\"https:\\\/\\\/twojlekarz.net\\\/?s={search_term_string}\"},\"query-input\":{\"@type\":\"PropertyValueSpecification\",\"valueRequired\":true,\"valueName\":\"search_term_string\"}}],\"inLanguage\":\"ko-KR\"},{\"@type\":\"Organization\",\"@id\":\"https:\\\/\\\/twojlekarz.net\\\/#organization\",\"name\":\"Przychodnia NZOZ \\\"Tw\u00f3j Lekarz\\\" sp. z o.o.\",\"url\":\"https:\\\/\\\/twojlekarz.net\\\/\",\"logo\":{\"@type\":\"ImageObject\",\"inLanguage\":\"ko-KR\",\"@id\":\"https:\\\/\\\/twojlekarz.net\\\/#\\\/schema\\\/logo\\\/image\\\/\",\"url\":\"https:\\\/\\\/i0.wp.com\\\/twojlekarz.net\\\/wp-content\\\/uploads\\\/twoj-lekarz-logo2-e1448917738554.jpg?fit=200%2C71&ssl=1\",\"contentUrl\":\"https:\\\/\\\/i0.wp.com\\\/twojlekarz.net\\\/wp-content\\\/uploads\\\/twoj-lekarz-logo2-e1448917738554.jpg?fit=200%2C71&ssl=1\",\"width\":200,\"height\":71,\"caption\":\"Przychodnia NZOZ \\\"Tw\u00f3j Lekarz\\\" sp. z o.o.\"},\"image\":{\"@id\":\"https:\\\/\\\/twojlekarz.net\\\/#\\\/schema\\\/logo\\\/image\\\/\"},\"sameAs\":[\"https:\\\/\\\/www.facebook.com\\\/NZOZTwojLekarz\\\/\"]},{\"@type\":\"Person\",\"@id\":\"https:\\\/\\\/twojlekarz.net\\\/#\\\/schema\\\/person\\\/4872e4157107aad4013c32ac52a4b9b4\",\"name\":\"NZOZ \\\"Tw\u00f3j Lekarz\\\"\",\"image\":{\"@type\":\"ImageObject\",\"inLanguage\":\"ko-KR\",\"@id\":\"https:\\\/\\\/secure.gravatar.com\\\/avatar\\\/9465837260f6ae13894c21dc64ea0fd37fae2ef5730310619b4823c3909befd4?s=96&d=mm&r=g\",\"url\":\"https:\\\/\\\/secure.gravatar.com\\\/avatar\\\/9465837260f6ae13894c21dc64ea0fd37fae2ef5730310619b4823c3909befd4?s=96&d=mm&r=g\",\"contentUrl\":\"https:\\\/\\\/secure.gravatar.com\\\/avatar\\\/9465837260f6ae13894c21dc64ea0fd37fae2ef5730310619b4823c3909befd4?s=96&d=mm&r=g\",\"caption\":\"NZOZ \\\"Tw\u00f3j Lekarz\\\"\"},\"url\":\"https:\\\/\\\/twojlekarz.net\\\/ko\\\/author\\\/twojlekarz\\\/\"}]}<\/script>\n<!-- \/ Yoast SEO plugin. -->","yoast_head_json":{"title":"NFZ \ud658\uae09\uc774 \uac00\ub2a5\ud55c \uc804\ubb38 \ud074\ub9ac\ub2c9 \uc608\uc57d \uac00\ub2a5 - Przychodnia NZOZ &quot;Tw\u00f3j Lekarz&quot; sp. z o. \uc601\ud615.","robots":{"index":"index","follow":"follow","max-snippet":"max-snippet:-1","max-image-preview":"max-image-preview:large","max-video-preview":"max-video-preview:-1"},"canonical":"https:\/\/twojlekarz.net\/ko\/wolne-terminy-do-poradni-specjalistycznych-z-refundacja-nfz\/","og_locale":"ko_KR","og_type":"article","og_title":"Wolne terminy do poradni specjalistycznych z refundacj\u0105 NFZ - Przychodnia NZOZ &quot;Tw\u00f3j Lekarz&quot; sp. z o.o.","og_description":"Wystarczy skierowanie od lekarza pierwszego kontaktu, by skorzysta\u0107 z us\u0142ug Poradni Specjalistycznych NZOZ Tw\u00f3j Lekarz.","og_url":"https:\/\/twojlekarz.net\/ko\/wolne-terminy-do-poradni-specjalistycznych-z-refundacja-nfz\/","og_site_name":"Przychodnia NZOZ &quot;Tw\u00f3j Lekarz&quot; sp. z o.o.","article_publisher":"https:\/\/www.facebook.com\/NZOZTwojLekarz\/","article_published_time":"2021-02-03T11:57:10+00:00","article_modified_time":"2021-08-11T11:14:55+00:00","og_image":[{"width":1080,"height":1080,"url":"https:\/\/twojlekarz.net\/wp-content\/uploads\/TL_FB_wolne_terminy_styczen_www.png","type":"image\/png"}],"author":"NZOZ \"Tw\u00f3j Lekarz\"","twitter_card":"summary_large_image","twitter_misc":{"\uae00\uc4f4\uc774":"NZOZ \"Tw\u00f3j Lekarz\""},"schema":{"@context":"https:\/\/schema.org","@graph":[{"@type":"Article","@id":"https:\/\/twojlekarz.net\/wolne-terminy-do-poradni-specjalistycznych-z-refundacja-nfz\/#article","isPartOf":{"@id":"https:\/\/twojlekarz.net\/wolne-terminy-do-poradni-specjalistycznych-z-refundacja-nfz\/"},"author":{"name":"NZOZ \"Tw\u00f3j Lekarz\"","@id":"https:\/\/twojlekarz.net\/#\/schema\/person\/4872e4157107aad4013c32ac52a4b9b4"},"headline":"Wolne terminy do poradni specjalistycznych z refundacj\u0105 NFZ","datePublished":"2021-02-03T11:57:10+00:00","dateModified":"2021-08-11T11:14:55+00:00","mainEntityOfPage":{"@id":"https:\/\/twojlekarz.net\/wolne-terminy-do-poradni-specjalistycznych-z-refundacja-nfz\/"},"wordCount":104,"publisher":{"@id":"https:\/\/twojlekarz.net\/#organization"},"image":{"@id":"https:\/\/twojlekarz.net\/wolne-terminy-do-poradni-specjalistycznych-z-refundacja-nfz\/#primaryimage"},"thumbnailUrl":"https:\/\/i0.wp.com\/twojlekarz.net\/wp-content\/uploads\/TL_FB_wolne_terminy_styczen_www.png?fit=1080%2C1080&ssl=1","articleSection":["Aktualno\u015bci"],"inLanguage":"ko-KR"},{"@type":"WebPage","@id":"https:\/\/twojlekarz.net\/wolne-terminy-do-poradni-specjalistycznych-z-refundacja-nfz\/","url":"https:\/\/twojlekarz.net\/wolne-terminy-do-poradni-specjalistycznych-z-refundacja-nfz\/","name":"NFZ \ud658\uae09\uc774 \uac00\ub2a5\ud55c \uc804\ubb38 \ud074\ub9ac\ub2c9 \uc608\uc57d \uac00\ub2a5 - Przychodnia NZOZ &quot;Tw\u00f3j Lekarz&quot; sp. z o. \uc601\ud615.","isPartOf":{"@id":"https:\/\/twojlekarz.net\/#website"},"primaryImageOfPage":{"@id":"https:\/\/twojlekarz.net\/wolne-terminy-do-poradni-specjalistycznych-z-refundacja-nfz\/#primaryimage"},"image":{"@id":"https:\/\/twojlekarz.net\/wolne-terminy-do-poradni-specjalistycznych-z-refundacja-nfz\/#primaryimage"},"thumbnailUrl":"https:\/\/i0.wp.com\/twojlekarz.net\/wp-content\/uploads\/TL_FB_wolne_terminy_styczen_www.png?fit=1080%2C1080&ssl=1","datePublished":"2021-02-03T11:57:10+00:00","dateModified":"2021-08-11T11:14:55+00:00","breadcrumb":{"@id":"https:\/\/twojlekarz.net\/wolne-terminy-do-poradni-specjalistycznych-z-refundacja-nfz\/#breadcrumb"},"inLanguage":"ko-KR","potentialAction":[{"@type":"ReadAction","target":["https:\/\/twojlekarz.net\/wolne-terminy-do-poradni-specjalistycznych-z-refundacja-nfz\/"]}]},{"@type":"ImageObject","inLanguage":"ko-KR","@id":"https:\/\/twojlekarz.net\/wolne-terminy-do-poradni-specjalistycznych-z-refundacja-nfz\/#primaryimage","url":"https:\/\/i0.wp.com\/twojlekarz.net\/wp-content\/uploads\/TL_FB_wolne_terminy_styczen_www.png?fit=1080%2C1080&ssl=1","contentUrl":"https:\/\/i0.wp.com\/twojlekarz.net\/wp-content\/uploads\/TL_FB_wolne_terminy_styczen_www.png?fit=1080%2C1080&ssl=1","width":1080,"height":1080,"caption":"TL_FB_wolne_terminy_stycze\u0144_www"},{"@type":"BreadcrumbList","@id":"https:\/\/twojlekarz.net\/wolne-terminy-do-poradni-specjalistycznych-z-refundacja-nfz\/#breadcrumb","itemListElement":[{"@type":"ListItem","position":1,"name":"Strona g\u0142\u00f3wna","item":"https:\/\/twojlekarz.net\/"},{"@type":"ListItem","position":2,"name":"Wolne terminy do poradni specjalistycznych z refundacj\u0105 NFZ"}]},{"@type":"WebSite","@id":"https:\/\/twojlekarz.net\/#website","url":"https:\/\/twojlekarz.net\/","name":"NZOZ \ud074\ub9ac\ub2c9 &quot;Tw\u00f3j Doktor&quot; z o.","description":"","publisher":{"@id":"https:\/\/twojlekarz.net\/#organization"},"potentialAction":[{"@type":"SearchAction","target":{"@type":"EntryPoint","urlTemplate":"https:\/\/twojlekarz.net\/?s={search_term_string}"},"query-input":{"@type":"PropertyValueSpecification","valueRequired":true,"valueName":"search_term_string"}}],"inLanguage":"ko-KR"},{"@type":"Organization","@id":"https:\/\/twojlekarz.net\/#organization","name":"NZOZ \ud074\ub9ac\ub2c9 &quot;Tw\u00f3j Doktor&quot; z o.","url":"https:\/\/twojlekarz.net\/","logo":{"@type":"ImageObject","inLanguage":"ko-KR","@id":"https:\/\/twojlekarz.net\/#\/schema\/logo\/image\/","url":"https:\/\/i0.wp.com\/twojlekarz.net\/wp-content\/uploads\/twoj-lekarz-logo2-e1448917738554.jpg?fit=200%2C71&ssl=1","contentUrl":"https:\/\/i0.wp.com\/twojlekarz.net\/wp-content\/uploads\/twoj-lekarz-logo2-e1448917738554.jpg?fit=200%2C71&ssl=1","width":200,"height":71,"caption":"Przychodnia NZOZ \"Tw\u00f3j Lekarz\" sp. z o.o."},"image":{"@id":"https:\/\/twojlekarz.net\/#\/schema\/logo\/image\/"},"sameAs":["https:\/\/www.facebook.com\/NZOZTwojLekarz\/"]},{"@type":"Person","@id":"https:\/\/twojlekarz.net\/#\/schema\/person\/4872e4157107aad4013c32ac52a4b9b4","name":"NZOZ &quot;\ub2f9\uc2e0\uc758 \uc758\uc0ac&quot;","image":{"@type":"ImageObject","inLanguage":"ko-KR","@id":"https:\/\/secure.gravatar.com\/avatar\/9465837260f6ae13894c21dc64ea0fd37fae2ef5730310619b4823c3909befd4?s=96&d=mm&r=g","url":"https:\/\/secure.gravatar.com\/avatar\/9465837260f6ae13894c21dc64ea0fd37fae2ef5730310619b4823c3909befd4?s=96&d=mm&r=g","contentUrl":"https:\/\/secure.gravatar.com\/avatar\/9465837260f6ae13894c21dc64ea0fd37fae2ef5730310619b4823c3909befd4?s=96&d=mm&r=g","caption":"NZOZ \"Tw\u00f3j Lekarz\""},"url":"https:\/\/twojlekarz.net\/ko\/author\/twojlekarz\/"}]}},"jetpack_featured_media_url":"https:\/\/i0.wp.com\/twojlekarz.net\/wp-content\/uploads\/TL_FB_wolne_terminy_styczen_www.png?fit=1080%2C1080&ssl=1","jetpack_sharing_enabled":true,"_links":{"self":[{"href":"https:\/\/twojlekarz.net\/ko\/wp-json\/wp\/v2\/posts\/5871","targetHints":{"allow":["GET"]}}],"collection":[{"href":"https:\/\/twojlekarz.net\/ko\/wp-json\/wp\/v2\/posts"}],"about":[{"href":"https:\/\/twojlekarz.net\/ko\/wp-json\/wp\/v2\/types\/post"}],"author":[{"embeddable":true,"href":"https:\/\/twojlekarz.net\/ko\/wp-json\/wp\/v2\/users\/9"}],"replies":[{"embeddable":true,"href":"https:\/\/twojlekarz.net\/ko\/wp-json\/wp\/v2\/comments?post=5871"}],"version-history":[{"count":0,"href":"https:\/\/twojlekarz.net\/ko\/wp-json\/wp\/v2\/posts\/5871\/revisions"}],"wp:featuredmedia":[{"embeddable":true,"href":"https:\/\/twojlekarz.net\/ko\/wp-json\/wp\/v2\/media\/5872"}],"wp:attachment":[{"href":"https:\/\/twojlekarz.net\/ko\/wp-json\/wp\/v2\/media?parent=5871"}],"wp:term":[{"taxonomy":"category","embeddable":true,"href":"https:\/\/twojlekarz.net\/ko\/wp-json\/wp\/v2\/categories?post=5871"},{"taxonomy":"post_tag","embeddable":true,"href":"https:\/\/twojlekarz.net\/ko\/wp-json\/wp\/v2\/tags?post=5871"}],"curies":[{"name":"\uc6cc\ub4dc\ud504\ub808\uc2a4","href":"https:\/\/api.w.org\/{rel}","templated":true}]}}