{"id":5978,"date":"2021-04-13T09:58:27","date_gmt":"2021-04-13T09:58:27","guid":{"rendered":"https:\/\/twojlekarz.net.pl\/?p=5978"},"modified":"2021-12-20T21:36:24","modified_gmt":"2021-12-20T21:36:24","slug":"szczepienia-przeciw-covid-19-od-rejestracji-po-przyjecie-preparatu","status":"publish","type":"post","link":"https:\/\/twojlekarz.net\/ko\/szczepienia-przeciw-covid-19-od-rejestracji-po-przyjecie-preparatu\/","title":{"rendered":"\ucf54\ub85c\ub09819 \uc608\ubc29\uc811\uc885 - \ub4f1\ub85d\ubd80\ud130 \uc900\ube44\uae4c\uc9c0"},"content":{"rendered":"<div class=\"wp-block-group is-layout-flow wp-block-group-is-layout-flow\"><div class=\"wp-block-group__inner-container\"><\/div><\/div>\n\n\n\n<figure class=\"wp-block-image is-resized\"><img data-recalc-dims=\"1\" loading=\"lazy\" decoding=\"async\" src=\"https:\/\/i0.wp.com\/twojlekarz.net\/wp-content\/uploads\/tl-fb-infografika-szczepienia-roczniki.png?resize=405%2C506&#038;ssl=1\" alt=\"Obrazek posiada pusty atrybut alt; plik o nazwie tl-fb-infografika-szczepienia-roczniki.png\" width=\"405\" height=\"506\" \/><\/figure>\n\n\n\n<div style=\"height:37px\" aria-hidden=\"true\" class=\"wp-block-spacer\"><\/div>\n\n\n\n<h2 class=\"wp-block-heading\"><strong>\ud2b9\uc815 \ub0a0\uc9dc\uc5d0 \ub4f1\ub85d\ud558\ub824\uba74 \uc5b4\ub5bb\uac8c \ud574\uc57c \ud558\ub098\uc694?<\/strong><\/h2>\n\n\n\n<ul class=\"wp-block-list\"><li>24\uc2dc\uac04 \ubb34\ub8cc \ud56b\ub77c\uc778\uc744 \ud1b5\ud574 \uc804\ud654\ub85c \ubb38\uc758\ud558\uc138\uc694.<strong> 989<\/strong><\/li><li>\ud574\ub2f9 \ubc88\ud638\ub85c SMS\ub97c \ud1b5\ud574 <strong>664 908 556 <\/strong>\ub610\ub294 <strong>880 333 333<\/strong> \ub0b4\uc6a9: \ubc31\uc2e0\uc744 \ub9de\uc74d\uc2dc\ub2e4.<\/li><li>\uc804\uc790\uc801\uc73c\ub85c \ud1b5\ud574 <strong>\uc804\uc790 \ub4f1\ub85d <\/strong>\uc5d0\uc11c \uc0ac\uc6a9 \uac00\ub2a5 <strong>patient.gov.pl<\/strong><\/li><li>\uc5f0\ub77d\ud558\uc5ec <strong>\ud56b\ub77c\uc778<\/strong> <strong>NZOZ \ub2f4\ub2f9 \uc758\uc0ac<\/strong> - <strong>71311 12 36<\/strong><\/li><\/ul>\n\n\n\n<p>\ub4f1\ub85d \uc815\ubcf4\ub294 \uc5ec\uae30\uc5d0\uc11c \ud655\uc778\ud560 \uc218 \uc788\uc2b5\ub2c8\ub2e4.<\/p>\n\n\n\n<p><a href=\"https:\/\/www.gov.pl\/web\/szczepimysie\/rejestracja\">https:\/\/www.gov.pl\/web\/szczepimysie\/rejestracja<\/a><\/p>\n\n\n\n<p><\/p>\n\n\n\n<figure class=\"wp-block-image size-large is-resized\"><img data-recalc-dims=\"1\" loading=\"lazy\" decoding=\"async\" src=\"https:\/\/i0.wp.com\/twojlekarz.net\/wp-content\/uploads\/tl-fb-infografika-szczepienia-roczniki.png?resize=426%2C533&#038;ssl=1\" alt=\"\" class=\"wp-image-5979\" width=\"426\" height=\"533\" srcset=\"https:\/\/i0.wp.com\/twojlekarz.net\/wp-content\/uploads\/tl-fb-infografika-szczepienia-roczniki.png?w=800&amp;ssl=1 800w, https:\/\/i0.wp.com\/twojlekarz.net\/wp-content\/uploads\/tl-fb-infografika-szczepienia-roczniki.png?resize=240%2C300&amp;ssl=1 240w, https:\/\/i0.wp.com\/twojlekarz.net\/wp-content\/uploads\/tl-fb-infografika-szczepienia-roczniki.png?resize=768%2C960&amp;ssl=1 768w\" sizes=\"auto, (max-width: 426px) 100vw, 426px\" \/><\/figure>\n\n\n\n<p><\/p>\n\n\n\n<h2 class=\"wp-block-heading\"><strong>\uc55e\uc73c\ub85c \ubc31\uc2e0 \uc811\uc885\uc744 \ub4f1\ub85d\ud558\ub294 \uc0ac\ub78c\ub4e4\uc740 \ubb34\uc5c7\uc744 \uae30\uc5b5\ud574\uc57c \ud569\ub2c8\uae4c?<\/strong><\/h2>\n\n\n\n<p>\uc6b0\uc120, \uc9c0\uc815\ub41c \ub0a0\uc9dc\uc640 \uc2dc\uac04\uc5d0 \uc801\uc808\ud55c \uc608\ubc29\uc811\uc885 \uc7a5\uc18c\uc5d0 \ub3c4\ucc29\ud574\uc57c \ud569\ub2c8\ub2e4. \uc2e0\ubd84\uc99d, \uac00\uae09\uc801\uc774\uba74 \uc2e0\ubd84\uc99d\uc744 \uc9c0\ucc38\ud574\uc57c \ud569\ub2c8\ub2e4. \uc608\ubc29\uc811\uc885 \uc790\uaca9 \uc2ec\uc0ac\uc758 \uccab \ub2e8\uacc4\uc778 \uc124\ubb38\uc9c0\ub97c \uc791\uc131\ud558\ub294 \uac83\uc774 \uc88b\uc2b5\ub2c8\ub2e4. \uc124\ubb38\uc9c0\uc5d0\ub294 \ud604\uc7ac \uac74\uac15 \uc0c1\ud0dc\ubfd0\ub9cc \uc544\ub2c8\ub77c \ub9cc\uc131 \uc9c8\ud658\uc5d0 \ub300\ud55c \uc9c8\ubb38\ub3c4 \ud3ec\ud568\ub418\uc5b4 \uc788\uc2b5\ub2c8\ub2e4.<strong><em>.&nbsp;<\/em><\/strong><\/p>\n\n\n\n<div class=\"wp-block-file\"><a href=\"https:\/\/twojlekarz.net\/wp-content\/uploads\/Kwestionariusz_wstepnego_wywiadu_przesiewowego_przed_szczepieniem_osoby_doroslej_przeciw_COVID-19.pdf\">\uc131\uc778 \ucf54\ub85c\ub09819 \ubc31\uc2e0 \uc811\uc885 \uc804 \ucd08\uae30 \uc120\ubcc4 \uc778\ud130\ubdf0 \uc124\ubb38\uc9c0<\/a><a href=\"https:\/\/twojlekarz.net\/wp-content\/uploads\/Kwestionariusz_wstepnego_wywiadu_przesiewowego_przed_szczepieniem_osoby_doroslej_przeciw_COVID-19.pdf\" class=\"wp-block-file__button\" download>\ub2e4\uc6b4\ub85c\ub4dc<\/a><\/div>\n\n\n\n<p>\uc124\ubb38\uc9c0\ub97c \uc791\uc131\ud55c \ud658\uc790\ub294 \uc758\ub8cc \uc790\uaca9 \uc2ec\uc0ac\ub97c \ubc1b\uc2b5\ub2c8\ub2e4. \uacb0\uacfc\uac00 \uc591\uc131\uc774\uba74 \ud314\uc5d0 \uadfc\uc721 \uc8fc\uc0ac\ub85c \ubc31\uc2e0\uc744 \uc811\uc885\ud569\ub2c8\ub2e4. \uc548\uc804\uc0c1\uc758 \uc774\uc720\ub85c \ubc31\uc2e0 \uc811\uc885 \ud6c4 15\ubd84 \ub3d9\uc548 \uad00\ucc30\ud574\uc57c \ud569\ub2c8\ub2e4. \uac11\uc791\uc2a4\ub7fd\uace0 \ubc14\ub78c\uc9c1\ud558\uc9c0 \uc54a\uc740 \uc99d\uc0c1\uc774 \ub098\ud0c0\ub098\uba74 \uc989\uc2dc \ubcd1\uc6d0 \uc9c1\uc6d0\uc5d0\uac8c \ubcf4\uace0\ud574\uc57c \ud569\ub2c8\ub2e4. \uc811\uc885 \uc7a5\uc18c\ub97c \ub5a0\ub098\uae30 \uc804\uc5d0 2\ucc28 \ubc31\uc2e0 \uc811\uc885\uc77c\uc744 \ud655\uc778\ud558\ub294 \uac83\uc774 \uc88b\uc2b5\ub2c8\ub2e4.<\/p>\n\n\n\n<h2 class=\"wp-block-heading\"><strong>\ub2f4\ub2f9 \uc758\uc0ac<\/strong> \ube60\ub974\uace0 \uac04\ud3b8\ud558\uac8c \uc608\ubc29\uc811\uc885\uc744 \ubc1b\ub294 \ubc29\ubc95\uc744 \uc54c\ub824\ub4dc\ub9bd\ub2c8\ub2e4.<\/h2>\n\n\n\n<p>\u2013 \ubc31\uc2e0 \uc811\uc885 \uc790\uaca9\uc744 \uc5bb\uae30 \uc704\ud574 \ud544\uc694\ud55c \uc124\ubb38\uc9c0\ub97c \uc778\uc1c4, \uc77d\uace0 \uc791\uc131\ud558\uc138\uc694.<\/p>\n\n\n\n<p>\u2013 \ub9cc\uc131 \uc9c8\ud658\uc774 \uc788\ub294 \uacbd\uc6b0 \ubcf5\uc6a9 \uc911\uc778 \uc57d\ubb3c \ubaa9\ub85d\uc744 \uac00\uc838\uc624\uc2ed\uc2dc\uc624.<\/p>\n\n\n\n<p>- \ucd9c\ubc1c \uc804 \ubc18\ub4dc\uc2dc \uc608\ubc29\uc811\uc885 \uc7a5\uc18c\uc758 \uc704\uce58\ub97c \ud655\uc778\ud558\uc2dc\uae30 \ubc14\ub78d\ub2c8\ub2e4.<\/p>\n\n\n\n<p>- \uc57d\uc18d\ub41c \uc2dc\uac04\uc5d0 \ub3c4\ucc29 - \uc608\uc815\ub41c \uc608\ubc29\uc811\uc885 \uc804\uc5d0 \uc218\uc2ed \ubd84 \ub3d9\uc548 \uc904\uc744 \uc124 \ud544\uc694\uac00 \uc5c6\uc2b5\ub2c8\ub2e4.<\/p>\n\n\n\n<p>\u2013 \uc0ac\uc9c4\uc774 \ubd80\ucc29\ub41c \uc2e0\ubd84\uc99d\uc744 \uaf2d \uc9c0\ucc38\ud558\uc138\uc694.<\/p>\n\n\n\n<p>\u2013 \uc5ec\ub7ec \uacb9\uc758 \uc637\uc744 \ubc97\uc9c0 \uc54a\uace0\ub3c4 \uc5b4\uae68\ub97c \ub4dc\ub7ec\ub0bc \uc218 \uc788\ub294 \uc637\uc744 \uc785\uc73c\uc138\uc694.<\/p>","protected":false},"excerpt":{"rendered":"<p>\ucf54\ub85c\ub09819 \ubc31\uc2e0 \uc811\uc885 \ub4f1\ub85d\uc774 \ub2e4\uc2dc \uc2dc\uc791\ub418\uc5c8\uc2b5\ub2c8\ub2e4. \ub2e4\uc74c \uc5f0\ub839\ub300\ub294 \ub9e4\uc77c \uc628\ub77c\uc778 \uc811\uc885 \uc548\ub0b4\ub97c \ubc1b\uc2b5\ub2c8\ub2e4. \ub354 \uc790\uc138\ud55c \ub0b4\uc6a9\uc744 \uc77d\uc5b4\ubcf4\uc138\uc694.<\/p>","protected":false},"author":9,"featured_media":5908,"comment_status":"closed","ping_status":"closed","sticky":false,"template":"","format":"standard","meta":{"_jetpack_memberships_contains_paid_content":false,"footnotes":"","_wp_rev_ctl_limit":""},"categories":[90],"tags":[],"class_list":["post-5978","post","type-post","status-publish","format-standard","has-post-thumbnail","hentry","category-s1-aktualnoci"],"yoast_head":"<!-- This site is optimized with the Yoast SEO plugin v27.3 - https:\/\/yoast.com\/product\/yoast-seo-wordpress\/ -->\n<title>Szczepienia przeciw covid-19 - od rejestracji po przyj\u0119cie preparatu - Przychodnia NZOZ &quot;Tw\u00f3j Lekarz&quot; sp. z o.o.<\/title>\n<meta name=\"robots\" content=\"index, follow, max-snippet:-1, max-image-preview:large, max-video-preview:-1\" \/>\n<link rel=\"canonical\" href=\"https:\/\/twojlekarz.net\/ko\/szczepienia-przeciw-covid-19-od-rejestracji-po-przyjecie-preparatu\/\" \/>\n<meta property=\"og:locale\" content=\"ko_KR\" \/>\n<meta property=\"og:type\" content=\"article\" \/>\n<meta property=\"og:title\" content=\"Szczepienia przeciw covid-19 - od rejestracji po przyj\u0119cie preparatu - Przychodnia NZOZ &quot;Tw\u00f3j Lekarz&quot; sp. z o.o.\" \/>\n<meta property=\"og:description\" content=\"Rozpocz\u0119\u0142a si\u0119 kolejna tura rejestracji na szczepienia przeciw COVID-19. Ka\u017cdego dnia e-skierowanie na szczepienie otrzymuj\u0105 nast\u0119puj\u0105ce roczniki. Czytaj wi\u0119cej.\" \/>\n<meta property=\"og:url\" content=\"https:\/\/twojlekarz.net\/ko\/szczepienia-przeciw-covid-19-od-rejestracji-po-przyjecie-preparatu\/\" \/>\n<meta property=\"og:site_name\" content=\"Przychodnia NZOZ &quot;Tw\u00f3j Lekarz&quot; sp. z o.o.\" \/>\n<meta property=\"article:publisher\" content=\"https:\/\/www.facebook.com\/NZOZTwojLekarz\/\" \/>\n<meta property=\"article:published_time\" content=\"2021-04-13T09:58:27+00:00\" \/>\n<meta property=\"article:modified_time\" content=\"2021-12-20T21:36:24+00:00\" \/>\n<meta property=\"og:image\" content=\"https:\/\/twojlekarz.net\/wp-content\/uploads\/Tl_pierwszy-dzien-szczepien-20.jpg\" \/>\n\t<meta property=\"og:image:width\" content=\"1498\" \/>\n\t<meta property=\"og:image:height\" content=\"1000\" \/>\n\t<meta property=\"og:image:type\" content=\"image\/jpeg\" \/>\n<meta name=\"author\" content=\"NZOZ &quot;Tw\u00f3j Lekarz&quot;\" \/>\n<meta name=\"twitter:card\" content=\"summary_large_image\" \/>\n<meta name=\"twitter:label1\" content=\"\uae00\uc4f4\uc774\" \/>\n\t<meta name=\"twitter:data1\" content=\"NZOZ &quot;Tw\u00f3j Lekarz&quot;\" \/>\n\t<meta name=\"twitter:label2\" content=\"\uc608\uc0c1 \ub418\ub294 \ud310\ub3c5 \uc2dc\uac04\" \/>\n\t<meta name=\"twitter:data2\" content=\"2\ubd84\" \/>\n<script type=\"application\/ld+json\" class=\"yoast-schema-graph\">{\"@context\":\"https:\\\/\\\/schema.org\",\"@graph\":[{\"@type\":\"Article\",\"@id\":\"https:\\\/\\\/twojlekarz.net\\\/szczepienia-przeciw-covid-19-od-rejestracji-po-przyjecie-preparatu\\\/#article\",\"isPartOf\":{\"@id\":\"https:\\\/\\\/twojlekarz.net\\\/szczepienia-przeciw-covid-19-od-rejestracji-po-przyjecie-preparatu\\\/\"},\"author\":{\"name\":\"NZOZ \\\"Tw\u00f3j Lekarz\\\"\",\"@id\":\"https:\\\/\\\/twojlekarz.net\\\/#\\\/schema\\\/person\\\/4872e4157107aad4013c32ac52a4b9b4\"},\"headline\":\"Szczepienia przeciw covid-19 &#8211; od rejestracji po przyj\u0119cie preparatu\",\"datePublished\":\"2021-04-13T09:58:27+00:00\",\"dateModified\":\"2021-12-20T21:36:24+00:00\",\"mainEntityOfPage\":{\"@id\":\"https:\\\/\\\/twojlekarz.net\\\/szczepienia-przeciw-covid-19-od-rejestracji-po-przyjecie-preparatu\\\/\"},\"wordCount\":320,\"publisher\":{\"@id\":\"https:\\\/\\\/twojlekarz.net\\\/#organization\"},\"image\":{\"@id\":\"https:\\\/\\\/twojlekarz.net\\\/szczepienia-przeciw-covid-19-od-rejestracji-po-przyjecie-preparatu\\\/#primaryimage\"},\"thumbnailUrl\":\"https:\\\/\\\/i0.wp.com\\\/twojlekarz.net\\\/wp-content\\\/uploads\\\/Tl_pierwszy-dzien-szczepien-20.jpg?fit=1498%2C1000&ssl=1\",\"articleSection\":[\"Aktualno\u015bci\"],\"inLanguage\":\"ko-KR\"},{\"@type\":\"WebPage\",\"@id\":\"https:\\\/\\\/twojlekarz.net\\\/szczepienia-przeciw-covid-19-od-rejestracji-po-przyjecie-preparatu\\\/\",\"url\":\"https:\\\/\\\/twojlekarz.net\\\/szczepienia-przeciw-covid-19-od-rejestracji-po-przyjecie-preparatu\\\/\",\"name\":\"Szczepienia przeciw covid-19 - od rejestracji po przyj\u0119cie preparatu - Przychodnia NZOZ &quot;Tw\u00f3j Lekarz&quot; sp. z o.o.\",\"isPartOf\":{\"@id\":\"https:\\\/\\\/twojlekarz.net\\\/#website\"},\"primaryImageOfPage\":{\"@id\":\"https:\\\/\\\/twojlekarz.net\\\/szczepienia-przeciw-covid-19-od-rejestracji-po-przyjecie-preparatu\\\/#primaryimage\"},\"image\":{\"@id\":\"https:\\\/\\\/twojlekarz.net\\\/szczepienia-przeciw-covid-19-od-rejestracji-po-przyjecie-preparatu\\\/#primaryimage\"},\"thumbnailUrl\":\"https:\\\/\\\/i0.wp.com\\\/twojlekarz.net\\\/wp-content\\\/uploads\\\/Tl_pierwszy-dzien-szczepien-20.jpg?fit=1498%2C1000&ssl=1\",\"datePublished\":\"2021-04-13T09:58:27+00:00\",\"dateModified\":\"2021-12-20T21:36:24+00:00\",\"breadcrumb\":{\"@id\":\"https:\\\/\\\/twojlekarz.net\\\/szczepienia-przeciw-covid-19-od-rejestracji-po-przyjecie-preparatu\\\/#breadcrumb\"},\"inLanguage\":\"ko-KR\",\"potentialAction\":[{\"@type\":\"ReadAction\",\"target\":[\"https:\\\/\\\/twojlekarz.net\\\/szczepienia-przeciw-covid-19-od-rejestracji-po-przyjecie-preparatu\\\/\"]}]},{\"@type\":\"ImageObject\",\"inLanguage\":\"ko-KR\",\"@id\":\"https:\\\/\\\/twojlekarz.net\\\/szczepienia-przeciw-covid-19-od-rejestracji-po-przyjecie-preparatu\\\/#primaryimage\",\"url\":\"https:\\\/\\\/i0.wp.com\\\/twojlekarz.net\\\/wp-content\\\/uploads\\\/Tl_pierwszy-dzien-szczepien-20.jpg?fit=1498%2C1000&ssl=1\",\"contentUrl\":\"https:\\\/\\\/i0.wp.com\\\/twojlekarz.net\\\/wp-content\\\/uploads\\\/Tl_pierwszy-dzien-szczepien-20.jpg?fit=1498%2C1000&ssl=1\",\"width\":1498,\"height\":1000,\"caption\":\"Tl_pierwszy dzien szczepien0\"},{\"@type\":\"BreadcrumbList\",\"@id\":\"https:\\\/\\\/twojlekarz.net\\\/szczepienia-przeciw-covid-19-od-rejestracji-po-przyjecie-preparatu\\\/#breadcrumb\",\"itemListElement\":[{\"@type\":\"ListItem\",\"position\":1,\"name\":\"Strona g\u0142\u00f3wna\",\"item\":\"https:\\\/\\\/twojlekarz.net\\\/\"},{\"@type\":\"ListItem\",\"position\":2,\"name\":\"Szczepienia przeciw covid-19 &#8211; od rejestracji po przyj\u0119cie preparatu\"}]},{\"@type\":\"WebSite\",\"@id\":\"https:\\\/\\\/twojlekarz.net\\\/#website\",\"url\":\"https:\\\/\\\/twojlekarz.net\\\/\",\"name\":\"Przychodnia NZOZ \\\"Tw\u00f3j Lekarz\\\" sp. z o.o.\",\"description\":\"\",\"publisher\":{\"@id\":\"https:\\\/\\\/twojlekarz.net\\\/#organization\"},\"potentialAction\":[{\"@type\":\"SearchAction\",\"target\":{\"@type\":\"EntryPoint\",\"urlTemplate\":\"https:\\\/\\\/twojlekarz.net\\\/?s={search_term_string}\"},\"query-input\":{\"@type\":\"PropertyValueSpecification\",\"valueRequired\":true,\"valueName\":\"search_term_string\"}}],\"inLanguage\":\"ko-KR\"},{\"@type\":\"Organization\",\"@id\":\"https:\\\/\\\/twojlekarz.net\\\/#organization\",\"name\":\"Przychodnia NZOZ \\\"Tw\u00f3j Lekarz\\\" sp. z o.o.\",\"url\":\"https:\\\/\\\/twojlekarz.net\\\/\",\"logo\":{\"@type\":\"ImageObject\",\"inLanguage\":\"ko-KR\",\"@id\":\"https:\\\/\\\/twojlekarz.net\\\/#\\\/schema\\\/logo\\\/image\\\/\",\"url\":\"https:\\\/\\\/i0.wp.com\\\/twojlekarz.net\\\/wp-content\\\/uploads\\\/twoj-lekarz-logo2-e1448917738554.jpg?fit=200%2C71&ssl=1\",\"contentUrl\":\"https:\\\/\\\/i0.wp.com\\\/twojlekarz.net\\\/wp-content\\\/uploads\\\/twoj-lekarz-logo2-e1448917738554.jpg?fit=200%2C71&ssl=1\",\"width\":200,\"height\":71,\"caption\":\"Przychodnia NZOZ \\\"Tw\u00f3j Lekarz\\\" sp. z o.o.\"},\"image\":{\"@id\":\"https:\\\/\\\/twojlekarz.net\\\/#\\\/schema\\\/logo\\\/image\\\/\"},\"sameAs\":[\"https:\\\/\\\/www.facebook.com\\\/NZOZTwojLekarz\\\/\"]},{\"@type\":\"Person\",\"@id\":\"https:\\\/\\\/twojlekarz.net\\\/#\\\/schema\\\/person\\\/4872e4157107aad4013c32ac52a4b9b4\",\"name\":\"NZOZ \\\"Tw\u00f3j Lekarz\\\"\",\"image\":{\"@type\":\"ImageObject\",\"inLanguage\":\"ko-KR\",\"@id\":\"https:\\\/\\\/secure.gravatar.com\\\/avatar\\\/9465837260f6ae13894c21dc64ea0fd37fae2ef5730310619b4823c3909befd4?s=96&d=mm&r=g\",\"url\":\"https:\\\/\\\/secure.gravatar.com\\\/avatar\\\/9465837260f6ae13894c21dc64ea0fd37fae2ef5730310619b4823c3909befd4?s=96&d=mm&r=g\",\"contentUrl\":\"https:\\\/\\\/secure.gravatar.com\\\/avatar\\\/9465837260f6ae13894c21dc64ea0fd37fae2ef5730310619b4823c3909befd4?s=96&d=mm&r=g\",\"caption\":\"NZOZ \\\"Tw\u00f3j Lekarz\\\"\"},\"url\":\"https:\\\/\\\/twojlekarz.net\\\/ko\\\/author\\\/twojlekarz\\\/\"}]}<\/script>\n<!-- \/ Yoast SEO plugin. -->","yoast_head_json":{"title":"Szczepienia przeciw covid-19 - od rejestracji po przyj\u0119cie preparatu - Przychodnia NZOZ &quot;Tw\u00f3j Lekarz&quot; sp. z o.o.","robots":{"index":"index","follow":"follow","max-snippet":"max-snippet:-1","max-image-preview":"max-image-preview:large","max-video-preview":"max-video-preview:-1"},"canonical":"https:\/\/twojlekarz.net\/ko\/szczepienia-przeciw-covid-19-od-rejestracji-po-przyjecie-preparatu\/","og_locale":"ko_KR","og_type":"article","og_title":"Szczepienia przeciw covid-19 - od rejestracji po przyj\u0119cie preparatu - Przychodnia NZOZ &quot;Tw\u00f3j Lekarz&quot; sp. z o.o.","og_description":"Rozpocz\u0119\u0142a si\u0119 kolejna tura rejestracji na szczepienia przeciw COVID-19. Ka\u017cdego dnia e-skierowanie na szczepienie otrzymuj\u0105 nast\u0119puj\u0105ce roczniki. Czytaj wi\u0119cej.","og_url":"https:\/\/twojlekarz.net\/ko\/szczepienia-przeciw-covid-19-od-rejestracji-po-przyjecie-preparatu\/","og_site_name":"Przychodnia NZOZ &quot;Tw\u00f3j Lekarz&quot; sp. z o.o.","article_publisher":"https:\/\/www.facebook.com\/NZOZTwojLekarz\/","article_published_time":"2021-04-13T09:58:27+00:00","article_modified_time":"2021-12-20T21:36:24+00:00","og_image":[{"width":1498,"height":1000,"url":"https:\/\/twojlekarz.net\/wp-content\/uploads\/Tl_pierwszy-dzien-szczepien-20.jpg","type":"image\/jpeg"}],"author":"NZOZ \"Tw\u00f3j Lekarz\"","twitter_card":"summary_large_image","twitter_misc":{"\uae00\uc4f4\uc774":"NZOZ \"Tw\u00f3j Lekarz\"","\uc608\uc0c1 \ub418\ub294 \ud310\ub3c5 \uc2dc\uac04":"2\ubd84"},"schema":{"@context":"https:\/\/schema.org","@graph":[{"@type":"Article","@id":"https:\/\/twojlekarz.net\/szczepienia-przeciw-covid-19-od-rejestracji-po-przyjecie-preparatu\/#article","isPartOf":{"@id":"https:\/\/twojlekarz.net\/szczepienia-przeciw-covid-19-od-rejestracji-po-przyjecie-preparatu\/"},"author":{"name":"NZOZ \"Tw\u00f3j Lekarz\"","@id":"https:\/\/twojlekarz.net\/#\/schema\/person\/4872e4157107aad4013c32ac52a4b9b4"},"headline":"Szczepienia przeciw covid-19 &#8211; od rejestracji po przyj\u0119cie preparatu","datePublished":"2021-04-13T09:58:27+00:00","dateModified":"2021-12-20T21:36:24+00:00","mainEntityOfPage":{"@id":"https:\/\/twojlekarz.net\/szczepienia-przeciw-covid-19-od-rejestracji-po-przyjecie-preparatu\/"},"wordCount":320,"publisher":{"@id":"https:\/\/twojlekarz.net\/#organization"},"image":{"@id":"https:\/\/twojlekarz.net\/szczepienia-przeciw-covid-19-od-rejestracji-po-przyjecie-preparatu\/#primaryimage"},"thumbnailUrl":"https:\/\/i0.wp.com\/twojlekarz.net\/wp-content\/uploads\/Tl_pierwszy-dzien-szczepien-20.jpg?fit=1498%2C1000&ssl=1","articleSection":["Aktualno\u015bci"],"inLanguage":"ko-KR"},{"@type":"WebPage","@id":"https:\/\/twojlekarz.net\/szczepienia-przeciw-covid-19-od-rejestracji-po-przyjecie-preparatu\/","url":"https:\/\/twojlekarz.net\/szczepienia-przeciw-covid-19-od-rejestracji-po-przyjecie-preparatu\/","name":"Szczepienia przeciw covid-19 - od rejestracji po przyj\u0119cie preparatu - Przychodnia NZOZ &quot;Tw\u00f3j Lekarz&quot; sp. z o.o.","isPartOf":{"@id":"https:\/\/twojlekarz.net\/#website"},"primaryImageOfPage":{"@id":"https:\/\/twojlekarz.net\/szczepienia-przeciw-covid-19-od-rejestracji-po-przyjecie-preparatu\/#primaryimage"},"image":{"@id":"https:\/\/twojlekarz.net\/szczepienia-przeciw-covid-19-od-rejestracji-po-przyjecie-preparatu\/#primaryimage"},"thumbnailUrl":"https:\/\/i0.wp.com\/twojlekarz.net\/wp-content\/uploads\/Tl_pierwszy-dzien-szczepien-20.jpg?fit=1498%2C1000&ssl=1","datePublished":"2021-04-13T09:58:27+00:00","dateModified":"2021-12-20T21:36:24+00:00","breadcrumb":{"@id":"https:\/\/twojlekarz.net\/szczepienia-przeciw-covid-19-od-rejestracji-po-przyjecie-preparatu\/#breadcrumb"},"inLanguage":"ko-KR","potentialAction":[{"@type":"ReadAction","target":["https:\/\/twojlekarz.net\/szczepienia-przeciw-covid-19-od-rejestracji-po-przyjecie-preparatu\/"]}]},{"@type":"ImageObject","inLanguage":"ko-KR","@id":"https:\/\/twojlekarz.net\/szczepienia-przeciw-covid-19-od-rejestracji-po-przyjecie-preparatu\/#primaryimage","url":"https:\/\/i0.wp.com\/twojlekarz.net\/wp-content\/uploads\/Tl_pierwszy-dzien-szczepien-20.jpg?fit=1498%2C1000&ssl=1","contentUrl":"https:\/\/i0.wp.com\/twojlekarz.net\/wp-content\/uploads\/Tl_pierwszy-dzien-szczepien-20.jpg?fit=1498%2C1000&ssl=1","width":1498,"height":1000,"caption":"Tl_pierwszy dzien szczepien0"},{"@type":"BreadcrumbList","@id":"https:\/\/twojlekarz.net\/szczepienia-przeciw-covid-19-od-rejestracji-po-przyjecie-preparatu\/#breadcrumb","itemListElement":[{"@type":"ListItem","position":1,"name":"Strona g\u0142\u00f3wna","item":"https:\/\/twojlekarz.net\/"},{"@type":"ListItem","position":2,"name":"Szczepienia przeciw covid-19 &#8211; od rejestracji po przyj\u0119cie preparatu"}]},{"@type":"WebSite","@id":"https:\/\/twojlekarz.net\/#website","url":"https:\/\/twojlekarz.net\/","name":"NZOZ \ud074\ub9ac\ub2c9 &quot;Tw\u00f3j Doktor&quot; z o.","description":"","publisher":{"@id":"https:\/\/twojlekarz.net\/#organization"},"potentialAction":[{"@type":"SearchAction","target":{"@type":"EntryPoint","urlTemplate":"https:\/\/twojlekarz.net\/?s={search_term_string}"},"query-input":{"@type":"PropertyValueSpecification","valueRequired":true,"valueName":"search_term_string"}}],"inLanguage":"ko-KR"},{"@type":"Organization","@id":"https:\/\/twojlekarz.net\/#organization","name":"NZOZ \ud074\ub9ac\ub2c9 &quot;Tw\u00f3j Doktor&quot; z o.","url":"https:\/\/twojlekarz.net\/","logo":{"@type":"ImageObject","inLanguage":"ko-KR","@id":"https:\/\/twojlekarz.net\/#\/schema\/logo\/image\/","url":"https:\/\/i0.wp.com\/twojlekarz.net\/wp-content\/uploads\/twoj-lekarz-logo2-e1448917738554.jpg?fit=200%2C71&ssl=1","contentUrl":"https:\/\/i0.wp.com\/twojlekarz.net\/wp-content\/uploads\/twoj-lekarz-logo2-e1448917738554.jpg?fit=200%2C71&ssl=1","width":200,"height":71,"caption":"Przychodnia NZOZ \"Tw\u00f3j Lekarz\" sp. z o.o."},"image":{"@id":"https:\/\/twojlekarz.net\/#\/schema\/logo\/image\/"},"sameAs":["https:\/\/www.facebook.com\/NZOZTwojLekarz\/"]},{"@type":"Person","@id":"https:\/\/twojlekarz.net\/#\/schema\/person\/4872e4157107aad4013c32ac52a4b9b4","name":"NZOZ &quot;\ub2f9\uc2e0\uc758 \uc758\uc0ac&quot;","image":{"@type":"ImageObject","inLanguage":"ko-KR","@id":"https:\/\/secure.gravatar.com\/avatar\/9465837260f6ae13894c21dc64ea0fd37fae2ef5730310619b4823c3909befd4?s=96&d=mm&r=g","url":"https:\/\/secure.gravatar.com\/avatar\/9465837260f6ae13894c21dc64ea0fd37fae2ef5730310619b4823c3909befd4?s=96&d=mm&r=g","contentUrl":"https:\/\/secure.gravatar.com\/avatar\/9465837260f6ae13894c21dc64ea0fd37fae2ef5730310619b4823c3909befd4?s=96&d=mm&r=g","caption":"NZOZ \"Tw\u00f3j Lekarz\""},"url":"https:\/\/twojlekarz.net\/ko\/author\/twojlekarz\/"}]}},"jetpack_featured_media_url":"https:\/\/i0.wp.com\/twojlekarz.net\/wp-content\/uploads\/Tl_pierwszy-dzien-szczepien-20.jpg?fit=1498%2C1000&ssl=1","jetpack_sharing_enabled":true,"_links":{"self":[{"href":"https:\/\/twojlekarz.net\/ko\/wp-json\/wp\/v2\/posts\/5978","targetHints":{"allow":["GET"]}}],"collection":[{"href":"https:\/\/twojlekarz.net\/ko\/wp-json\/wp\/v2\/posts"}],"about":[{"href":"https:\/\/twojlekarz.net\/ko\/wp-json\/wp\/v2\/types\/post"}],"author":[{"embeddable":true,"href":"https:\/\/twojlekarz.net\/ko\/wp-json\/wp\/v2\/users\/9"}],"replies":[{"embeddable":true,"href":"https:\/\/twojlekarz.net\/ko\/wp-json\/wp\/v2\/comments?post=5978"}],"version-history":[{"count":0,"href":"https:\/\/twojlekarz.net\/ko\/wp-json\/wp\/v2\/posts\/5978\/revisions"}],"wp:featuredmedia":[{"embeddable":true,"href":"https:\/\/twojlekarz.net\/ko\/wp-json\/wp\/v2\/media\/5908"}],"wp:attachment":[{"href":"https:\/\/twojlekarz.net\/ko\/wp-json\/wp\/v2\/media?parent=5978"}],"wp:term":[{"taxonomy":"category","embeddable":true,"href":"https:\/\/twojlekarz.net\/ko\/wp-json\/wp\/v2\/categories?post=5978"},{"taxonomy":"post_tag","embeddable":true,"href":"https:\/\/twojlekarz.net\/ko\/wp-json\/wp\/v2\/tags?post=5978"}],"curies":[{"name":"\uc6cc\ub4dc\ud504\ub808\uc2a4","href":"https:\/\/api.w.org\/{rel}","templated":true}]}}