{"id":5990,"date":"2021-04-22T05:36:08","date_gmt":"2021-04-22T05:36:08","guid":{"rendered":"https:\/\/twojlekarz.net.pl\/?p=5990"},"modified":"2021-12-21T21:11:26","modified_gmt":"2021-12-21T21:11:26","slug":"nowy-harmonogram-rejestracji-na-szczepienia-przeciw-covid-19","status":"publish","type":"post","link":"https:\/\/twojlekarz.net\/ko\/nowy-harmonogram-rejestracji-na-szczepienia-przeciw-covid-19\/","title":{"rendered":"\ucf54\ub85c\ub09819 \ubc31\uc2e0 \uc811\uc885 \ub4f1\ub85d \uc2e0\uaddc \uc77c\uc815"},"content":{"rendered":"<p>2021\ub144 5\uc6d4 9\uc77c\uae4c\uc9c0 18\uc138 \uc774\uc0c1\/2004\ub144 \uc774\uc804 \ucd9c\uc0dd\uc790\/\ubaa8\ub4e0 \ud658\uc790\ub294 COVID-19 \uc608\ubc29 \uc811\uc885\uc744 \uc704\ud55c \uc804\uc790 \uc548\ub0b4\ubb38\uc744 \ubc1b\uac8c \ub429\ub2c8\ub2e4! \uc774\ub294 4\uc6d4 26\uc77c\ubd80\ud130 \ub9e4\uc77c \ub450 \uac1c\uc758 \uc5f0\uc18d\ub41c \uc5f0\ub839\ub300\uc5d0 \ub300\ud55c \ub4f1\ub85d\uc774 \uc2dc\uc791\ub418\ub294 \uc0c8\ub85c\uc6b4 \uc608\ubc29 \uc811\uc885 \ub4f1\ub85d \uc77c\uc815\uc5d0 \ub530\ub978 \uac83\uc785\ub2c8\ub2e4.&nbsp;<\/p>\n\n\n\n<figure class=\"wp-block-image size-large\"><img data-recalc-dims=\"1\" loading=\"lazy\" decoding=\"async\" width=\"584\" height=\"328\" src=\"https:\/\/i0.wp.com\/twojlekarz.net\/wp-content\/uploads\/image-2.png?resize=584%2C328&#038;ssl=1\" alt=\"\" class=\"wp-image-5993\" srcset=\"https:\/\/i0.wp.com\/twojlekarz.net\/wp-content\/uploads\/image-2.png?w=584&amp;ssl=1 584w, https:\/\/i0.wp.com\/twojlekarz.net\/wp-content\/uploads\/image-2.png?resize=300%2C168&amp;ssl=1 300w\" sizes=\"auto, (max-width: 584px) 100vw, 584px\" \/><\/figure>\n\n\n\n<p>\uc774 \ud574\uacb0\ucc45\uc758 \ubaa9\ud45c\ub294 \uac00\ub2a5\ud55c \ud55c \ube68\ub9ac \uc778\uad6c \uba74\uc5ed \ud6a8\uacfc\ub97c \ub2ec\uc131\ud558\uae30 \uc704\ud574 \ubc31\uc2e0 \uc811\uc885 \ud504\ub85c\uadf8\ub7a8\uc744 \ub300\ud3ed \uac00\uc18d\ud654\ud558\ub294 \uac83\uc785\ub2c8\ub2e4. \ub610\ud55c, \ub300\uaddc\ubaa8 \ubc31\uc2e0 \uc811\uc885 \uc7a5\uc18c\ub97c \uac1c\uc124\ud558\uace0, \ubc31\uc2e0 \ub0ad\ube44 \uc704\ud5d8\uc774 \uc788\ub294 \uc0c1\ud669\uc5d0\uc11c\ub294 18\uc138 \uc774\uc0c1\uc778 \ubaa8\ub4e0 \uc0ac\ub78c\uc5d0\uac8c \uc811\uc885\ud560 \uc218 \uc788\ub3c4\ub85d \uaddc\uc815\uc744 \ub9c8\ub828\ud568\uc73c\ub85c\uc368 \uc774\ub7ec\ud55c \ubaa9\ud45c\ub97c \ub2ec\uc131\ud560 \uc218 \uc788\uc2b5\ub2c8\ub2e4.<\/p>\n\n\n\n<p>TVN24\uc5d0\uc11c \uac00\uc815\uc758\ud559 \uc804\ubb38\uc758\uc778 \ub9c8\ub9ac\uc624\ub77c \ub9c8\ub4e4\ub7ec \ub9ac\ud14c\ub77c \ubc15\uc0ac\ub294 &quot;\uc774\ub807\uac8c \ud558\uba74 \uc6b0\ub9ac\uc758 \uc77c\uc774 \ub354 \uc26c\uc6cc\uc9c8 \uac83&quot;\uc774\ub77c\uace0 \ub9d0\ud588\uc2b5\ub2c8\ub2e4.<\/p>\n\n\n\n<figure class=\"wp-block-image size-large is-resized\"><img data-recalc-dims=\"1\" loading=\"lazy\" decoding=\"async\" src=\"https:\/\/i0.wp.com\/twojlekarz.net\/wp-content\/uploads\/8bc30a2b-460f-4105-ba9b-94f3fe82d8cd.jpg?resize=554%2C350&#038;ssl=1\" alt=\"\" class=\"wp-image-5997\" width=\"554\" height=\"350\" srcset=\"https:\/\/i0.wp.com\/twojlekarz.net\/wp-content\/uploads\/8bc30a2b-460f-4105-ba9b-94f3fe82d8cd.jpg?resize=1024%2C648&amp;ssl=1 1024w, https:\/\/i0.wp.com\/twojlekarz.net\/wp-content\/uploads\/8bc30a2b-460f-4105-ba9b-94f3fe82d8cd.jpg?resize=300%2C190&amp;ssl=1 300w, https:\/\/i0.wp.com\/twojlekarz.net\/wp-content\/uploads\/8bc30a2b-460f-4105-ba9b-94f3fe82d8cd.jpg?resize=768%2C486&amp;ssl=1 768w, https:\/\/i0.wp.com\/twojlekarz.net\/wp-content\/uploads\/8bc30a2b-460f-4105-ba9b-94f3fe82d8cd.jpg?w=1280&amp;ssl=1 1280w\" sizes=\"auto, (max-width: 554px) 100vw, 554px\" \/><\/figure>\n\n\n\n<p>\ubaa9\uc694\uc77c \uc624\uc804 8\uc2dc \uc774\ud6c4 TVN24\uc5d0\uc11c NZOZ Tw\u00f3j Lekarz \ub124\ud2b8\uc6cc\ud06c \ucc45\uc784\uc790\uc640\uc758 \uc804\uccb4 \uc778\ud130\ubdf0<\/p>","protected":false},"excerpt":{"rendered":"<p>2021\ub144 5\uc6d4 9\uc77c\uae4c\uc9c0 18\uc138 \uc774\uc0c1\/2004\ub144 \uc774\uc804 \ucd9c\uc0dd\uc790\/\ubaa8\ub4e0 \ud658\uc790\ub294 COVID-19 \uc608\ubc29 \uc811\uc885\uc744 \uc704\ud55c \uc804\uc790 \uc548\ub0b4\ubb38\uc744 \ubc1b\uac8c \ub429\ub2c8\ub2e4! \uc774\ub294 4\uc6d4 26\uc77c\ubd80\ud130 \ub9e4\uc77c \ub450 \uac1c\uc758 \uc5f0\uc18d\ub41c \uc5f0\ub839\ub300\uc5d0 \ub300\ud55c \ub4f1\ub85d\uc774 \uc2dc\uc791\ub418\ub294 \uc0c8\ub85c\uc6b4 \uc608\ubc29 \uc811\uc885 \ub4f1\ub85d \uc77c\uc815\uc5d0 \ub530\ub978 \uac83\uc785\ub2c8\ub2e4. <\/p>","protected":false},"author":9,"featured_media":5997,"comment_status":"closed","ping_status":"closed","sticky":false,"template":"","format":"standard","meta":{"_jetpack_memberships_contains_paid_content":false,"footnotes":"","_wp_rev_ctl_limit":""},"categories":[90],"tags":[],"class_list":["post-5990","post","type-post","status-publish","format-standard","has-post-thumbnail","hentry","category-s1-aktualnoci"],"yoast_head":"<!-- This site is optimized with the Yoast SEO plugin v27.3 - https:\/\/yoast.com\/product\/yoast-seo-wordpress\/ -->\n<title>Nowy harmonogram rejestracji na szczepienia przeciw covid-19 - Przychodnia NZOZ &quot;Tw\u00f3j Lekarz&quot; sp. z o.o.<\/title>\n<meta name=\"robots\" content=\"index, follow, max-snippet:-1, max-image-preview:large, max-video-preview:-1\" \/>\n<link rel=\"canonical\" href=\"https:\/\/twojlekarz.net\/ko\/nowy-harmonogram-rejestracji-na-szczepienia-przeciw-covid-19\/\" \/>\n<meta property=\"og:locale\" content=\"ko_KR\" \/>\n<meta property=\"og:type\" content=\"article\" \/>\n<meta property=\"og:title\" content=\"Nowy harmonogram rejestracji na szczepienia przeciw covid-19 - Przychodnia NZOZ &quot;Tw\u00f3j Lekarz&quot; sp. z o.o.\" \/>\n<meta property=\"og:description\" content=\"Do 9 maja 2021 wszyscy Pacjenci 18+ \/urodzeni przed rokiem 2004\/ otrzymaj\u0105 e-skierowania na szczepienia przeciw COVID-19.! Tak zak\u0142ada nowy harmonogram rejestracji na szczepienia, zgodnie z kt\u00f3rym od 26 kwietnia, ka\u017cdego dnia otwierana b\u0119dzie rejestracja dla dw\u00f3ch kolejnych rocznik\u00f3w.\" \/>\n<meta property=\"og:url\" content=\"https:\/\/twojlekarz.net\/ko\/nowy-harmonogram-rejestracji-na-szczepienia-przeciw-covid-19\/\" \/>\n<meta property=\"og:site_name\" content=\"Przychodnia NZOZ &quot;Tw\u00f3j Lekarz&quot; sp. z o.o.\" \/>\n<meta property=\"article:publisher\" content=\"https:\/\/www.facebook.com\/NZOZTwojLekarz\/\" \/>\n<meta property=\"article:published_time\" content=\"2021-04-22T05:36:08+00:00\" \/>\n<meta property=\"article:modified_time\" content=\"2021-12-21T21:11:26+00:00\" \/>\n<meta property=\"og:image\" content=\"https:\/\/twojlekarz.net\/wp-content\/uploads\/8bc30a2b-460f-4105-ba9b-94f3fe82d8cd.jpg\" \/>\n\t<meta property=\"og:image:width\" content=\"1280\" \/>\n\t<meta property=\"og:image:height\" content=\"810\" \/>\n\t<meta property=\"og:image:type\" content=\"image\/jpeg\" \/>\n<meta name=\"author\" content=\"NZOZ &quot;Tw\u00f3j Lekarz&quot;\" \/>\n<meta name=\"twitter:card\" content=\"summary_large_image\" \/>\n<meta name=\"twitter:label1\" content=\"\uae00\uc4f4\uc774\" \/>\n\t<meta name=\"twitter:data1\" content=\"NZOZ &quot;Tw\u00f3j Lekarz&quot;\" \/>\n\t<meta name=\"twitter:label2\" content=\"\uc608\uc0c1 \ub418\ub294 \ud310\ub3c5 \uc2dc\uac04\" \/>\n\t<meta name=\"twitter:data2\" content=\"1\ubd84\" \/>\n<script type=\"application\/ld+json\" class=\"yoast-schema-graph\">{\"@context\":\"https:\\\/\\\/schema.org\",\"@graph\":[{\"@type\":\"Article\",\"@id\":\"https:\\\/\\\/twojlekarz.net\\\/nowy-harmonogram-rejestracji-na-szczepienia-przeciw-covid-19\\\/#article\",\"isPartOf\":{\"@id\":\"https:\\\/\\\/twojlekarz.net\\\/nowy-harmonogram-rejestracji-na-szczepienia-przeciw-covid-19\\\/\"},\"author\":{\"name\":\"NZOZ \\\"Tw\u00f3j Lekarz\\\"\",\"@id\":\"https:\\\/\\\/twojlekarz.net\\\/#\\\/schema\\\/person\\\/4872e4157107aad4013c32ac52a4b9b4\"},\"headline\":\"Nowy harmonogram rejestracji na szczepienia przeciw covid-19\",\"datePublished\":\"2021-04-22T05:36:08+00:00\",\"dateModified\":\"2021-12-21T21:11:26+00:00\",\"mainEntityOfPage\":{\"@id\":\"https:\\\/\\\/twojlekarz.net\\\/nowy-harmonogram-rejestracji-na-szczepienia-przeciw-covid-19\\\/\"},\"wordCount\":138,\"publisher\":{\"@id\":\"https:\\\/\\\/twojlekarz.net\\\/#organization\"},\"image\":{\"@id\":\"https:\\\/\\\/twojlekarz.net\\\/nowy-harmonogram-rejestracji-na-szczepienia-przeciw-covid-19\\\/#primaryimage\"},\"thumbnailUrl\":\"https:\\\/\\\/i0.wp.com\\\/twojlekarz.net\\\/wp-content\\\/uploads\\\/8bc30a2b-460f-4105-ba9b-94f3fe82d8cd.jpg?fit=1280%2C810&ssl=1\",\"articleSection\":[\"Aktualno\u015bci\"],\"inLanguage\":\"ko-KR\"},{\"@type\":\"WebPage\",\"@id\":\"https:\\\/\\\/twojlekarz.net\\\/nowy-harmonogram-rejestracji-na-szczepienia-przeciw-covid-19\\\/\",\"url\":\"https:\\\/\\\/twojlekarz.net\\\/nowy-harmonogram-rejestracji-na-szczepienia-przeciw-covid-19\\\/\",\"name\":\"Nowy harmonogram rejestracji na szczepienia przeciw covid-19 - Przychodnia NZOZ &quot;Tw\u00f3j Lekarz&quot; sp. z o.o.\",\"isPartOf\":{\"@id\":\"https:\\\/\\\/twojlekarz.net\\\/#website\"},\"primaryImageOfPage\":{\"@id\":\"https:\\\/\\\/twojlekarz.net\\\/nowy-harmonogram-rejestracji-na-szczepienia-przeciw-covid-19\\\/#primaryimage\"},\"image\":{\"@id\":\"https:\\\/\\\/twojlekarz.net\\\/nowy-harmonogram-rejestracji-na-szczepienia-przeciw-covid-19\\\/#primaryimage\"},\"thumbnailUrl\":\"https:\\\/\\\/i0.wp.com\\\/twojlekarz.net\\\/wp-content\\\/uploads\\\/8bc30a2b-460f-4105-ba9b-94f3fe82d8cd.jpg?fit=1280%2C810&ssl=1\",\"datePublished\":\"2021-04-22T05:36:08+00:00\",\"dateModified\":\"2021-12-21T21:11:26+00:00\",\"breadcrumb\":{\"@id\":\"https:\\\/\\\/twojlekarz.net\\\/nowy-harmonogram-rejestracji-na-szczepienia-przeciw-covid-19\\\/#breadcrumb\"},\"inLanguage\":\"ko-KR\",\"potentialAction\":[{\"@type\":\"ReadAction\",\"target\":[\"https:\\\/\\\/twojlekarz.net\\\/nowy-harmonogram-rejestracji-na-szczepienia-przeciw-covid-19\\\/\"]}]},{\"@type\":\"ImageObject\",\"inLanguage\":\"ko-KR\",\"@id\":\"https:\\\/\\\/twojlekarz.net\\\/nowy-harmonogram-rejestracji-na-szczepienia-przeciw-covid-19\\\/#primaryimage\",\"url\":\"https:\\\/\\\/i0.wp.com\\\/twojlekarz.net\\\/wp-content\\\/uploads\\\/8bc30a2b-460f-4105-ba9b-94f3fe82d8cd.jpg?fit=1280%2C810&ssl=1\",\"contentUrl\":\"https:\\\/\\\/i0.wp.com\\\/twojlekarz.net\\\/wp-content\\\/uploads\\\/8bc30a2b-460f-4105-ba9b-94f3fe82d8cd.jpg?fit=1280%2C810&ssl=1\",\"width\":1280,\"height\":810,\"caption\":\"tvn24\"},{\"@type\":\"BreadcrumbList\",\"@id\":\"https:\\\/\\\/twojlekarz.net\\\/nowy-harmonogram-rejestracji-na-szczepienia-przeciw-covid-19\\\/#breadcrumb\",\"itemListElement\":[{\"@type\":\"ListItem\",\"position\":1,\"name\":\"Strona g\u0142\u00f3wna\",\"item\":\"https:\\\/\\\/twojlekarz.net\\\/\"},{\"@type\":\"ListItem\",\"position\":2,\"name\":\"Nowy harmonogram rejestracji na szczepienia przeciw covid-19\"}]},{\"@type\":\"WebSite\",\"@id\":\"https:\\\/\\\/twojlekarz.net\\\/#website\",\"url\":\"https:\\\/\\\/twojlekarz.net\\\/\",\"name\":\"Przychodnia NZOZ \\\"Tw\u00f3j Lekarz\\\" sp. z o.o.\",\"description\":\"\",\"publisher\":{\"@id\":\"https:\\\/\\\/twojlekarz.net\\\/#organization\"},\"potentialAction\":[{\"@type\":\"SearchAction\",\"target\":{\"@type\":\"EntryPoint\",\"urlTemplate\":\"https:\\\/\\\/twojlekarz.net\\\/?s={search_term_string}\"},\"query-input\":{\"@type\":\"PropertyValueSpecification\",\"valueRequired\":true,\"valueName\":\"search_term_string\"}}],\"inLanguage\":\"ko-KR\"},{\"@type\":\"Organization\",\"@id\":\"https:\\\/\\\/twojlekarz.net\\\/#organization\",\"name\":\"Przychodnia NZOZ \\\"Tw\u00f3j Lekarz\\\" sp. z o.o.\",\"url\":\"https:\\\/\\\/twojlekarz.net\\\/\",\"logo\":{\"@type\":\"ImageObject\",\"inLanguage\":\"ko-KR\",\"@id\":\"https:\\\/\\\/twojlekarz.net\\\/#\\\/schema\\\/logo\\\/image\\\/\",\"url\":\"https:\\\/\\\/i0.wp.com\\\/twojlekarz.net\\\/wp-content\\\/uploads\\\/twoj-lekarz-logo2-e1448917738554.jpg?fit=200%2C71&ssl=1\",\"contentUrl\":\"https:\\\/\\\/i0.wp.com\\\/twojlekarz.net\\\/wp-content\\\/uploads\\\/twoj-lekarz-logo2-e1448917738554.jpg?fit=200%2C71&ssl=1\",\"width\":200,\"height\":71,\"caption\":\"Przychodnia NZOZ \\\"Tw\u00f3j Lekarz\\\" sp. z o.o.\"},\"image\":{\"@id\":\"https:\\\/\\\/twojlekarz.net\\\/#\\\/schema\\\/logo\\\/image\\\/\"},\"sameAs\":[\"https:\\\/\\\/www.facebook.com\\\/NZOZTwojLekarz\\\/\"]},{\"@type\":\"Person\",\"@id\":\"https:\\\/\\\/twojlekarz.net\\\/#\\\/schema\\\/person\\\/4872e4157107aad4013c32ac52a4b9b4\",\"name\":\"NZOZ \\\"Tw\u00f3j Lekarz\\\"\",\"image\":{\"@type\":\"ImageObject\",\"inLanguage\":\"ko-KR\",\"@id\":\"https:\\\/\\\/secure.gravatar.com\\\/avatar\\\/9465837260f6ae13894c21dc64ea0fd37fae2ef5730310619b4823c3909befd4?s=96&d=mm&r=g\",\"url\":\"https:\\\/\\\/secure.gravatar.com\\\/avatar\\\/9465837260f6ae13894c21dc64ea0fd37fae2ef5730310619b4823c3909befd4?s=96&d=mm&r=g\",\"contentUrl\":\"https:\\\/\\\/secure.gravatar.com\\\/avatar\\\/9465837260f6ae13894c21dc64ea0fd37fae2ef5730310619b4823c3909befd4?s=96&d=mm&r=g\",\"caption\":\"NZOZ \\\"Tw\u00f3j Lekarz\\\"\"},\"url\":\"https:\\\/\\\/twojlekarz.net\\\/ko\\\/author\\\/twojlekarz\\\/\"}]}<\/script>\n<!-- \/ Yoast SEO plugin. -->","yoast_head_json":{"title":"Nowy harmonogram rejestracji na szczepienia przeciw covid-19 - Przychodnia NZOZ &quot;Tw\u00f3j Lekarz&quot; sp. z o.o.","robots":{"index":"index","follow":"follow","max-snippet":"max-snippet:-1","max-image-preview":"max-image-preview:large","max-video-preview":"max-video-preview:-1"},"canonical":"https:\/\/twojlekarz.net\/ko\/nowy-harmonogram-rejestracji-na-szczepienia-przeciw-covid-19\/","og_locale":"ko_KR","og_type":"article","og_title":"Nowy harmonogram rejestracji na szczepienia przeciw covid-19 - Przychodnia NZOZ &quot;Tw\u00f3j Lekarz&quot; sp. z o.o.","og_description":"Do 9 maja 2021 wszyscy Pacjenci 18+ \/urodzeni przed rokiem 2004\/ otrzymaj\u0105 e-skierowania na szczepienia przeciw COVID-19.! Tak zak\u0142ada nowy harmonogram rejestracji na szczepienia, zgodnie z kt\u00f3rym od 26 kwietnia, ka\u017cdego dnia otwierana b\u0119dzie rejestracja dla dw\u00f3ch kolejnych rocznik\u00f3w.","og_url":"https:\/\/twojlekarz.net\/ko\/nowy-harmonogram-rejestracji-na-szczepienia-przeciw-covid-19\/","og_site_name":"Przychodnia NZOZ &quot;Tw\u00f3j Lekarz&quot; sp. z o.o.","article_publisher":"https:\/\/www.facebook.com\/NZOZTwojLekarz\/","article_published_time":"2021-04-22T05:36:08+00:00","article_modified_time":"2021-12-21T21:11:26+00:00","og_image":[{"width":1280,"height":810,"url":"https:\/\/twojlekarz.net\/wp-content\/uploads\/8bc30a2b-460f-4105-ba9b-94f3fe82d8cd.jpg","type":"image\/jpeg"}],"author":"NZOZ \"Tw\u00f3j Lekarz\"","twitter_card":"summary_large_image","twitter_misc":{"\uae00\uc4f4\uc774":"NZOZ \"Tw\u00f3j Lekarz\"","\uc608\uc0c1 \ub418\ub294 \ud310\ub3c5 \uc2dc\uac04":"1\ubd84"},"schema":{"@context":"https:\/\/schema.org","@graph":[{"@type":"Article","@id":"https:\/\/twojlekarz.net\/nowy-harmonogram-rejestracji-na-szczepienia-przeciw-covid-19\/#article","isPartOf":{"@id":"https:\/\/twojlekarz.net\/nowy-harmonogram-rejestracji-na-szczepienia-przeciw-covid-19\/"},"author":{"name":"NZOZ \"Tw\u00f3j Lekarz\"","@id":"https:\/\/twojlekarz.net\/#\/schema\/person\/4872e4157107aad4013c32ac52a4b9b4"},"headline":"Nowy harmonogram rejestracji na szczepienia przeciw covid-19","datePublished":"2021-04-22T05:36:08+00:00","dateModified":"2021-12-21T21:11:26+00:00","mainEntityOfPage":{"@id":"https:\/\/twojlekarz.net\/nowy-harmonogram-rejestracji-na-szczepienia-przeciw-covid-19\/"},"wordCount":138,"publisher":{"@id":"https:\/\/twojlekarz.net\/#organization"},"image":{"@id":"https:\/\/twojlekarz.net\/nowy-harmonogram-rejestracji-na-szczepienia-przeciw-covid-19\/#primaryimage"},"thumbnailUrl":"https:\/\/i0.wp.com\/twojlekarz.net\/wp-content\/uploads\/8bc30a2b-460f-4105-ba9b-94f3fe82d8cd.jpg?fit=1280%2C810&ssl=1","articleSection":["Aktualno\u015bci"],"inLanguage":"ko-KR"},{"@type":"WebPage","@id":"https:\/\/twojlekarz.net\/nowy-harmonogram-rejestracji-na-szczepienia-przeciw-covid-19\/","url":"https:\/\/twojlekarz.net\/nowy-harmonogram-rejestracji-na-szczepienia-przeciw-covid-19\/","name":"Nowy harmonogram rejestracji na szczepienia przeciw covid-19 - Przychodnia NZOZ &quot;Tw\u00f3j Lekarz&quot; sp. z o.o.","isPartOf":{"@id":"https:\/\/twojlekarz.net\/#website"},"primaryImageOfPage":{"@id":"https:\/\/twojlekarz.net\/nowy-harmonogram-rejestracji-na-szczepienia-przeciw-covid-19\/#primaryimage"},"image":{"@id":"https:\/\/twojlekarz.net\/nowy-harmonogram-rejestracji-na-szczepienia-przeciw-covid-19\/#primaryimage"},"thumbnailUrl":"https:\/\/i0.wp.com\/twojlekarz.net\/wp-content\/uploads\/8bc30a2b-460f-4105-ba9b-94f3fe82d8cd.jpg?fit=1280%2C810&ssl=1","datePublished":"2021-04-22T05:36:08+00:00","dateModified":"2021-12-21T21:11:26+00:00","breadcrumb":{"@id":"https:\/\/twojlekarz.net\/nowy-harmonogram-rejestracji-na-szczepienia-przeciw-covid-19\/#breadcrumb"},"inLanguage":"ko-KR","potentialAction":[{"@type":"ReadAction","target":["https:\/\/twojlekarz.net\/nowy-harmonogram-rejestracji-na-szczepienia-przeciw-covid-19\/"]}]},{"@type":"ImageObject","inLanguage":"ko-KR","@id":"https:\/\/twojlekarz.net\/nowy-harmonogram-rejestracji-na-szczepienia-przeciw-covid-19\/#primaryimage","url":"https:\/\/i0.wp.com\/twojlekarz.net\/wp-content\/uploads\/8bc30a2b-460f-4105-ba9b-94f3fe82d8cd.jpg?fit=1280%2C810&ssl=1","contentUrl":"https:\/\/i0.wp.com\/twojlekarz.net\/wp-content\/uploads\/8bc30a2b-460f-4105-ba9b-94f3fe82d8cd.jpg?fit=1280%2C810&ssl=1","width":1280,"height":810,"caption":"tvn24"},{"@type":"BreadcrumbList","@id":"https:\/\/twojlekarz.net\/nowy-harmonogram-rejestracji-na-szczepienia-przeciw-covid-19\/#breadcrumb","itemListElement":[{"@type":"ListItem","position":1,"name":"Strona g\u0142\u00f3wna","item":"https:\/\/twojlekarz.net\/"},{"@type":"ListItem","position":2,"name":"Nowy harmonogram rejestracji na szczepienia przeciw covid-19"}]},{"@type":"WebSite","@id":"https:\/\/twojlekarz.net\/#website","url":"https:\/\/twojlekarz.net\/","name":"NZOZ \ud074\ub9ac\ub2c9 &quot;Tw\u00f3j Doktor&quot; z o.","description":"","publisher":{"@id":"https:\/\/twojlekarz.net\/#organization"},"potentialAction":[{"@type":"SearchAction","target":{"@type":"EntryPoint","urlTemplate":"https:\/\/twojlekarz.net\/?s={search_term_string}"},"query-input":{"@type":"PropertyValueSpecification","valueRequired":true,"valueName":"search_term_string"}}],"inLanguage":"ko-KR"},{"@type":"Organization","@id":"https:\/\/twojlekarz.net\/#organization","name":"NZOZ \ud074\ub9ac\ub2c9 &quot;Tw\u00f3j Doktor&quot; z o.","url":"https:\/\/twojlekarz.net\/","logo":{"@type":"ImageObject","inLanguage":"ko-KR","@id":"https:\/\/twojlekarz.net\/#\/schema\/logo\/image\/","url":"https:\/\/i0.wp.com\/twojlekarz.net\/wp-content\/uploads\/twoj-lekarz-logo2-e1448917738554.jpg?fit=200%2C71&ssl=1","contentUrl":"https:\/\/i0.wp.com\/twojlekarz.net\/wp-content\/uploads\/twoj-lekarz-logo2-e1448917738554.jpg?fit=200%2C71&ssl=1","width":200,"height":71,"caption":"Przychodnia NZOZ \"Tw\u00f3j Lekarz\" sp. z o.o."},"image":{"@id":"https:\/\/twojlekarz.net\/#\/schema\/logo\/image\/"},"sameAs":["https:\/\/www.facebook.com\/NZOZTwojLekarz\/"]},{"@type":"Person","@id":"https:\/\/twojlekarz.net\/#\/schema\/person\/4872e4157107aad4013c32ac52a4b9b4","name":"NZOZ &quot;\ub2f9\uc2e0\uc758 \uc758\uc0ac&quot;","image":{"@type":"ImageObject","inLanguage":"ko-KR","@id":"https:\/\/secure.gravatar.com\/avatar\/9465837260f6ae13894c21dc64ea0fd37fae2ef5730310619b4823c3909befd4?s=96&d=mm&r=g","url":"https:\/\/secure.gravatar.com\/avatar\/9465837260f6ae13894c21dc64ea0fd37fae2ef5730310619b4823c3909befd4?s=96&d=mm&r=g","contentUrl":"https:\/\/secure.gravatar.com\/avatar\/9465837260f6ae13894c21dc64ea0fd37fae2ef5730310619b4823c3909befd4?s=96&d=mm&r=g","caption":"NZOZ \"Tw\u00f3j Lekarz\""},"url":"https:\/\/twojlekarz.net\/ko\/author\/twojlekarz\/"}]}},"jetpack_featured_media_url":"https:\/\/i0.wp.com\/twojlekarz.net\/wp-content\/uploads\/8bc30a2b-460f-4105-ba9b-94f3fe82d8cd.jpg?fit=1280%2C810&ssl=1","jetpack_sharing_enabled":true,"_links":{"self":[{"href":"https:\/\/twojlekarz.net\/ko\/wp-json\/wp\/v2\/posts\/5990","targetHints":{"allow":["GET"]}}],"collection":[{"href":"https:\/\/twojlekarz.net\/ko\/wp-json\/wp\/v2\/posts"}],"about":[{"href":"https:\/\/twojlekarz.net\/ko\/wp-json\/wp\/v2\/types\/post"}],"author":[{"embeddable":true,"href":"https:\/\/twojlekarz.net\/ko\/wp-json\/wp\/v2\/users\/9"}],"replies":[{"embeddable":true,"href":"https:\/\/twojlekarz.net\/ko\/wp-json\/wp\/v2\/comments?post=5990"}],"version-history":[{"count":0,"href":"https:\/\/twojlekarz.net\/ko\/wp-json\/wp\/v2\/posts\/5990\/revisions"}],"wp:featuredmedia":[{"embeddable":true,"href":"https:\/\/twojlekarz.net\/ko\/wp-json\/wp\/v2\/media\/5997"}],"wp:attachment":[{"href":"https:\/\/twojlekarz.net\/ko\/wp-json\/wp\/v2\/media?parent=5990"}],"wp:term":[{"taxonomy":"category","embeddable":true,"href":"https:\/\/twojlekarz.net\/ko\/wp-json\/wp\/v2\/categories?post=5990"},{"taxonomy":"post_tag","embeddable":true,"href":"https:\/\/twojlekarz.net\/ko\/wp-json\/wp\/v2\/tags?post=5990"}],"curies":[{"name":"\uc6cc\ub4dc\ud504\ub808\uc2a4","href":"https:\/\/api.w.org\/{rel}","templated":true}]}}