{"id":11342,"date":"2026-03-04T05:51:00","date_gmt":"2026-03-04T04:51:00","guid":{"rendered":"https:\/\/twojlekarz.net\/?p=11342"},"modified":"2026-02-26T14:51:50","modified_gmt":"2026-02-26T13:51:50","slug":"04-03-2026-nagle-pogorszenie-widzenia-kiedy-liczy-sie-szybka-reakcja","status":"publish","type":"post","link":"https:\/\/twojlekarz.net\/uk\/04-03-2026-nagle-pogorszenie-widzenia-kiedy-liczy-sie-szybka-reakcja\/","title":{"rendered":"04\/03\/2026 | \u0420\u0430\u043f\u0442\u043e\u0432\u0430 \u0432\u0442\u0440\u0430\u0442\u0430 \u0437\u043e\u0440\u0443. \u041a\u043e\u043b\u0438 \u0448\u0432\u0438\u0434\u043a\u0430 \u0440\u0435\u0430\u043a\u0446\u0456\u044f \u0454 \u043a\u043b\u044e\u0447\u043e\u0432\u043e\u044e."},"content":{"rendered":"\n<p><strong>Podcast:<\/strong> CO NA TO TW\u00d3J LEKARZ<\/p>\n\n\n\n<p><strong>Odcinek:<\/strong> Nag\u0142e pogorszenie widzenia. Kiedy liczy si\u0119 szybka reakcja.<\/p>\n\n\n\n<p><strong>Prowadz\u0105cy:<\/strong> Dariusz Litera<\/p>\n\n\n\n<p><strong>Go\u015b\u0107:<\/strong> dr Sebastian Floryn, specjalista okulistyki<\/p>\n\n\n\n<p><strong>Czas trwania:<\/strong> 13 minut<\/p>\n\n\n\n<p>Nie ka\u017cdy problem ze wzrokiem wi\u0105\u017ce si\u0119 z b\u00f3lem. W okulistyce wiele powa\u017cnych, potencjalnie nieodwracalnych stan\u00f3w przebiega bezbole\u015bnie, a jedynymi objawami mog\u0105 by\u0107 b\u0142yski, m\u0119ty, nag\u0142e ubytki w polu widzenia czy wra\u017cenie ciemnej przys\u0142ony przed okiem.<\/p>\n\n\n\n<p>W tym odcinku CO NA TO TW\u00d3J LEKARZ Dariusz Litera rozmawia z dr. Sebastianem Florynem, specjalist\u0105 okulistyki, o objawach, kt\u00f3rych nie wolno ignorowa\u0107. Ekspert wyja\u015bnia, kiedy nale\u017cy pilnie zg\u0142osi\u0107 si\u0119 na ostry dy\u017cur okulistyczny, dlaczego w niekt\u00f3rych przypadkach licz\u0105 si\u0119 godziny oraz jakie choroby og\u00f3lnoustrojowe mog\u0105 ujawnia\u0107 si\u0119 poprzez objawy ze strony oka.<\/p>\n\n\n\n<p><strong>PE\u0141NA TRANSKRYPCJA PODCASTU<\/strong><\/p>\n\n\n\n<p><strong>[00:00:00] Wprowadzenie<\/strong><\/p>\n\n\n\n<p><strong>Dariusz Litera:<\/strong><\/p>\n\n\n\n<p>Nie ka\u017cdy problem ze wzrokiem boli. Czasem to tylko b\u0142yski, m\u0119ty albo wra\u017cenie, \u017ce co\u015b zas\u0142ania nam fragment obrazu. Wielu pacjent\u00f3w zamiast zg\u0142osi\u0107 si\u0119 do lekarza, czeka na lepszy moment. Jednak nie warto zwleka\u0107 z wizyt\u0105 u okulisty. Chcesz pozna\u0107 objawy, przy kt\u00f3rych czas ma kluczowe znaczenie? Sprawd\u017a, co na to Tw\u00f3j Lekarz.<\/p>\n\n\n\n<p>Dzisiaj Twoim lekarzem jest okulista dr Sebastian Floryn. Witam ponownie, Panie Doktorze.<\/p>\n\n\n\n<p><strong>dr Sebastian Floryn:<\/strong><\/p>\n\n\n\n<p>Dzie\u0144 dobry, Panie Dariuszu.<\/p>\n\n\n\n<p><strong>[00:00:27] Jakie objawy pacjenci najcz\u0119\u015bciej ignoruj\u0105?<\/strong><\/p>\n\n\n\n<p><strong>Dariusz Litera:<\/strong><\/p>\n\n\n\n<p>Jakie sygna\u0142y s\u0105 najcz\u0119\u015bciej ignorowane przez pacjent\u00f3w?<\/p>\n\n\n\n<p><strong>dr Sebastian Floryn:<\/strong><\/p>\n\n\n\n<p>Najcz\u0119\u015bciej ignorowane objawy, kt\u00f3re mog\u0105 zwiastowa\u0107 co\u015b powa\u017cnego, to wszelkiego rodzaju p\u0142ywaj\u0105ce przed okiem du\u017ce m\u0119ty. M\u00f3wimy wtedy o czarnych p\u0142atach sadzy albo o ciemnym, w\u0119glowym pyle, kt\u00f3ry \u201efruwa\u201d przed okiem.<\/p>\n\n\n\n<p>Najpowa\u017cniejszym objawem jest jednak nieruchoma, ciemna przys\u0142ona, kt\u00f3ra odbiera pacjentowi mo\u017cliwo\u015b\u0107 widzenia w okre\u015blonych sektorach pola widzenia.<\/p>\n\n\n\n<p><strong>[00:00:57] \u201eI wtedy ju\u017c nie czekamy\u201d<\/strong><\/p>\n\n\n\n<p><strong>Dariusz Litera:<\/strong><\/p>\n\n\n\n<p>I wtedy to ju\u017c nie czekamy na nic.<\/p>\n\n\n\n<p><strong>dr Sebastian Floryn:<\/strong><\/p>\n\n\n\n<p>Zawsze m\u00f3wi\u0119 pacjentom, \u017ce je\u017celi pojawi\u0105 si\u0119 tego typu objawy, absolutnie nie ma sensu pr\u00f3bowa\u0107 dosta\u0107 si\u0119 na prywatn\u0105 wizyt\u0119 czy organizowa\u0107 konsultacji \u201epo znajomo\u015bci\u201d.<\/p>\n\n\n\n<p>Trzeba zg\u0142osi\u0107 si\u0119 na ostry dy\u017cur okulistyczny, poniewa\u017c takie objawy mog\u0105 \u015bwiadczy\u0107 o bardzo powa\u017cnym stanie, w kt\u00f3rym czas ma kluczowe znaczenie.<\/p>\n\n\n\n<p><strong>[00:01:22] Dlaczego pacjenci zwlekaj\u0105, skoro objawy niepokoj\u0105?<\/strong><\/p>\n\n\n\n<p><strong>Dariusz Litera:<\/strong><\/p>\n\n\n\n<p>Dlaczego pacjenci czekaj\u0105, mimo \u017ce co\u015b ich niepokoi?<\/p>\n\n\n\n<p><strong>dr Sebastian Floryn:<\/strong><\/p>\n\n\n\n<p>Je\u017celi co\u015b nie boli, wydaje si\u0119 mniej powa\u017cne ni\u017c objaw, kt\u00f3remu towarzyszy b\u00f3l. A w okulistyce najpowa\u017cniejsze stany \u2013 nawet te prowadz\u0105ce do potencjalnej utraty wzroku \u2013 cz\u0119sto s\u0105 bezbolesne.<\/p>\n\n\n\n<p>W naturze ludzkiej jest my\u015blenie: \u201eMo\u017ce to przejdzie. Poczekam do jutra\u201d. Cz\u0119sto pojawia si\u0119 te\u017c argument logistyczny \u2013 brak transportu, brak mo\u017cliwo\u015bci szybkiego dotarcia do lekarza. I w ten spos\u00f3b ucieka cenny czas.<\/p>\n\n\n\n<p><strong>[00:02:12] Dlaczego w okulistyce czas ma tak du\u017ce znaczenie?<\/strong><\/p>\n\n\n\n<p><strong>Dariusz Litera:<\/strong><\/p>\n\n\n\n<p>Czas ma znaczenie \u2013 dlaczego?<\/p>\n\n\n\n<p><strong>dr Sebastian Floryn:<\/strong><\/p>\n\n\n\n<p>Wiele dolegliwo\u015bci okulistycznych, zw\u0142aszcza zwi\u0105zanych z zaburzeniami kr\u0105\u017cenia w obr\u0119bie siatk\u00f3wki, mo\u017ce prowadzi\u0107 do zmian nieodwracalnych.<\/p>\n\n\n\n<p>Przyk\u0142adem jest zator t\u0119tnicy \u015brodkowej siatk\u00f3wki. Objawem wiod\u0105cym jest spadek ostro\u015bci wzroku \u2013 w r\u00f3\u017cnym stopniu, zale\u017cnie od tego, kt\u00f3re naczynie i w jakim zakresie zosta\u0142o zamkni\u0119te.<\/p>\n\n\n\n<p>To stan, w kt\u00f3rym licz\u0105 si\u0119 godziny \u2013 jedna, mo\u017ce dwie \u2013 kiedy mo\u017cna jeszcze pr\u00f3bowa\u0107 odwr\u00f3ci\u0107 sytuacj\u0119.<\/p>\n\n\n\n<p><strong>Dariusz Litera:<\/strong><\/p>\n\n\n\n<p>Po tym czasie dochodzi ju\u017c do zmian nieodwracalnych?<\/p>\n\n\n\n<p><strong>dr Sebastian Floryn:<\/strong><\/p>\n\n\n\n<p>Najcz\u0119\u015bciej tak. M\u00f3wimy tu o zamkni\u0119ciu naczy\u0144 od\u017cywiaj\u0105cych siatk\u00f3wk\u0119.<\/p>\n\n\n\n<p><strong>[00:02:58] Kiedy m\u0119ty s\u0105 niegro\u017ane?<\/strong><\/p>\n\n\n\n<p><strong>Dariusz Litera:<\/strong><\/p>\n\n\n\n<p>Kiedy m\u0119ty s\u0105 niegro\u017ane?<\/p>\n\n\n\n<p><strong>dr Sebastian Floryn:<\/strong><\/p>\n\n\n\n<p>Nie ka\u017cdy m\u0119t czy plamka musi \u015bwiadczy\u0107 o sytuacji gro\u017anej. Wraz z up\u0142ywem lat zwi\u0119ksza si\u0119 ilo\u015b\u0107 zag\u0119szcze\u0144 w ciele szklistym. To naturalny proces.<\/p>\n\n\n\n<p>Cia\u0142o szkliste zawiera zag\u0119szczenia, kt\u00f3re mog\u0105 by\u0107 widoczne szczeg\u00f3lnie na jasnym tle.<\/p>\n\n\n\n<p>Natomiast je\u017celi nagle pojawiaj\u0105 si\u0119 grube p\u0142aty przypominaj\u0105ce sadz\u0119 albo ciemna przys\u0142ona \u2013 to znak, \u017ce sprawa mo\u017ce by\u0107 powa\u017cna i wymaga pilnej diagnostyki oraz wdro\u017cenia leczenia.<\/p>\n\n\n\n<p><strong>[00:03:40] B\u0142yski w oku \u2013 fizjologia czy zagro\u017cenie?<\/strong><\/p>\n\n\n\n<p><strong>Dariusz Litera:<\/strong><\/p>\n\n\n\n<p>A co z b\u0142yskami?<\/p>\n\n\n\n<p><strong>dr Sebastian Floryn:<\/strong><\/p>\n\n\n\n<p>B\u0142yski s\u0105 do\u015b\u0107 cz\u0119stym objawem. Ga\u0142ka oczna wype\u0142niona jest przezroczystym \u017celem \u2013 cia\u0142em szklistym. Z wiekiem cia\u0142o szkliste obkurcza si\u0119 i zaczyna oddziela\u0107 od pod\u0142o\u017ca.<\/p>\n\n\n\n<p>Mo\u017ce to powodowa\u0107 poci\u0105ganie siatk\u00f3wki \u2013 tkanki nerwowej. Mechaniczne dra\u017cnienie siatk\u00f3wki przekszta\u0142cane jest w impuls elektryczny i pacjent widzi \u201eiskierki\u201d, \u201egwiazdki\u201d, b\u0142yski.<\/p>\n\n\n\n<p>Wymaga to badania dna oka po rozszerzeniu \u017arenic, aby oceni\u0107, czy jest to fizjologiczne od\u0142\u0105czenie cia\u0142a szklistego, czy dosz\u0142o do przedarcia siatk\u00f3wki, kt\u00f3re mo\u017ce prowadzi\u0107 do odwarstwienia.<\/p>\n\n\n\n<p><strong>[00:04:44] Kiedy b\u0142yski staj\u0105 si\u0119 sygna\u0142em alarmowym?<\/strong><\/p>\n\n\n\n<p><strong>Dariusz Litera:<\/strong><\/p>\n\n\n\n<p>Czy nag\u0142e i utrzymuj\u0105ce si\u0119 b\u0142yski to sygna\u0142 ostrzegawczy?<\/p>\n\n\n\n<p><strong>dr Sebastian Floryn:<\/strong><\/p>\n\n\n\n<p>Tak. Nie zawsze oznaczaj\u0105 co\u015b bardzo powa\u017cnego, ale je\u017celi utrzymuj\u0105 si\u0119 d\u0142u\u017cej i towarzyszy im wra\u017cenie p\u0142ywaj\u0105cej smu\u017cki krwi, nale\u017cy pilnie zg\u0142osi\u0107 si\u0119 do okulisty.<\/p>\n\n\n\n<p>Mo\u017ce to \u015bwiadczy\u0107 o przetarciu siatk\u00f3wki. We wczesnym etapie mo\u017cna wykona\u0107 laserowe zabezpieczenie przedarcia i zapobiec odwarstwieniu siatk\u00f3wki.<\/p>\n\n\n\n<p><strong>[00:05:40] Ubytki w polu widzenia \u2013 co mog\u0105 oznacza\u0107?<\/strong><\/p>\n\n\n\n<p><strong>Dariusz Litera:<\/strong><\/p>\n\n\n\n<p>Co z ubytkami w polu widzenia?<\/p>\n\n\n\n<p><strong>dr Sebastian Floryn:<\/strong><\/p>\n\n\n\n<p>Mog\u0105 mie\u0107 r\u00f3\u017cn\u0105 genez\u0119. Jednym z przyk\u0142ad\u00f3w jest amaurosis fugax \u2013 przej\u015bciowe, chwilowe skurcze naczy\u0144 krwiono\u015bnych siatk\u00f3wki. Pacjent zg\u0142asza epizod zaw\u0119\u017cenia pola widzenia, kt\u00f3ry ust\u0105pi\u0142.<\/p>\n\n\n\n<p>Mo\u017ce to by\u0107 tak\u017ce sektorowe odwarstwienie siatk\u00f3wki \u2013 wspomniana przys\u0142ona przed okiem.<\/p>\n\n\n\n<p>U pacjent\u00f3w z chorobami kardiologicznymi mo\u017ce doj\u015b\u0107 do zamkni\u0119cia naczy\u0144 \u017cylnych lub t\u0119tniczych w siatk\u00f3wce i sektorowego wypadni\u0119cia pola widzenia.<\/p>\n\n\n\n<p>Wtedy konieczna jest diagnostyka okulistyczna oraz internistyczna, kardiologiczna i neurologiczna.<\/p>\n\n\n\n<p><strong>[00:06:40] Kto jest w grupie ryzyka?<\/strong><\/p>\n\n\n\n<p><strong>Dariusz Litera:<\/strong><\/p>\n\n\n\n<p>Kto jest w grupie ryzyka takich zmian?<\/p>\n\n\n\n<p><strong>dr Sebastian Floryn:<\/strong><\/p>\n\n\n\n<p>Najcz\u0119\u015bciej s\u0105 to pacjenci z dolegliwo\u015bciami kardiologicznymi, oty\u0142o\u015bci\u0105, nadci\u015bnieniem t\u0119tniczym.<\/p>\n\n\n\n<p>Problem widoczny w oku bywa efektem choroby og\u00f3lnej. Dlatego tak wa\u017cne s\u0105 regularne kontrole internistyczne, kontrola cholesterolu, ci\u015bnienia t\u0119tniczego i poziomu cukru.<\/p>\n\n\n\n<p>Nieuregulowane parametry mog\u0105 prowadzi\u0107 do dramatycznych objaw\u00f3w okulistycznych.<\/p>\n\n\n\n<p><strong>[00:08:22] Co okulista widzi w naczyniach siatk\u00f3wki?<\/strong><\/p>\n\n\n\n<p><strong>dr Sebastian Floryn:<\/strong><\/p>\n\n\n\n<p>Okulista jest jedynym lekarzem, kt\u00f3ry bez rozcinania tkanek mo\u017ce ogl\u0105da\u0107 na \u017cywo naczynia krwiono\u015bne.<\/p>\n\n\n\n<p>Stan naczy\u0144 w siatk\u00f3wce cz\u0119sto odzwierciedla stan naczy\u0144 wie\u0144cowych i innych naczy\u0144 w organizmie.<\/p>\n\n\n\n<p><strong>[00:09:01] Kr\u00f3tkowzroczno\u015b\u0107 i wiek \u2013 czy zwi\u0119kszaj\u0105 ryzyko?<\/strong><\/p>\n\n\n\n<p><strong>Dariusz Litera:<\/strong><\/p>\n\n\n\n<p>Czy kr\u00f3tkowzroczno\u015b\u0107 powinna wzmaga\u0107 czujno\u015b\u0107?<\/p>\n\n\n\n<p><strong>dr Sebastian Floryn:<\/strong><\/p>\n\n\n\n<p>Tak. Osoby z wysok\u0105 kr\u00f3tkowzroczno\u015bci\u0105 powinny przynajmniej raz w roku wykonywa\u0107 badanie dna oka z rozszerzeniem \u017arenic.<\/p>\n\n\n\n<p>U kr\u00f3tkowidz\u00f3w cz\u0119\u015bciej wyst\u0119puj\u0105 zmiany zwyrodnieniowe na obwodzie siatk\u00f3wki, kt\u00f3re mog\u0105 by\u0107 punktem wyj\u015bcia dla przetarcia i odwarstwienia.<\/p>\n\n\n\n<p><strong>Dariusz Litera:<\/strong><\/p>\n\n\n\n<p>A wiek?<\/p>\n\n\n\n<p><strong>dr Sebastian Floryn:<\/strong><\/p>\n\n\n\n<p>Starsze osoby cz\u0119\u015bciej choruj\u0105 na choroby uk\u0142adowe, dlatego cz\u0119\u015bciej dotycz\u0105 ich opisane stany. Jednak nie mo\u017cna wykluczy\u0107 ich wyst\u0105pienia u m\u0142odych os\u00f3b.<\/p>\n\n\n\n<p><strong>[00:10:11] SOR czy pilna wizyta?<\/strong><\/p>\n\n\n\n<p><strong>dr Sebastian Floryn:<\/strong><\/p>\n\n\n\n<p>Je\u017celi mamy do czynienia z ciemn\u0105 przys\u0142on\u0105 przed okiem lub zaw\u0119\u017ceniem pola widzenia \u2013 nale\u017cy jak najszybciej uda\u0107 si\u0119 na ostry dy\u017cur okulistyczny.<\/p>\n\n\n\n<p>Je\u017celi pojawiaj\u0105 si\u0119 same b\u0142yski lub drobne zag\u0119szczenia, nie musi to oznacza\u0107 natychmiastowego zagro\u017cenia.<\/p>\n\n\n\n<p>Ka\u017cdy radykalny, nag\u0142y spadek ostro\u015bci wzroku jest jednak wskazaniem do pilnej konsultacji.<\/p>\n\n\n\n<p><strong>[00:11:20] Mity: \u201eJak przesz\u0142o, to nic si\u0119 nie sta\u0142o\u201d<\/strong><\/p>\n\n\n\n<p><strong>Dariusz Litera:<\/strong><\/p>\n\n\n\n<p>Mit pierwszy \u2013 jak przesz\u0142o, to nic si\u0119 nie sta\u0142o.<\/p>\n\n\n\n<p><strong>dr Sebastian Floryn:<\/strong><\/p>\n\n\n\n<p>Nie zawsze. Mo\u017ce doj\u015b\u0107 do chwilowego zamkni\u0119cia naczynia przez materia\u0142 zatorowy, kt\u00f3ry przemie\u015bci si\u0119 dalej. Widzenie wraca, ale ryzyko ponownego \u2013 by\u0107 mo\u017ce trwa\u0142ego \u2013 zamkni\u0119cia pozostaje.<\/p>\n\n\n\n<p><strong>Dariusz Litera:<\/strong><\/p>\n\n\n\n<p>Drugi mit \u2013 to przem\u0119czenie, przejdzie samo.<\/p>\n\n\n\n<p><strong>dr Sebastian Floryn:<\/strong><\/p>\n\n\n\n<p>Utrzymuj\u0105ca si\u0119 \u201emgie\u0142ka\u201d przed okiem mo\u017ce \u015bwiadczy\u0107 o schorzeniach plamki \u017c\u00f3\u0142tej, takich jak b\u0142ona siatk\u00f3wkowa czy obrz\u0119k. Oczekiwanie, \u017ce samo przejdzie, nie zawsze jest zasadne.<\/p>\n\n\n\n<p><strong>Dariusz Litera:<\/strong><\/p>\n\n\n\n<p>A \u201eprze\u015bpi\u0119 si\u0119 i b\u0119dzie dobrze\u201d?<\/p>\n\n\n\n<p><strong>dr Sebastian Floryn:<\/strong><\/p>\n\n\n\n<p>Ka\u017cda sytuacja jest indywidualna. Jednak przy obci\u0105\u017conym wywiadzie rodzinnym i powa\u017cnych objawach nawet nocna wizyta na ostrym dy\u017curze mo\u017ce by\u0107 uzasadniona.<\/p>\n\n\n\n<p><strong>[00:12:44] Zako\u0144czenie<\/strong><\/p>\n\n\n\n<p><strong>Dariusz Litera:<\/strong><\/p>\n\n\n\n<p>Powiedzia\u0142 w podca\u015bcie CO NA TO TW\u00d3J LEKARZ specjalista okulistyki, dr Sebastian Floryn. Bardzo dzi\u0119kuj\u0119, Panie Doktorze.<\/p>\n\n\n\n<p><strong>dr Sebastian Floryn:<\/strong><\/p>\n\n\n\n<p>Ja r\u00f3wnie\u017c bardzo dzi\u0119kuj\u0119.<\/p>\n\n\n\n<p>Najwa\u017cniejsze wnioski dla pacjent\u00f3w:<\/p>\n\n\n\n<ul class=\"wp-block-list\">\n<li>Nag\u0142e pojawienie si\u0119 ciemnej przys\u0142ony lub zaw\u0119\u017cenia pola widzenia wymaga pilnej konsultacji na ostrym dy\u017curze okulistycznym.<\/li>\n\n\n\n<li>W przypadku zatoru t\u0119tnicy siatk\u00f3wki licz\u0105 si\u0119 godziny.<\/li>\n\n\n\n<li>Nag\u0142y, wyra\u017any spadek ostro\u015bci wzroku to wskazanie do natychmiastowej diagnostyki.<\/li>\n\n\n\n<li>Utrzymuj\u0105ce si\u0119 b\u0142yski, zw\u0142aszcza z towarzysz\u0105c\u0105 \u201esmu\u017ck\u0105 krwi\u201d, mog\u0105 oznacza\u0107 przedarcie siatk\u00f3wki.<\/li>\n\n\n\n<li>Choroby og\u00f3lnoustrojowe (nadci\u015bnienie, zaburzenia lipidowe, cukrzyca) zwi\u0119kszaj\u0105 ryzyko powa\u017cnych powik\u0142a\u0144 okulistycznych.<\/li>\n\n\n\n<li>Osoby z wysok\u0105 kr\u00f3tkowzroczno\u015bci\u0105 powinny regularnie bada\u0107 dno oka.<\/li>\n\n\n\n<li>Ust\u0105pienie objawu nie oznacza, \u017ce problem nie istnia\u0142.<\/li>\n<\/ul>\n\n\n\n<p><strong>Informacja o autorach<\/strong><\/p>\n\n\n\n<p>dr Sebastian Floryn \u2013 lekarz specjalista okulistyki, praktyk kliniczny, zajmuj\u0105cy si\u0119 diagnostyk\u0105 i leczeniem ostrych oraz przewlek\u0142ych schorze\u0144 narz\u0105du wzroku.<\/p>\n\n\n\n<p>Dariusz Litera \u2013 dziennikarz i tw\u00f3rca podcastu medycznego <strong>CO NA TO TW\u00d3J LEKARZ<\/strong>, zajmuj\u0105cy si\u0119 komunikacj\u0105 zdrowotn\u0105 i edukacj\u0105 pacjent\u00f3w.<\/p>\n\n\n\n<p><strong>UWAGA!<\/strong><\/p>\n\n\n\n<p>Materia\u0142 ma charakter edukacyjny. Nie zast\u0119puje indywidualnej konsultacji lekarskiej. Je\u017celi obserwujesz u siebie niepokoj\u0105ce symptomy lub masz obawy dotycz\u0105ce stanu zdrowia skonsultuj si\u0119 z lekarzem.<\/p>\n\n\n\n<p><\/p>\n\n\n\n<p><\/p>\n","protected":false},"excerpt":{"rendered":"<p>\u0423 \u0446\u044c\u043e\u043c\u0443 \u0435\u043f\u0456\u0437\u043e\u0434\u0456 \u043f\u0440\u043e\u0433\u0440\u0430\u043c\u0438 \u00ab\u0429\u041e \u041a\u0410\u0416\u0415 \u0412\u0410\u0428 \u041b\u0406\u041a\u0410\u0420\u00bb \u0414\u0430\u0440\u0456\u0443\u0448 \u041b\u0456\u0442\u0435\u0440\u0430 \u0440\u043e\u0437\u043c\u043e\u0432\u043b\u044f\u0454 \u0437 \u0434\u043e\u043a\u0442\u043e\u0440\u043e\u043c \u0421\u0435\u0431\u0430\u0441\u0442\u044c\u044f\u043d\u043e\u043c \u0424\u043b\u043e\u0440\u0438\u043d\u043e\u043c, \u0441\u043f\u0435\u0446\u0456\u0430\u043b\u0456\u0441\u0442\u043e\u043c \u0437 \u043e\u0444\u0442\u0430\u043b\u044c\u043c\u043e\u043b\u043e\u0433\u0456\u0457, \u043f\u0440\u043e \u0441\u0438\u043c\u043f\u0442\u043e\u043c\u0438, \u044f\u043a\u0456 \u043d\u0435 \u0441\u043b\u0456\u0434 \u0456\u0433\u043d\u043e\u0440\u0443\u0432\u0430\u0442\u0438. \u0415\u043a\u0441\u043f\u0435\u0440\u0442 \u043f\u043e\u044f\u0441\u043d\u044e\u0454, \u043a\u043e\u043b\u0438 \u0441\u043b\u0456\u0434 \u0442\u0435\u0440\u043c\u0456\u043d\u043e\u0432\u043e \u0437\u0432\u0435\u0440\u043d\u0443\u0442\u0438\u0441\u044f \u0437\u0430 \u043c\u0435\u0434\u0438\u0447\u043d\u043e\u044e \u0434\u043e\u043f\u043e\u043c\u043e\u0433\u043e\u044e, \u0447\u043e\u043c\u0443 \u0432 \u0434\u0435\u044f\u043a\u0438\u0445 \u0432\u0438\u043f\u0430\u0434\u043a\u0430\u0445 \u0447\u0430\u0441 \u043c\u0430\u0454 \u0437\u043d\u0430\u0447\u0435\u043d\u043d\u044f \u0442\u0430 \u044f\u043a\u0456 \u0441\u0438\u0441\u0442\u0435\u043c\u043d\u0456 \u0437\u0430\u0445\u0432\u043e\u0440\u044e\u0432\u0430\u043d\u043d\u044f \u043c\u043e\u0436\u0443\u0442\u044c \u043f\u0440\u043e\u044f\u0432\u043b\u044f\u0442\u0438\u0441\u044f \u043e\u0447\u043d\u0438\u043c\u0438 \u0441\u0438\u043c\u043f\u0442\u043e\u043c\u0430\u043c\u0438.<\/p>","protected":false},"author":9,"featured_media":11336,"comment_status":"closed","ping_status":"closed","sticky":false,"template":"","format":"standard","meta":{"_jetpack_memberships_contains_paid_content":false,"footnotes":"","_wp_rev_ctl_limit":""},"categories":[524],"tags":[605,540,606,611,609,610,539,542,612,607,608],"class_list":["post-11342","post","type-post","status-publish","format-standard","has-post-thumbnail","hentry","category-transkrypty-podcastow","tag-badaniednaoka","tag-conatotwojlekarz-2","tag-laseroterapiaoka","tag-naglepogorszeniewzroku","tag-odwarstwieniesiatkowki","tag-okulistyka-2","tag-promocjazdrowia-2","tag-twojlekarz","tag-ubytkipolawidzenia","tag-zaburzeniawidzenia","tag-zdrowiewzroku"],"yoast_head":"<!-- This site is optimized with the Yoast SEO plugin v27.3 - https:\/\/yoast.com\/product\/yoast-seo-wordpress\/ -->\n<title>04.03.2026 | Nag\u0142e pogorszenie widzenia. Kiedy liczy si\u0119 szybka reakcja. - Przychodnia NZOZ &quot;Tw\u00f3j Lekarz&quot; sp. z o.o.<\/title>\n<meta name=\"robots\" content=\"index, follow, max-snippet:-1, max-image-preview:large, max-video-preview:-1\" \/>\n<link rel=\"canonical\" href=\"https:\/\/twojlekarz.net\/uk\/04-03-2026-nagle-pogorszenie-widzenia-kiedy-liczy-sie-szybka-reakcja\/\" \/>\n<meta property=\"og:locale\" content=\"uk_UA\" \/>\n<meta property=\"og:type\" content=\"article\" \/>\n<meta property=\"og:title\" content=\"04.03.2026 | Nag\u0142e pogorszenie widzenia. Kiedy liczy si\u0119 szybka reakcja. - Przychodnia NZOZ &quot;Tw\u00f3j Lekarz&quot; sp. z o.o.\" \/>\n<meta property=\"og:description\" content=\"W tym odcinku CO NA TO TW\u00d3J LEKARZ Dariusz Litera rozmawia z dr. Sebastianem Florynem, specjalist\u0105 okulistyki, o objawach, kt\u00f3rych nie wolno ignorowa\u0107. Ekspert wyja\u015bnia, kiedy nale\u017cy pilnie zg\u0142osi\u0107 si\u0119 na ostry dy\u017cur okulistyczny, dlaczego w niekt\u00f3rych przypadkach licz\u0105 si\u0119 godziny oraz jakie choroby og\u00f3lnoustrojowe mog\u0105 ujawnia\u0107 si\u0119 poprzez objawy ze strony oka.\" \/>\n<meta property=\"og:url\" content=\"https:\/\/twojlekarz.net\/uk\/04-03-2026-nagle-pogorszenie-widzenia-kiedy-liczy-sie-szybka-reakcja\/\" \/>\n<meta property=\"og:site_name\" content=\"Przychodnia NZOZ &quot;Tw\u00f3j Lekarz&quot; sp. z o.o.\" \/>\n<meta property=\"article:publisher\" content=\"https:\/\/www.facebook.com\/NZOZTwojLekarz\/\" \/>\n<meta property=\"article:published_time\" content=\"2026-03-04T04:51:00+00:00\" \/>\n<meta property=\"og:image\" content=\"https:\/\/i0.wp.com\/twojlekarz.net\/wp-content\/uploads\/OKULISTA-FOTO.png?fit=900%2C450&ssl=1\" \/>\n\t<meta property=\"og:image:width\" content=\"900\" \/>\n\t<meta property=\"og:image:height\" content=\"450\" \/>\n\t<meta property=\"og:image:type\" content=\"image\/png\" \/>\n<meta name=\"author\" content=\"NZOZ &quot;Tw\u00f3j Lekarz&quot;\" \/>\n<meta name=\"twitter:card\" content=\"summary_large_image\" \/>\n<meta name=\"twitter:label1\" content=\"\u041d\u0430\u043f\u0438\u0441\u0430\u043d\u043e\" \/>\n\t<meta name=\"twitter:data1\" content=\"NZOZ &quot;Tw\u00f3j Lekarz&quot;\" \/>\n\t<meta name=\"twitter:label2\" content=\"\u041f\u0440\u0438\u0431\u043b. \u0447\u0430\u0441 \u0447\u0438\u0442\u0430\u043d\u043d\u044f\" \/>\n\t<meta name=\"twitter:data2\" content=\"9 \u0445\u0432\u0438\u043b\u0438\u043d\" \/>\n<script type=\"application\/ld+json\" class=\"yoast-schema-graph\">{\"@context\":\"https:\\\/\\\/schema.org\",\"@graph\":[{\"@type\":\"Article\",\"@id\":\"https:\\\/\\\/twojlekarz.net\\\/04-03-2026-nagle-pogorszenie-widzenia-kiedy-liczy-sie-szybka-reakcja\\\/#article\",\"isPartOf\":{\"@id\":\"https:\\\/\\\/twojlekarz.net\\\/04-03-2026-nagle-pogorszenie-widzenia-kiedy-liczy-sie-szybka-reakcja\\\/\"},\"author\":{\"name\":\"NZOZ \\\"Tw\u00f3j Lekarz\\\"\",\"@id\":\"https:\\\/\\\/twojlekarz.net\\\/#\\\/schema\\\/person\\\/4872e4157107aad4013c32ac52a4b9b4\"},\"headline\":\"04.03.2026 | Nag\u0142e pogorszenie widzenia. Kiedy liczy si\u0119 szybka reakcja.\",\"datePublished\":\"2026-03-04T04:51:00+00:00\",\"mainEntityOfPage\":{\"@id\":\"https:\\\/\\\/twojlekarz.net\\\/04-03-2026-nagle-pogorszenie-widzenia-kiedy-liczy-sie-szybka-reakcja\\\/\"},\"wordCount\":1636,\"publisher\":{\"@id\":\"https:\\\/\\\/twojlekarz.net\\\/#organization\"},\"image\":{\"@id\":\"https:\\\/\\\/twojlekarz.net\\\/04-03-2026-nagle-pogorszenie-widzenia-kiedy-liczy-sie-szybka-reakcja\\\/#primaryimage\"},\"thumbnailUrl\":\"https:\\\/\\\/i0.wp.com\\\/twojlekarz.net\\\/wp-content\\\/uploads\\\/OKULISTA-FOTO.png?fit=900%2C450&ssl=1\",\"keywords\":[\"#badaniednaoka\",\"#CoNaToTw\u00f3jLekarz\",\"#laseroterapiaoka\",\"#nag\u0142epogorszeniewzroku\",\"#odwarstwieniesiatk\u00f3wki\",\"#okulistyka\",\"#promocjazdrowia\",\"#Tw\u00f3jLekarz\",\"#ubytkipolawidzenia\",\"#zaburzeniawidzenia\",\"#zdrowiewzroku\"],\"articleSection\":[\"Transkrypty podcast\u00f3w\"],\"inLanguage\":\"uk\"},{\"@type\":\"WebPage\",\"@id\":\"https:\\\/\\\/twojlekarz.net\\\/04-03-2026-nagle-pogorszenie-widzenia-kiedy-liczy-sie-szybka-reakcja\\\/\",\"url\":\"https:\\\/\\\/twojlekarz.net\\\/04-03-2026-nagle-pogorszenie-widzenia-kiedy-liczy-sie-szybka-reakcja\\\/\",\"name\":\"04.03.2026 | Nag\u0142e pogorszenie widzenia. Kiedy liczy si\u0119 szybka reakcja. - Przychodnia NZOZ &quot;Tw\u00f3j Lekarz&quot; sp. z o.o.\",\"isPartOf\":{\"@id\":\"https:\\\/\\\/twojlekarz.net\\\/#website\"},\"primaryImageOfPage\":{\"@id\":\"https:\\\/\\\/twojlekarz.net\\\/04-03-2026-nagle-pogorszenie-widzenia-kiedy-liczy-sie-szybka-reakcja\\\/#primaryimage\"},\"image\":{\"@id\":\"https:\\\/\\\/twojlekarz.net\\\/04-03-2026-nagle-pogorszenie-widzenia-kiedy-liczy-sie-szybka-reakcja\\\/#primaryimage\"},\"thumbnailUrl\":\"https:\\\/\\\/i0.wp.com\\\/twojlekarz.net\\\/wp-content\\\/uploads\\\/OKULISTA-FOTO.png?fit=900%2C450&ssl=1\",\"datePublished\":\"2026-03-04T04:51:00+00:00\",\"breadcrumb\":{\"@id\":\"https:\\\/\\\/twojlekarz.net\\\/04-03-2026-nagle-pogorszenie-widzenia-kiedy-liczy-sie-szybka-reakcja\\\/#breadcrumb\"},\"inLanguage\":\"uk\",\"potentialAction\":[{\"@type\":\"ReadAction\",\"target\":[\"https:\\\/\\\/twojlekarz.net\\\/04-03-2026-nagle-pogorszenie-widzenia-kiedy-liczy-sie-szybka-reakcja\\\/\"]}]},{\"@type\":\"ImageObject\",\"inLanguage\":\"uk\",\"@id\":\"https:\\\/\\\/twojlekarz.net\\\/04-03-2026-nagle-pogorszenie-widzenia-kiedy-liczy-sie-szybka-reakcja\\\/#primaryimage\",\"url\":\"https:\\\/\\\/i0.wp.com\\\/twojlekarz.net\\\/wp-content\\\/uploads\\\/OKULISTA-FOTO.png?fit=900%2C450&ssl=1\",\"contentUrl\":\"https:\\\/\\\/i0.wp.com\\\/twojlekarz.net\\\/wp-content\\\/uploads\\\/OKULISTA-FOTO.png?fit=900%2C450&ssl=1\",\"width\":900,\"height\":450},{\"@type\":\"BreadcrumbList\",\"@id\":\"https:\\\/\\\/twojlekarz.net\\\/04-03-2026-nagle-pogorszenie-widzenia-kiedy-liczy-sie-szybka-reakcja\\\/#breadcrumb\",\"itemListElement\":[{\"@type\":\"ListItem\",\"position\":1,\"name\":\"Strona g\u0142\u00f3wna\",\"item\":\"https:\\\/\\\/twojlekarz.net\\\/\"},{\"@type\":\"ListItem\",\"position\":2,\"name\":\"04.03.2026 | Nag\u0142e pogorszenie widzenia. Kiedy liczy si\u0119 szybka reakcja.\"}]},{\"@type\":\"WebSite\",\"@id\":\"https:\\\/\\\/twojlekarz.net\\\/#website\",\"url\":\"https:\\\/\\\/twojlekarz.net\\\/\",\"name\":\"Przychodnia NZOZ \\\"Tw\u00f3j Lekarz\\\" sp. z o.o.\",\"description\":\"\",\"publisher\":{\"@id\":\"https:\\\/\\\/twojlekarz.net\\\/#organization\"},\"potentialAction\":[{\"@type\":\"SearchAction\",\"target\":{\"@type\":\"EntryPoint\",\"urlTemplate\":\"https:\\\/\\\/twojlekarz.net\\\/?s={search_term_string}\"},\"query-input\":{\"@type\":\"PropertyValueSpecification\",\"valueRequired\":true,\"valueName\":\"search_term_string\"}}],\"inLanguage\":\"uk\"},{\"@type\":\"Organization\",\"@id\":\"https:\\\/\\\/twojlekarz.net\\\/#organization\",\"name\":\"Przychodnia NZOZ \\\"Tw\u00f3j Lekarz\\\" sp. z o.o.\",\"url\":\"https:\\\/\\\/twojlekarz.net\\\/\",\"logo\":{\"@type\":\"ImageObject\",\"inLanguage\":\"uk\",\"@id\":\"https:\\\/\\\/twojlekarz.net\\\/#\\\/schema\\\/logo\\\/image\\\/\",\"url\":\"https:\\\/\\\/i0.wp.com\\\/twojlekarz.net\\\/wp-content\\\/uploads\\\/twoj-lekarz-logo2-e1448917738554.jpg?fit=200%2C71&ssl=1\",\"contentUrl\":\"https:\\\/\\\/i0.wp.com\\\/twojlekarz.net\\\/wp-content\\\/uploads\\\/twoj-lekarz-logo2-e1448917738554.jpg?fit=200%2C71&ssl=1\",\"width\":200,\"height\":71,\"caption\":\"Przychodnia NZOZ \\\"Tw\u00f3j Lekarz\\\" sp. z o.o.\"},\"image\":{\"@id\":\"https:\\\/\\\/twojlekarz.net\\\/#\\\/schema\\\/logo\\\/image\\\/\"},\"sameAs\":[\"https:\\\/\\\/www.facebook.com\\\/NZOZTwojLekarz\\\/\"]},{\"@type\":\"Person\",\"@id\":\"https:\\\/\\\/twojlekarz.net\\\/#\\\/schema\\\/person\\\/4872e4157107aad4013c32ac52a4b9b4\",\"name\":\"NZOZ \\\"Tw\u00f3j Lekarz\\\"\",\"image\":{\"@type\":\"ImageObject\",\"inLanguage\":\"uk\",\"@id\":\"https:\\\/\\\/secure.gravatar.com\\\/avatar\\\/9465837260f6ae13894c21dc64ea0fd37fae2ef5730310619b4823c3909befd4?s=96&d=mm&r=g\",\"url\":\"https:\\\/\\\/secure.gravatar.com\\\/avatar\\\/9465837260f6ae13894c21dc64ea0fd37fae2ef5730310619b4823c3909befd4?s=96&d=mm&r=g\",\"contentUrl\":\"https:\\\/\\\/secure.gravatar.com\\\/avatar\\\/9465837260f6ae13894c21dc64ea0fd37fae2ef5730310619b4823c3909befd4?s=96&d=mm&r=g\",\"caption\":\"NZOZ \\\"Tw\u00f3j Lekarz\\\"\"},\"url\":\"https:\\\/\\\/twojlekarz.net\\\/uk\\\/author\\\/twojlekarz\\\/\"}]}<\/script>\n<!-- \/ Yoast SEO plugin. -->","yoast_head_json":{"title":"04.03.2026 | Nag\u0142e pogorszenie widzenia. Kiedy liczy si\u0119 szybka reakcja. - Przychodnia NZOZ &quot;Tw\u00f3j Lekarz&quot; sp. z o.o.","robots":{"index":"index","follow":"follow","max-snippet":"max-snippet:-1","max-image-preview":"max-image-preview:large","max-video-preview":"max-video-preview:-1"},"canonical":"https:\/\/twojlekarz.net\/uk\/04-03-2026-nagle-pogorszenie-widzenia-kiedy-liczy-sie-szybka-reakcja\/","og_locale":"uk_UA","og_type":"article","og_title":"04.03.2026 | Nag\u0142e pogorszenie widzenia. Kiedy liczy si\u0119 szybka reakcja. - Przychodnia NZOZ &quot;Tw\u00f3j Lekarz&quot; sp. z o.o.","og_description":"W tym odcinku CO NA TO TW\u00d3J LEKARZ Dariusz Litera rozmawia z dr. Sebastianem Florynem, specjalist\u0105 okulistyki, o objawach, kt\u00f3rych nie wolno ignorowa\u0107. Ekspert wyja\u015bnia, kiedy nale\u017cy pilnie zg\u0142osi\u0107 si\u0119 na ostry dy\u017cur okulistyczny, dlaczego w niekt\u00f3rych przypadkach licz\u0105 si\u0119 godziny oraz jakie choroby og\u00f3lnoustrojowe mog\u0105 ujawnia\u0107 si\u0119 poprzez objawy ze strony oka.","og_url":"https:\/\/twojlekarz.net\/uk\/04-03-2026-nagle-pogorszenie-widzenia-kiedy-liczy-sie-szybka-reakcja\/","og_site_name":"Przychodnia NZOZ &quot;Tw\u00f3j Lekarz&quot; sp. z o.o.","article_publisher":"https:\/\/www.facebook.com\/NZOZTwojLekarz\/","article_published_time":"2026-03-04T04:51:00+00:00","og_image":[{"width":900,"height":450,"url":"https:\/\/i0.wp.com\/twojlekarz.net\/wp-content\/uploads\/OKULISTA-FOTO.png?fit=900%2C450&ssl=1","type":"image\/png"}],"author":"NZOZ \"Tw\u00f3j Lekarz\"","twitter_card":"summary_large_image","twitter_misc":{"\u041d\u0430\u043f\u0438\u0441\u0430\u043d\u043e":"NZOZ \"Tw\u00f3j Lekarz\"","\u041f\u0440\u0438\u0431\u043b. \u0447\u0430\u0441 \u0447\u0438\u0442\u0430\u043d\u043d\u044f":"9 \u0445\u0432\u0438\u043b\u0438\u043d"},"schema":{"@context":"https:\/\/schema.org","@graph":[{"@type":"Article","@id":"https:\/\/twojlekarz.net\/04-03-2026-nagle-pogorszenie-widzenia-kiedy-liczy-sie-szybka-reakcja\/#article","isPartOf":{"@id":"https:\/\/twojlekarz.net\/04-03-2026-nagle-pogorszenie-widzenia-kiedy-liczy-sie-szybka-reakcja\/"},"author":{"name":"NZOZ \"Tw\u00f3j Lekarz\"","@id":"https:\/\/twojlekarz.net\/#\/schema\/person\/4872e4157107aad4013c32ac52a4b9b4"},"headline":"04.03.2026 | Nag\u0142e pogorszenie widzenia. Kiedy liczy si\u0119 szybka reakcja.","datePublished":"2026-03-04T04:51:00+00:00","mainEntityOfPage":{"@id":"https:\/\/twojlekarz.net\/04-03-2026-nagle-pogorszenie-widzenia-kiedy-liczy-sie-szybka-reakcja\/"},"wordCount":1636,"publisher":{"@id":"https:\/\/twojlekarz.net\/#organization"},"image":{"@id":"https:\/\/twojlekarz.net\/04-03-2026-nagle-pogorszenie-widzenia-kiedy-liczy-sie-szybka-reakcja\/#primaryimage"},"thumbnailUrl":"https:\/\/i0.wp.com\/twojlekarz.net\/wp-content\/uploads\/OKULISTA-FOTO.png?fit=900%2C450&ssl=1","keywords":["#badaniednaoka","#CoNaToTw\u00f3jLekarz","#laseroterapiaoka","#nag\u0142epogorszeniewzroku","#odwarstwieniesiatk\u00f3wki","#okulistyka","#promocjazdrowia","#Tw\u00f3jLekarz","#ubytkipolawidzenia","#zaburzeniawidzenia","#zdrowiewzroku"],"articleSection":["Transkrypty podcast\u00f3w"],"inLanguage":"uk"},{"@type":"WebPage","@id":"https:\/\/twojlekarz.net\/04-03-2026-nagle-pogorszenie-widzenia-kiedy-liczy-sie-szybka-reakcja\/","url":"https:\/\/twojlekarz.net\/04-03-2026-nagle-pogorszenie-widzenia-kiedy-liczy-sie-szybka-reakcja\/","name":"04.03.2026 | Nag\u0142e pogorszenie widzenia. Kiedy liczy si\u0119 szybka reakcja. - Przychodnia NZOZ &quot;Tw\u00f3j Lekarz&quot; sp. z o.o.","isPartOf":{"@id":"https:\/\/twojlekarz.net\/#website"},"primaryImageOfPage":{"@id":"https:\/\/twojlekarz.net\/04-03-2026-nagle-pogorszenie-widzenia-kiedy-liczy-sie-szybka-reakcja\/#primaryimage"},"image":{"@id":"https:\/\/twojlekarz.net\/04-03-2026-nagle-pogorszenie-widzenia-kiedy-liczy-sie-szybka-reakcja\/#primaryimage"},"thumbnailUrl":"https:\/\/i0.wp.com\/twojlekarz.net\/wp-content\/uploads\/OKULISTA-FOTO.png?fit=900%2C450&ssl=1","datePublished":"2026-03-04T04:51:00+00:00","breadcrumb":{"@id":"https:\/\/twojlekarz.net\/04-03-2026-nagle-pogorszenie-widzenia-kiedy-liczy-sie-szybka-reakcja\/#breadcrumb"},"inLanguage":"uk","potentialAction":[{"@type":"ReadAction","target":["https:\/\/twojlekarz.net\/04-03-2026-nagle-pogorszenie-widzenia-kiedy-liczy-sie-szybka-reakcja\/"]}]},{"@type":"ImageObject","inLanguage":"uk","@id":"https:\/\/twojlekarz.net\/04-03-2026-nagle-pogorszenie-widzenia-kiedy-liczy-sie-szybka-reakcja\/#primaryimage","url":"https:\/\/i0.wp.com\/twojlekarz.net\/wp-content\/uploads\/OKULISTA-FOTO.png?fit=900%2C450&ssl=1","contentUrl":"https:\/\/i0.wp.com\/twojlekarz.net\/wp-content\/uploads\/OKULISTA-FOTO.png?fit=900%2C450&ssl=1","width":900,"height":450},{"@type":"BreadcrumbList","@id":"https:\/\/twojlekarz.net\/04-03-2026-nagle-pogorszenie-widzenia-kiedy-liczy-sie-szybka-reakcja\/#breadcrumb","itemListElement":[{"@type":"ListItem","position":1,"name":"Strona g\u0142\u00f3wna","item":"https:\/\/twojlekarz.net\/"},{"@type":"ListItem","position":2,"name":"04.03.2026 | Nag\u0142e pogorszenie widzenia. Kiedy liczy si\u0119 szybka reakcja."}]},{"@type":"WebSite","@id":"https:\/\/twojlekarz.net\/#website","url":"https:\/\/twojlekarz.net\/","name":"\u041a\u043b\u0456\u043d\u0456\u043a\u0430 NZOZ &quot;Tw\u00f3j Doktor&quot; sp","description":"","publisher":{"@id":"https:\/\/twojlekarz.net\/#organization"},"potentialAction":[{"@type":"SearchAction","target":{"@type":"EntryPoint","urlTemplate":"https:\/\/twojlekarz.net\/?s={search_term_string}"},"query-input":{"@type":"PropertyValueSpecification","valueRequired":true,"valueName":"search_term_string"}}],"inLanguage":"uk"},{"@type":"Organization","@id":"https:\/\/twojlekarz.net\/#organization","name":"\u041a\u043b\u0456\u043d\u0456\u043a\u0430 NZOZ &quot;Tw\u00f3j Doktor&quot; sp","url":"https:\/\/twojlekarz.net\/","logo":{"@type":"ImageObject","inLanguage":"uk","@id":"https:\/\/twojlekarz.net\/#\/schema\/logo\/image\/","url":"https:\/\/i0.wp.com\/twojlekarz.net\/wp-content\/uploads\/twoj-lekarz-logo2-e1448917738554.jpg?fit=200%2C71&ssl=1","contentUrl":"https:\/\/i0.wp.com\/twojlekarz.net\/wp-content\/uploads\/twoj-lekarz-logo2-e1448917738554.jpg?fit=200%2C71&ssl=1","width":200,"height":71,"caption":"Przychodnia NZOZ \"Tw\u00f3j Lekarz\" sp. z o.o."},"image":{"@id":"https:\/\/twojlekarz.net\/#\/schema\/logo\/image\/"},"sameAs":["https:\/\/www.facebook.com\/NZOZTwojLekarz\/"]},{"@type":"Person","@id":"https:\/\/twojlekarz.net\/#\/schema\/person\/4872e4157107aad4013c32ac52a4b9b4","name":"\u041d\u0417\u041e\u0417 &quot;\u0412\u0430\u0448 \u041b\u0456\u043a\u0430\u0440&quot;","image":{"@type":"ImageObject","inLanguage":"uk","@id":"https:\/\/secure.gravatar.com\/avatar\/9465837260f6ae13894c21dc64ea0fd37fae2ef5730310619b4823c3909befd4?s=96&d=mm&r=g","url":"https:\/\/secure.gravatar.com\/avatar\/9465837260f6ae13894c21dc64ea0fd37fae2ef5730310619b4823c3909befd4?s=96&d=mm&r=g","contentUrl":"https:\/\/secure.gravatar.com\/avatar\/9465837260f6ae13894c21dc64ea0fd37fae2ef5730310619b4823c3909befd4?s=96&d=mm&r=g","caption":"NZOZ \"Tw\u00f3j Lekarz\""},"url":"https:\/\/twojlekarz.net\/uk\/author\/twojlekarz\/"}]}},"jetpack_featured_media_url":"https:\/\/i0.wp.com\/twojlekarz.net\/wp-content\/uploads\/OKULISTA-FOTO.png?fit=900%2C450&ssl=1","jetpack_sharing_enabled":true,"_links":{"self":[{"href":"https:\/\/twojlekarz.net\/uk\/wp-json\/wp\/v2\/posts\/11342","targetHints":{"allow":["GET"]}}],"collection":[{"href":"https:\/\/twojlekarz.net\/uk\/wp-json\/wp\/v2\/posts"}],"about":[{"href":"https:\/\/twojlekarz.net\/uk\/wp-json\/wp\/v2\/types\/post"}],"author":[{"embeddable":true,"href":"https:\/\/twojlekarz.net\/uk\/wp-json\/wp\/v2\/users\/9"}],"replies":[{"embeddable":true,"href":"https:\/\/twojlekarz.net\/uk\/wp-json\/wp\/v2\/comments?post=11342"}],"version-history":[{"count":1,"href":"https:\/\/twojlekarz.net\/uk\/wp-json\/wp\/v2\/posts\/11342\/revisions"}],"predecessor-version":[{"id":11343,"href":"https:\/\/twojlekarz.net\/uk\/wp-json\/wp\/v2\/posts\/11342\/revisions\/11343"}],"wp:featuredmedia":[{"embeddable":true,"href":"https:\/\/twojlekarz.net\/uk\/wp-json\/wp\/v2\/media\/11336"}],"wp:attachment":[{"href":"https:\/\/twojlekarz.net\/uk\/wp-json\/wp\/v2\/media?parent=11342"}],"wp:term":[{"taxonomy":"category","embeddable":true,"href":"https:\/\/twojlekarz.net\/uk\/wp-json\/wp\/v2\/categories?post=11342"},{"taxonomy":"post_tag","embeddable":true,"href":"https:\/\/twojlekarz.net\/uk\/wp-json\/wp\/v2\/tags?post=11342"}],"curies":[{"name":"\u0412\u041f","href":"https:\/\/api.w.org\/{rel}","templated":true}]}}